{"id":15551,"date":"2018-10-19T12:32:27","date_gmt":"2018-10-19T15:32:27","guid":{"rendered":"http:\/\/creapb.org.br\/?p=15551"},"modified":"2018-10-19T12:32:27","modified_gmt":"2018-10-19T15:32:27","slug":"colaboradores-sao-apresentados-ao-novo-app-do-crea-pb","status":"publish","type":"post","link":"https:\/\/creapb.org.br\/site\/colaboradores-sao-apresentados-ao-novo-app-do-crea-pb\/","title":{"rendered":"Colaboradores s\u00e3o apresentados ao novo APP do Crea-PB"},"content":{"rendered":"<p><img fetchpriority=\"high\" decoding=\"async\" class=\"alignleft  wp-image-15552\" src=\"https:\/\/creapb.org.br\/site\/wp-content\/uploads\/2018\/10\/marcelo-pessoa.jpg\" alt=\"\" width=\"366\" height=\"400\" srcset=\"https:\/\/creapb.org.br\/site\/wp-content\/uploads\/2018\/10\/marcelo-pessoa.jpg 718w, https:\/\/creapb.org.br\/site\/wp-content\/uploads\/2018\/10\/marcelo-pessoa-274x300.jpg 274w\" sizes=\"(max-width: 366px) 100vw, 366px\" \/><\/p>\n<p>Nesta sexta-feira (19), colaboradores do Crea-PB foram apresentados ao Crea-APP, um aplicativo para dispositivos m\u00f3veis que estar\u00e1 dispon\u00edvel a partir de segunda-feira (23) para profissionais, empresas e a sociedade em geral. A ferramenta foi apresentada por seu criador, o gerente de TI do Crea-AC, Marcelo Pessoa, e pelo gerente de TI do Crea-PB, Josimar Sobrinho.\u00a0Desenvolvido no\u00a0Regional acreano, o aplicativo foi cedido gratuitamente ao Crea-PB pela presidente Carminda Pinheiro e j\u00e1 foi implantado em outros 14 Creas do Brasil com o apoio da M\u00fatua.<\/p>\n<p>Participaram da exposi\u00e7\u00e3o\u00a0as Ger\u00eancias de Fiscaliza\u00e7\u00e3o, Projetos, Atendimento, Assessorias T\u00e9cnica, Institucional, al\u00e9m da Ouvidoria e Chefia de Gabinete.\u00a0Segundo Josimar Sobrinho, o\u00a0App vai facilitar a rela\u00e7\u00e3o entre os profissionais e a institui\u00e7\u00e3o, permitindo o acesso ao canal de den\u00fancias, consulta de servi\u00e7os, not\u00edcias e destaques, informa\u00e7\u00f5es institucionais, contato com ouvidoria, endere\u00e7o da sede e inspetorias, legisla\u00e7\u00f5es e normas profissionais, entre outros. Na ocasi\u00e3o, Marcelo Pessoa apresentou todos os m\u00f3dulos que estar\u00e3o dispon\u00edveis na ferramenta e explicou como foi feita a customiza\u00e7\u00e3o para o Crea-PB.<\/p>\n<h3><strong>O aplicativo\u00a0<\/strong><\/h3>\n<p>A partir de segunda-feira (23), o aplicativo estar\u00e1 dispon\u00edvel para download gratuito nas lojas de Apps dos sistemas Android e Ios. V\u00e1rios servi\u00e7os do Crea-PB poder\u00e3o ser acessados atrav\u00e9s do smartphone. Um dos mais importantes \u00e9 o canal de den\u00fancias de obras e servi\u00e7os, que conta com georreferenciamento e op\u00e7\u00e3o de anexar fotos tiradas atrav\u00e9s do pr\u00f3prio App ou do celular.\u00a0\u00a0Ao final do cadastro da den\u00fancia \u00e9 gerado um protocolo, possibilitando o recebimento de informa\u00e7\u00f5es sobre o seu andamento.<\/p>\n<p>O novo aplicativo tamb\u00e9m permite a consulta de profissionais registrados (por nome ou pela carteira profissional), consulta da situa\u00e7\u00e3o cadastral de empresas, consultar a autenticidade de documentos,\u00a0 os tr\u00e2mites de protocolos ou localizar alguma Anota\u00e7\u00e3o de Responsabilidade T\u00e9cnica (ART), emitir boletos\u00a0e receber not\u00edcias do Crea-PB.<\/p>\n<p>&nbsp;<\/p>\n<p><em>Grazielle Uch\u00f4a\/Assessoria de Comunica\u00e7\u00e3o do Crea-PB<\/em><\/p>\n<p>&nbsp;<\/p>\n","protected":false},"excerpt":{"rendered":"<p>Nesta sexta-feira (19), colaboradores do Crea-PB foram apresentados ao Crea-APP, um aplicativo para dispositivos m\u00f3veis que estar\u00e1 dispon\u00edvel a partir de segunda-feira (23) para profissionais, empresas e a sociedade em geral. A ferramenta foi apresentada por seu criador, o gerente de TI do Crea-AC, Marcelo Pessoa, e pelo gerente de TI do Crea-PB, Josimar Sobrinho.\u00a0Desenvolvido no\u00a0Regional acreano, o aplicativo foi cedido gratuitamente ao Crea-PB pela presidente Carminda Pinheiro e j\u00e1 foi implantado em outros 14 Creas do Brasil com o apoio da M\u00fatua. Participaram da exposi\u00e7\u00e3o\u00a0as Ger\u00eancias de Fiscaliza\u00e7\u00e3o, Projetos, Atendimento, Assessorias T\u00e9cnica, Institucional, al\u00e9m da Ouvidoria e Chefia de [&hellip;]<\/p>\n","protected":false},"author":2,"featured_media":15552,"comment_status":"open","ping_status":"open","sticky":false,"template":"","format":"standard","meta":{"_acf_changed":false,"footnotes":""},"categories":[9],"tags":[],"class_list":["post-15551","post","type-post","status-publish","format-standard","has-post-thumbnail","hentry","category-noticias"],"acf":[],"_links":{"self":[{"href":"https:\/\/creapb.org.br\/site\/wp-json\/wp\/v2\/posts\/15551","targetHints":{"allow":["GET"]}}],"collection":[{"href":"https:\/\/creapb.org.br\/site\/wp-json\/wp\/v2\/posts"}],"about":[{"href":"https:\/\/creapb.org.br\/site\/wp-json\/wp\/v2\/types\/post"}],"author":[{"embeddable":true,"href":"https:\/\/creapb.org.br\/site\/wp-json\/wp\/v2\/users\/2"}],"replies":[{"embeddable":true,"href":"https:\/\/creapb.org.br\/site\/wp-json\/wp\/v2\/comments?post=15551"}],"version-history":[{"count":2,"href":"https:\/\/creapb.org.br\/site\/wp-json\/wp\/v2\/posts\/15551\/revisions"}],"predecessor-version":[{"id":15554,"href":"https:\/\/creapb.org.br\/site\/wp-json\/wp\/v2\/posts\/15551\/revisions\/15554"}],"wp:featuredmedia":[{"embeddable":true,"href":"https:\/\/creapb.org.br\/site\/wp-json\/wp\/v2\/media\/15552"}],"wp:attachment":[{"href":"https:\/\/creapb.org.br\/site\/wp-json\/wp\/v2\/media?parent=15551"}],"wp:term":[{"taxonomy":"category","embeddable":true,"href":"https:\/\/creapb.org.br\/site\/wp-json\/wp\/v2\/categories?post=15551"},{"taxonomy":"post_tag","embeddable":true,"href":"https:\/\/creapb.org.br\/site\/wp-json\/wp\/v2\/tags?post=15551"}],"curies":[{"name":"wp","href":"https:\/\/api.w.org\/{rel}","templated":true}]}}