{"id":15571,"date":"2018-10-24T12:45:40","date_gmt":"2018-10-24T15:45:40","guid":{"rendered":"http:\/\/creapb.org.br\/?p=15571"},"modified":"2018-10-24T12:49:29","modified_gmt":"2018-10-24T15:49:29","slug":"confea-e-dnpm-assinam-termo-de-cooperacao","status":"publish","type":"post","link":"https:\/\/creapb.org.br\/site\/confea-e-dnpm-assinam-termo-de-cooperacao\/","title":{"rendered":"Confea e DNPM assinam termo de coopera\u00e7\u00e3o"},"content":{"rendered":"<p><img fetchpriority=\"high\" decoding=\"async\" class=\"alignleft size-full wp-image-15572\" src=\"https:\/\/creapb.org.br\/site\/wp-content\/uploads\/2018\/10\/Confea_DNPM_Manaus.jpg\" alt=\"\" width=\"490\" height=\"326\" srcset=\"https:\/\/creapb.org.br\/site\/wp-content\/uploads\/2018\/10\/Confea_DNPM_Manaus.jpg 490w, https:\/\/creapb.org.br\/site\/wp-content\/uploads\/2018\/10\/Confea_DNPM_Manaus-300x200.jpg 300w\" sizes=\"(max-width: 490px) 100vw, 490px\" \/>\u00a0A integra\u00e7\u00e3o das atividades de fiscaliza\u00e7\u00e3o na \u00e1rea de pesquisa e lavra mineral e do exerc\u00edcio profissional de ge\u00f3logos e engenheiros de minas \u00e9 o teor do Termo de Coopera\u00e7\u00e3o, assinado entre o Confea e o DNPM (Departamento Nacional de Produ\u00e7\u00e3o Mineral). A assinatura foi realizada na quinta-feira (18), durante a realiza\u00e7\u00e3o, em Manaus (AM),\u00a0 da 5\u00aa reuni\u00e3o do Col\u00e9gio de Presidentes do Sistema Confea\/Crea e M\u00fatua.<\/p>\n<p>Joel Kr\u00fcger, presidente do Confea, e Paulo Santana, ouvidor do DNPM, se comprometeram a trocar informa\u00e7\u00f5es sobre as atividades das empresas e dos profissionais da \u00e1rea da minera\u00e7\u00e3o, al\u00e9m de formalizar a inten\u00e7\u00e3o dos dois \u00f3rg\u00e3os em colaborar com a fiscaliza\u00e7\u00e3o do exerc\u00edcio profissional da Geologia e da Engenharia de Minas.<\/p>\n<p>Segundo o coordenador da C\u00e2mara de Geologia e Minas do Crea-PB, Ant\u00f4nio Pedro de Sousa, a coopera\u00e7\u00e3o entre\u00a0as entidades trar\u00e1 chances reais de erradica\u00e7\u00e3o da informalidade no setor mineral. &#8220;A Ag\u00eancia Nacional de Minera\u00e7\u00e3o \u00e9 quem faz a pol\u00edtica mineral do Pa\u00eds. Se n\u00e3o houver essa integra\u00e7\u00e3o, n\u00e3o vai ser poss\u00edvel para o Crea fiscalizar muitos estabelecimentos, que n\u00e3o deixam sequer nossos fiscais entrarem. Esse \u00e9 um primeiro passo importante, que ser\u00e1 agregado a parcerias com o Minist\u00e9rio P\u00fablico e outros \u00f3rg\u00e3os ambientais&#8221;, avalia o engenheiro de Minas, que lembra que o pontap\u00e9 inicial para a assinatura do Termo de Coopera\u00e7\u00e3o foi dado a partir de uma demanda do Crea-PB junto \u00e0 coordenadora nacional de c\u00e2maras especializadas de Geologia e Minas.<\/p>\n<p>&#8220;Tudo come\u00e7ou, na verdade, em um semin\u00e1rio de conselheiros promovido pelo Crea-PB. Levantamentos o assunto da minera\u00e7\u00e3o durante o evento e fizemos uma s\u00e9rie de questionamentos \u00e0 Gerente de Rela\u00e7\u00f5es Institucionais do Confea, \u00c1gueda Avelar, que era quem palestrava no momento. Ela nos provocou a levar o assunto \u00e0 coordenadoria nacional, que tamb\u00e9m acatou a sugest\u00e3o e levou a demanda a outras inst\u00e2ncias do Confea. Agora, vemos o resultado desta a\u00e7\u00e3o&#8221;, lembra Ant\u00f4nio Pedro.<\/p>\n<p>O planejamento, a execu\u00e7\u00e3o e a avalia\u00e7\u00e3o da efetividade do Termo de Coopera\u00e7\u00e3o ser\u00e3o executados por uma comiss\u00e3o formada por dois representantes de cada institui\u00e7\u00e3o acompanhados de um suplente cada e com dois anos de mandatos. Dentro de 60 dias, per\u00edodo em que deve ser realizada a primeira reuni\u00e3o, os primeiros coordenador e secret\u00e1ria ser\u00e3o conhecidos. O termo tamb\u00e9m determina sistema de rod\u00edzio na coordena\u00e7\u00e3o e secretaria.<\/p>\n<p>Incumbida de fazer an\u00e1lise, diagn\u00f3stico e proposi\u00e7\u00e3o de diretrizes e solu\u00e7\u00f5es comuns que visem ao desenvolvimento do Setor Mineral e \u00e0 valoriza\u00e7\u00e3o dos profissionais e o exerc\u00edcio legal da profiss\u00e3o, a comiss\u00e3o ter\u00e1 duas reuni\u00f5es anuais. Caso seja necess\u00e1rio, tamb\u00e9m est\u00e1 prevista a cria\u00e7\u00e3o de um grupo de trabalho misto, integrado por conselheiros e t\u00e9cnicos do Confea e do DNPM.<br \/>\n<b><\/b><\/p>\n<p><b><br \/>\n<\/b><em>*\u00a0<\/em><em>Grazielle Uch\u00f4a\/Assessoria de Comunica\u00e7\u00e3o do Crea-PB\u00a0<\/em><\/p>\n<p><em>com informa\u00e7\u00f5es de Maria Helena de Carvalho\/Equipe de Comunica\u00e7\u00e3o do Confea<\/em><b><\/b><\/p>\n","protected":false},"excerpt":{"rendered":"<p>\u00a0A integra\u00e7\u00e3o das atividades de fiscaliza\u00e7\u00e3o na \u00e1rea de pesquisa e lavra mineral e do exerc\u00edcio profissional de ge\u00f3logos e engenheiros de minas \u00e9 o teor do Termo de Coopera\u00e7\u00e3o, assinado entre o Confea e o DNPM (Departamento Nacional de Produ\u00e7\u00e3o Mineral). A assinatura foi realizada na quinta-feira (18), durante a realiza\u00e7\u00e3o, em Manaus (AM),\u00a0 da 5\u00aa reuni\u00e3o do Col\u00e9gio de Presidentes do Sistema Confea\/Crea e M\u00fatua. Joel Kr\u00fcger, presidente do Confea, e Paulo Santana, ouvidor do DNPM, se comprometeram a trocar informa\u00e7\u00f5es sobre as atividades das empresas e dos profissionais da \u00e1rea da minera\u00e7\u00e3o, al\u00e9m de formalizar a inten\u00e7\u00e3o [&hellip;]<\/p>\n","protected":false},"author":2,"featured_media":15572,"comment_status":"open","ping_status":"open","sticky":false,"template":"","format":"standard","meta":{"_acf_changed":false,"footnotes":""},"categories":[9],"tags":[],"class_list":["post-15571","post","type-post","status-publish","format-standard","has-post-thumbnail","hentry","category-noticias"],"acf":[],"_links":{"self":[{"href":"https:\/\/creapb.org.br\/site\/wp-json\/wp\/v2\/posts\/15571","targetHints":{"allow":["GET"]}}],"collection":[{"href":"https:\/\/creapb.org.br\/site\/wp-json\/wp\/v2\/posts"}],"about":[{"href":"https:\/\/creapb.org.br\/site\/wp-json\/wp\/v2\/types\/post"}],"author":[{"embeddable":true,"href":"https:\/\/creapb.org.br\/site\/wp-json\/wp\/v2\/users\/2"}],"replies":[{"embeddable":true,"href":"https:\/\/creapb.org.br\/site\/wp-json\/wp\/v2\/comments?post=15571"}],"version-history":[{"count":2,"href":"https:\/\/creapb.org.br\/site\/wp-json\/wp\/v2\/posts\/15571\/revisions"}],"predecessor-version":[{"id":15574,"href":"https:\/\/creapb.org.br\/site\/wp-json\/wp\/v2\/posts\/15571\/revisions\/15574"}],"wp:featuredmedia":[{"embeddable":true,"href":"https:\/\/creapb.org.br\/site\/wp-json\/wp\/v2\/media\/15572"}],"wp:attachment":[{"href":"https:\/\/creapb.org.br\/site\/wp-json\/wp\/v2\/media?parent=15571"}],"wp:term":[{"taxonomy":"category","embeddable":true,"href":"https:\/\/creapb.org.br\/site\/wp-json\/wp\/v2\/categories?post=15571"},{"taxonomy":"post_tag","embeddable":true,"href":"https:\/\/creapb.org.br\/site\/wp-json\/wp\/v2\/tags?post=15571"}],"curies":[{"name":"wp","href":"https:\/\/api.w.org\/{rel}","templated":true}]}}