{"id":15606,"date":"2018-11-06T13:53:19","date_gmt":"2018-11-06T16:53:19","guid":{"rendered":"http:\/\/creapb.org.br\/?p=15606"},"modified":"2018-11-06T13:54:48","modified_gmt":"2018-11-06T16:54:48","slug":"novembro-e-o-ultimo-mes-de-conciliacao-no-crea-pb","status":"publish","type":"post","link":"https:\/\/creapb.org.br\/site\/novembro-e-o-ultimo-mes-de-conciliacao-no-crea-pb\/","title":{"rendered":"Novembro \u00e9 o \u00faltimo m\u00eas de Concilia\u00e7\u00e3o no Crea-PB"},"content":{"rendered":"<p><img fetchpriority=\"high\" decoding=\"async\" class=\"wp-image-15607 alignleft\" src=\"https:\/\/creapb.org.br\/site\/wp-content\/uploads\/2018\/11\/WhatsApp-Image-2018-10-31-at-16.31.18-1024x1024.jpeg\" alt=\"\" width=\"476\" height=\"475\" srcset=\"https:\/\/creapb.org.br\/site\/wp-content\/uploads\/2018\/11\/WhatsApp-Image-2018-10-31-at-16.31.18-1024x1024.jpeg 1024w, https:\/\/creapb.org.br\/site\/wp-content\/uploads\/2018\/11\/WhatsApp-Image-2018-10-31-at-16.31.18-150x150.jpeg 150w, https:\/\/creapb.org.br\/site\/wp-content\/uploads\/2018\/11\/WhatsApp-Image-2018-10-31-at-16.31.18-300x300.jpeg 300w, https:\/\/creapb.org.br\/site\/wp-content\/uploads\/2018\/11\/WhatsApp-Image-2018-10-31-at-16.31.18-768x768.jpeg 768w, https:\/\/creapb.org.br\/site\/wp-content\/uploads\/2018\/11\/WhatsApp-Image-2018-10-31-at-16.31.18-115x115.jpeg 115w, https:\/\/creapb.org.br\/site\/wp-content\/uploads\/2018\/11\/WhatsApp-Image-2018-10-31-at-16.31.18.jpeg 1280w\" sizes=\"(max-width: 476px) 100vw, 476px\" \/><\/p>\n<p>Empresas, profissionais da \u00e1rea tecnol\u00f3gica e pessoas f\u00edsicas que possuam d\u00e9bito com o Crea-PB\u00a0t\u00eam at\u00e9 o dia 30 de novembro para\u00a0 regularizar-se aproveitando descontos e parcelamentos. \u00c9 que o\u00a0Conselho Regional de Engenharia e Agronomia da Para\u00edba promove, durante todo o m\u00eas, a &#8220;Campanha de Concilia\u00e7\u00e3o&#8221; do Regional. A campanha teve in\u00edcio em setembro, mas devido \u00e0 grande procura acabou sendo prorrogada.<\/p>\n<p>Os interessados poder\u00e3o dirigir-se \u00e0 sede do Crea-PB, em Jo\u00e3o Pessoa, ou a uma das\u00a0sete inspetorias do Conselho no Estado, que est\u00e3o localizadas em Campina Grande, Guarabira, Souza, Pombal, Itaporanga, Patos e Cajazeiras.\u00a0Inspirados nas tradicionais semanas de concilia\u00e7\u00e3o do Conselho Nacional de Justi\u00e7a (CNJ), a iniciativa do Crea-PB visa facilitar a regulariza\u00e7\u00e3o das d\u00edvidas de pessoas f\u00edsicas e jur\u00eddicas por meio de descontos e parcelamentos de at\u00e9 17 vezes.<\/p>\n<p>O CREA-PB espera nesta iniciativa conciliat\u00f3ria, possibilitar a regulariza\u00e7\u00e3o de obras, servi\u00e7os e do exerc\u00edcio profissional, no intuito de resguardar a sociedade paraibana quanto a atua\u00e7\u00e3o dos profissionais da \u00e1rea tecnol\u00f3gica.<\/p>\n<p>Antonio Carlos de Arag\u00e3o, presidente do CREA-PB, afirma que, apesar de ser um \u00f3rg\u00e3o fiscalizador, o Crea-PB tem trabalhado para se posicionar como\u00a0uma entidade orientadora\u00a0e parceira da sociedade. &#8220;Esse per\u00edodo de\u00a0Concilia\u00e7\u00e3o do Conselho \u00e9 a chance para profissionais, empresas e pessoas f\u00edsicas quitarem os d\u00e9bitos e ficarem em situa\u00e7\u00e3o regular para trabalharem, assim como a sociedade regularizar obras e servi\u00e7os autuados pelo Conselho&#8221;.\u00a0Arag\u00e3o lembra que o registro\u00a0em dia garante\u00a0 a seguran\u00e7a do profissional, ou seja, o exerc\u00edcio pleno da profiss\u00e3o; a forma\u00e7\u00e3o de seu acervo t\u00e9cnico, al\u00e9m do dever cidad\u00e3o, pois em ultima inst\u00e2ncia garante a seguran\u00e7a da sociedade. &#8220;Por isso, \u00e9 necess\u00e1rio manter o seu\u00a0 cadastro atualizado e tamb\u00e9m manter as suas anuidades em dia de forma a obter todos os benef\u00edcios que s\u00f3 um profissional legal pode ter&#8221;, complementa.<\/p>\n<p>&nbsp;<\/p>\n<p><em>*Grazielle Uch\u00f4a\/Ascom Crea-PB<\/em><\/p>\n<p>&nbsp;<\/p>\n<p>&nbsp;<\/p>\n<p>&nbsp;<\/p>\n<p>&nbsp;<\/p>\n","protected":false},"excerpt":{"rendered":"<p>Empresas, profissionais da \u00e1rea tecnol\u00f3gica e pessoas f\u00edsicas que possuam d\u00e9bito com o Crea-PB\u00a0t\u00eam at\u00e9 o dia 30 de novembro para\u00a0 regularizar-se aproveitando descontos e parcelamentos. \u00c9 que o\u00a0Conselho Regional de Engenharia e Agronomia da Para\u00edba promove, durante todo o m\u00eas, a &#8220;Campanha de Concilia\u00e7\u00e3o&#8221; do Regional. A campanha teve in\u00edcio em setembro, mas devido \u00e0 grande procura acabou sendo prorrogada. Os interessados poder\u00e3o dirigir-se \u00e0 sede do Crea-PB, em Jo\u00e3o Pessoa, ou a uma das\u00a0sete inspetorias do Conselho no Estado, que est\u00e3o localizadas em Campina Grande, Guarabira, Souza, Pombal, Itaporanga, Patos e Cajazeiras.\u00a0Inspirados nas tradicionais semanas de concilia\u00e7\u00e3o do [&hellip;]<\/p>\n","protected":false},"author":2,"featured_media":15607,"comment_status":"open","ping_status":"open","sticky":false,"template":"","format":"standard","meta":{"_acf_changed":false,"footnotes":""},"categories":[9],"tags":[],"class_list":["post-15606","post","type-post","status-publish","format-standard","has-post-thumbnail","hentry","category-noticias"],"acf":[],"_links":{"self":[{"href":"https:\/\/creapb.org.br\/site\/wp-json\/wp\/v2\/posts\/15606","targetHints":{"allow":["GET"]}}],"collection":[{"href":"https:\/\/creapb.org.br\/site\/wp-json\/wp\/v2\/posts"}],"about":[{"href":"https:\/\/creapb.org.br\/site\/wp-json\/wp\/v2\/types\/post"}],"author":[{"embeddable":true,"href":"https:\/\/creapb.org.br\/site\/wp-json\/wp\/v2\/users\/2"}],"replies":[{"embeddable":true,"href":"https:\/\/creapb.org.br\/site\/wp-json\/wp\/v2\/comments?post=15606"}],"version-history":[{"count":3,"href":"https:\/\/creapb.org.br\/site\/wp-json\/wp\/v2\/posts\/15606\/revisions"}],"predecessor-version":[{"id":15610,"href":"https:\/\/creapb.org.br\/site\/wp-json\/wp\/v2\/posts\/15606\/revisions\/15610"}],"wp:featuredmedia":[{"embeddable":true,"href":"https:\/\/creapb.org.br\/site\/wp-json\/wp\/v2\/media\/15607"}],"wp:attachment":[{"href":"https:\/\/creapb.org.br\/site\/wp-json\/wp\/v2\/media?parent=15606"}],"wp:term":[{"taxonomy":"category","embeddable":true,"href":"https:\/\/creapb.org.br\/site\/wp-json\/wp\/v2\/categories?post=15606"},{"taxonomy":"post_tag","embeddable":true,"href":"https:\/\/creapb.org.br\/site\/wp-json\/wp\/v2\/tags?post=15606"}],"curies":[{"name":"wp","href":"https:\/\/api.w.org\/{rel}","templated":true}]}}