{"id":15622,"date":"2018-11-16T10:26:46","date_gmt":"2018-11-16T13:26:46","guid":{"rendered":"http:\/\/creapb.org.br\/?p=15622"},"modified":"2018-11-16T10:26:46","modified_gmt":"2018-11-16T13:26:46","slug":"plenaria-do-crea-pb-homenageia-turma-de-engenheiros-formados-ha-50-anos","status":"publish","type":"post","link":"https:\/\/creapb.org.br\/site\/plenaria-do-crea-pb-homenageia-turma-de-engenheiros-formados-ha-50-anos\/","title":{"rendered":"Plen\u00e1ria do Crea-PB homenageia turma de engenheiros formados h\u00e1 50 anos"},"content":{"rendered":"<p><img fetchpriority=\"high\" decoding=\"async\" class=\"aligncenter wp-image-15629\" src=\"https:\/\/creapb.org.br\/site\/wp-content\/uploads\/2018\/11\/P1330743-1024x614.jpg\" width=\"700\" height=\"420\" srcset=\"https:\/\/creapb.org.br\/site\/wp-content\/uploads\/2018\/11\/P1330743-1024x614.jpg 1024w, https:\/\/creapb.org.br\/site\/wp-content\/uploads\/2018\/11\/P1330743-300x180.jpg 300w, https:\/\/creapb.org.br\/site\/wp-content\/uploads\/2018\/11\/P1330743-768x461.jpg 768w\" sizes=\"(max-width: 700px) 100vw, 700px\" \/><\/p>\n<p>&nbsp;<\/p>\n<figure id=\"attachment_15624\" aria-describedby=\"caption-attachment-15624\" style=\"width: 500px\" class=\"wp-caption alignleft\"><img decoding=\"async\" class=\"wp-image-15624\" src=\"https:\/\/creapb.org.br\/site\/wp-content\/uploads\/2018\/11\/46165022_1888175687903388_9093429940208009216_o-1024x704.jpg\" width=\"500\" height=\"344\" srcset=\"https:\/\/creapb.org.br\/site\/wp-content\/uploads\/2018\/11\/46165022_1888175687903388_9093429940208009216_o-1024x704.jpg 1024w, https:\/\/creapb.org.br\/site\/wp-content\/uploads\/2018\/11\/46165022_1888175687903388_9093429940208009216_o-300x206.jpg 300w, https:\/\/creapb.org.br\/site\/wp-content\/uploads\/2018\/11\/46165022_1888175687903388_9093429940208009216_o-768x528.jpg 768w, https:\/\/creapb.org.br\/site\/wp-content\/uploads\/2018\/11\/46165022_1888175687903388_9093429940208009216_o.jpg 1760w\" sizes=\"(max-width: 500px) 100vw, 500px\" \/><figcaption id=\"caption-attachment-15624\" class=\"wp-caption-text\">Turma de 1968 de UFPB<\/figcaption><\/figure>\n<p>H\u00e1 50 anos, nascia o\u00a0Conselho Regional de Engenharia e Agronomia da Para\u00edba, antes ligado\u00a0\u00e0 jurisdi\u00e7\u00e3o de\u00a0Pernambuco.\u00a0Naquele mesmo ano, formaram-se, na Universidade Federal do Estado, os\u00a0estudantes de Engenharia Civil que, nesta quarta-feira (12), recebem do Conselho uma homenagem por seus relevantes servi\u00e7os prestados \u00e0 Engenharia paraibana e ao sistema Confea\/Crea e M\u00fatua.<\/p>\n<p>Durante a sess\u00e3o Plen\u00e1ria do m\u00eas de novembro do Conselho, 23\u00a0engenheiros da turma de 1968 da UFPB foram homenageados pelo Crea-PB, em um momento de nostalgia e de valoriza\u00e7\u00e3o da experi\u00eancia profissional e das atividades da \u00e1rea tecnol\u00f3gica. As homenagens coincidem com as comemora\u00e7\u00f5es dos 50 anos do\u00a0 Regional\u00a0que, ao longo do ano, vem promovendo atividades <img decoding=\"async\" class=\"alignright size-medium wp-image-15627\" src=\"https:\/\/creapb.org.br\/site\/wp-content\/uploads\/2018\/11\/P1330702-300x225.jpg\" alt=\"\" width=\"300\" height=\"225\" srcset=\"https:\/\/creapb.org.br\/site\/wp-content\/uploads\/2018\/11\/P1330702-300x225.jpg 300w, https:\/\/creapb.org.br\/site\/wp-content\/uploads\/2018\/11\/P1330702-768x576.jpg 768w, https:\/\/creapb.org.br\/site\/wp-content\/uploads\/2018\/11\/P1330702-1024x768.jpg 1024w\" sizes=\"(max-width: 300px) 100vw, 300px\" \/>alusivas ao cinqueten\u00e1rio.<\/p>\n<p>O presidente do Crea-PB, Antonio Carlos de Arag\u00e3o, lembrou a\u00a0funda\u00e7\u00e3o do Conselho e\u00a0enalteceu a trajet\u00f3ria profissional dos integrantes da turma de 1968, destacando que alguns deles participaram ativamente da gest\u00e3o do Crea. &#8220;Entre os componentes dessa turma est\u00e3o profissionais altamente gabaritados, que ao longo do exerc\u00edcio de suas profissi\u00f5es deram e ainda d\u00e3o uma contribui\u00e7\u00e3o magn\u00edfica \u00e0 Engenharia paraibana e, muitos deles, tiveram\u00a0extrema import\u00e2ncia na hist\u00f3ria deste Conselho. N\u00e3o tinha como o Crea deixar passar essa data em branco. \u00c9 um reconhecimento ao trabalho, \u00e0 experi\u00eancia que esses profissionais acumularam ao longo da vida. S\u00e3o pessoas que, ao longo do seu caminho, n\u00e3o pensaram s\u00f3 em si, mas na grandeza da nossa profiss\u00e3o&#8221;, destacou o tamb\u00e9m engenheiro civil.<\/p>\n<p>Os conselheiros regionais, engenheiros civis Ov\u00eddio Cat\u00e3o e Suenne Barros, fizeram a entrega de certificados de Honra ao M\u00e9rito a cada um dos homenageados presentes. Foi entregue ainda, na ocasi\u00e3o, uma homenagem em especial \u00e0 primeira mulher registrada no Crea-PB, integrante <img loading=\"lazy\" decoding=\"async\" class=\"alignleft size-medium wp-image-15628\" src=\"https:\/\/creapb.org.br\/site\/wp-content\/uploads\/2018\/11\/P1330707-300x225.jpg\" alt=\"\" width=\"300\" height=\"225\" srcset=\"https:\/\/creapb.org.br\/site\/wp-content\/uploads\/2018\/11\/P1330707-300x225.jpg 300w, https:\/\/creapb.org.br\/site\/wp-content\/uploads\/2018\/11\/P1330707-768x576.jpg 768w, https:\/\/creapb.org.br\/site\/wp-content\/uploads\/2018\/11\/P1330707-1024x768.jpg 1024w\" sizes=\"(max-width: 300px) 100vw, 300px\" \/>da turma, a engenheira Neuza Martins Gomes. Surpresa, ela agradeceu a comenda e disse estar emocionada.\u00a0\u00a0<img loading=\"lazy\" decoding=\"async\" class=\"alignright size-medium wp-image-15630\" src=\"https:\/\/creapb.org.br\/site\/wp-content\/uploads\/2018\/11\/P1330735-300x225.jpg\" alt=\"\" width=\"300\" height=\"225\" srcset=\"https:\/\/creapb.org.br\/site\/wp-content\/uploads\/2018\/11\/P1330735-300x225.jpg 300w, https:\/\/creapb.org.br\/site\/wp-content\/uploads\/2018\/11\/P1330735-768x576.jpg 768w, https:\/\/creapb.org.br\/site\/wp-content\/uploads\/2018\/11\/P1330735-1024x768.jpg 1024w\" sizes=\"(max-width: 300px) 100vw, 300px\" \/><\/p>\n<p>Em seguida, representando os engenheiros formados em 1968 pela UFPB, Jos\u00e9 Eduardo de Melo Cunha, tamb\u00e9m agradeceu o Regional, presidido por ele no ano de 1979, pelo momento solene. &#8220;Al\u00e9m de mim, que fui o primeiro presidente com registro no Crea-PB enquanto Conselho independente da jurisdi\u00e7\u00e3o de Pernambuco, ao todo, na nossa turma, foram 7 conselheiros no Crea-PB. O que nos deixa felizes \u00e9 ver o Crea de hoje, que foi constru\u00eddo por todos n\u00f3s. Essa homenagem marca a hist\u00f3ria do\u00a0Conselho e a trajet\u00f3ria vitoriosa de cada um dos engenheiros formados no ano de 1968&#8221; disse.<\/p>\n<p>Coordenador do Jubileu de Ouro da turma, o engenheiro Reginaldo Dutra encerrou o momento solene convidando a todos para participarem da cerim\u00f4nia em comemora\u00e7\u00e3o aos 50 anos de formatura, no dia 17 de dezembro, \u00e0s 9h, no Centro de Tecnologia da UFPB. Na ocasi\u00e3o, ser\u00e3o homenageados professores e familiares dos colegas e professores<em> in memoriam<\/em>.<\/p>\n<p>&nbsp;<\/p>\n<p><em>Grazielle Uch\u00f4a\/ Assessoria de Comunica\u00e7\u00e3o Crea-PB\u00a0<\/em><\/p>\n","protected":false},"excerpt":{"rendered":"<p>&nbsp; H\u00e1 50 anos, nascia o\u00a0Conselho Regional de Engenharia e Agronomia da Para\u00edba, antes ligado\u00a0\u00e0 jurisdi\u00e7\u00e3o de\u00a0Pernambuco.\u00a0Naquele mesmo ano, formaram-se, na Universidade Federal do Estado, os\u00a0estudantes de Engenharia Civil que, nesta quarta-feira (12), recebem do Conselho uma homenagem por seus relevantes servi\u00e7os prestados \u00e0 Engenharia paraibana e ao sistema Confea\/Crea e M\u00fatua. Durante a sess\u00e3o Plen\u00e1ria do m\u00eas de novembro do Conselho, 23\u00a0engenheiros da turma de 1968 da UFPB foram homenageados pelo Crea-PB, em um momento de nostalgia e de valoriza\u00e7\u00e3o da experi\u00eancia profissional e das atividades da \u00e1rea tecnol\u00f3gica. As homenagens coincidem com as comemora\u00e7\u00f5es dos 50 anos do\u00a0 [&hellip;]<\/p>\n","protected":false},"author":2,"featured_media":15629,"comment_status":"open","ping_status":"open","sticky":false,"template":"","format":"standard","meta":{"_acf_changed":false,"footnotes":""},"categories":[9],"tags":[],"class_list":["post-15622","post","type-post","status-publish","format-standard","has-post-thumbnail","hentry","category-noticias"],"acf":[],"_links":{"self":[{"href":"https:\/\/creapb.org.br\/site\/wp-json\/wp\/v2\/posts\/15622","targetHints":{"allow":["GET"]}}],"collection":[{"href":"https:\/\/creapb.org.br\/site\/wp-json\/wp\/v2\/posts"}],"about":[{"href":"https:\/\/creapb.org.br\/site\/wp-json\/wp\/v2\/types\/post"}],"author":[{"embeddable":true,"href":"https:\/\/creapb.org.br\/site\/wp-json\/wp\/v2\/users\/2"}],"replies":[{"embeddable":true,"href":"https:\/\/creapb.org.br\/site\/wp-json\/wp\/v2\/comments?post=15622"}],"version-history":[{"count":7,"href":"https:\/\/creapb.org.br\/site\/wp-json\/wp\/v2\/posts\/15622\/revisions"}],"predecessor-version":[{"id":15743,"href":"https:\/\/creapb.org.br\/site\/wp-json\/wp\/v2\/posts\/15622\/revisions\/15743"}],"wp:featuredmedia":[{"embeddable":true,"href":"https:\/\/creapb.org.br\/site\/wp-json\/wp\/v2\/media\/15629"}],"wp:attachment":[{"href":"https:\/\/creapb.org.br\/site\/wp-json\/wp\/v2\/media?parent=15622"}],"wp:term":[{"taxonomy":"category","embeddable":true,"href":"https:\/\/creapb.org.br\/site\/wp-json\/wp\/v2\/categories?post=15622"},{"taxonomy":"post_tag","embeddable":true,"href":"https:\/\/creapb.org.br\/site\/wp-json\/wp\/v2\/tags?post=15622"}],"curies":[{"name":"wp","href":"https:\/\/api.w.org\/{rel}","templated":true}]}}