{"id":15635,"date":"2018-11-21T18:02:34","date_gmt":"2018-11-21T21:02:34","guid":{"rendered":"http:\/\/creapb.org.br\/?p=15635"},"modified":"2018-11-21T18:02:34","modified_gmt":"2018-11-21T21:02:34","slug":"crea-pb-assina-termo-de-cooperacao-com-o-iphaep","status":"publish","type":"post","link":"https:\/\/creapb.org.br\/site\/crea-pb-assina-termo-de-cooperacao-com-o-iphaep\/","title":{"rendered":"Crea-PB assina Termo de Coopera\u00e7\u00e3o com o Iphaep"},"content":{"rendered":"<p><img fetchpriority=\"high\" decoding=\"async\" class=\"alignright  wp-image-15638\" src=\"https:\/\/creapb.org.br\/site\/wp-content\/uploads\/2018\/11\/WhatsApp-Image-2018-11-21-at-16.16.27-1024x768.jpeg\" alt=\"\" width=\"480\" height=\"360\" srcset=\"https:\/\/creapb.org.br\/site\/wp-content\/uploads\/2018\/11\/WhatsApp-Image-2018-11-21-at-16.16.27-1024x768.jpeg 1024w, https:\/\/creapb.org.br\/site\/wp-content\/uploads\/2018\/11\/WhatsApp-Image-2018-11-21-at-16.16.27-300x225.jpeg 300w, https:\/\/creapb.org.br\/site\/wp-content\/uploads\/2018\/11\/WhatsApp-Image-2018-11-21-at-16.16.27-768x576.jpeg 768w, https:\/\/creapb.org.br\/site\/wp-content\/uploads\/2018\/11\/WhatsApp-Image-2018-11-21-at-16.16.27.jpeg 1280w\" sizes=\"(max-width: 480px) 100vw, 480px\" \/>\u00a0 \u00a0Nesta quarta-feira (21), o presidente do Crea-PB, Antonio Carlos de Arag\u00e3o, assinou um Termo de Coopera\u00e7\u00e3o T\u00e9cnica e Operacional com o Instituto do Patrim\u00f4nio Hist\u00f3rico e Art\u00edstico do Estado da Para\u00edba &#8211; IPHAEP, para o aperfei\u00e7oamento das a\u00e7\u00f5es fiscalizadoras das duas entidades. A assinatura ocorreu durante a IV Semana do Patrim\u00f4nio Cultural da Para\u00edba, no audit\u00f3rio do Minist\u00e9rio P\u00fablico da Para\u00edba.<\/p>\n<p>Atrav\u00e9s da parceria, ser\u00e3o realizadas fiscaliza\u00e7\u00f5es conjuntas entre os \u00f3rg\u00e3os e ser\u00e1 poss\u00edvel o\u00a0acesso online do Instituto aos dados das ARTs das empresas e profissionais atuantes nas obras e servi\u00e7os de engenharia contratatos pela Administra\u00e7\u00e3o P\u00fablica, com vistas, tamb\u00e9m, \u00e0 valoriza\u00e7\u00e3o do exerc\u00edcio profissional nas \u00e1reas de atua\u00e7\u00e3o do Crea-PB.<\/p>\n<p>O presidente do Regional externou sua satisfa\u00e7\u00e3o em participar do evento e\u00a0em contribuir para a preserva\u00e7\u00e3o do Patrim\u00f4nio paraibano atrav\u00e9s de esfor\u00e7os conjuntos. &#8220;Todo \u00f3rg\u00e3o que defende os interesses da sociedade\u00a0deve estar sintonizado com as quest\u00f5es cidad\u00e3s.\u00a0N\u00f3s temos que colocar nossos recursos e profissionais a servi\u00e7o desse projeto&#8221; afirmou. Ele\u00a0tamb\u00e9m destacou a import\u00e2ncia da conserva\u00e7\u00e3o patrimonial para a sociedade. &#8220;N\u00f3s nos juntamos a essa luta por\u00a0compreender que um povo que n\u00e3o protege e preserva a sua mem\u00f3ria, atrav\u00e9s da cultura ou das edifica\u00e7\u00f5es, jamais ser\u00e1 grande. N\u00f3s jamais seremos uma grande na\u00e7\u00e3o, com bases s\u00f3lidas para um desenvolvimento futuro, sem nos preocuparmos com o que temos de legado dos nossos antepassados&#8221;, pontuou.<\/p>\n<p><img decoding=\"async\" class=\"alignleft size-medium wp-image-15636\" src=\"https:\/\/creapb.org.br\/site\/wp-content\/uploads\/2018\/11\/WhatsApp-Image-2018-11-21-at-16.16.26-300x225.jpeg\" alt=\"\" width=\"300\" height=\"225\" srcset=\"https:\/\/creapb.org.br\/site\/wp-content\/uploads\/2018\/11\/WhatsApp-Image-2018-11-21-at-16.16.26-300x225.jpeg 300w, https:\/\/creapb.org.br\/site\/wp-content\/uploads\/2018\/11\/WhatsApp-Image-2018-11-21-at-16.16.26-768x576.jpeg 768w, https:\/\/creapb.org.br\/site\/wp-content\/uploads\/2018\/11\/WhatsApp-Image-2018-11-21-at-16.16.26-1024x768.jpeg 1024w, https:\/\/creapb.org.br\/site\/wp-content\/uploads\/2018\/11\/WhatsApp-Image-2018-11-21-at-16.16.26.jpeg 1280w\" sizes=\"(max-width: 300px) 100vw, 300px\" \/><\/p>\n<p>A diretora do Iphaep, Cassandra Dias, agradeceu a nova parceria estabelecida com o Crea e o Cau, e lembrou que\u00a0essa coopera\u00e7\u00e3o era desejada por toda a equipe do \u00f3rg\u00e3o. &#8220;S\u00e3o v\u00e1rias as dificuldades que n\u00f3s encontramos nessa responsabilidade de preservar o patrim\u00f4nio material e imaterial. N\u00f3s estamos conseguindo fazer esse sonho se tornar realidade tamb\u00e9m atrav\u00e9s das parcerias. N\u00f3s fomos procurar o Crea e o Cau para a celebra\u00e7\u00e3o de novos conv\u00eanios e fomos prontamente atendidos.\u00a0Essa parceria para fiscaliza\u00e7\u00f5es conjuntas era desejada pela nossa equipe&#8221;, contou.<\/p>\n<p>Tamb\u00e9m estavam presentes na mesa principal da solenidade\u00a0o presidente do Cau-PB, Ricardo Vidal, o 2\u00ba\u00a0promotor\u00a0de Justi\u00e7a de Defesa do Patrim\u00f4nio Hist\u00f3rico, Cultural, Art\u00edstico, Est\u00e9tico, Paisag\u00edstico, Tur\u00edstico e Urban\u00edstico de<strong>\u00a0<\/strong>Jo\u00e3o<strong>\u00a0<\/strong>Pessoa, Jo\u00e3o Geraldo Barbosa, o representante do Empreender JP, Fabr\u00edcio Feitosa e os representantes do Unip\u00ea e Iesp, Deborah Kishimoto e Thiago Henriques.<\/p>\n<p>&nbsp;<\/p>\n<p><em>Grazielle Uch\u00f4a\/ Assessoria de Comunica\u00e7\u00e3o Crea-PB<\/em><\/p>\n<p>&nbsp;<\/p>\n<p>&nbsp;<\/p>\n<p>&nbsp;<\/p>\n","protected":false},"excerpt":{"rendered":"<p>\u00a0 \u00a0Nesta quarta-feira (21), o presidente do Crea-PB, Antonio Carlos de Arag\u00e3o, assinou um Termo de Coopera\u00e7\u00e3o T\u00e9cnica e Operacional com o Instituto do Patrim\u00f4nio Hist\u00f3rico e Art\u00edstico do Estado da Para\u00edba &#8211; IPHAEP, para o aperfei\u00e7oamento das a\u00e7\u00f5es fiscalizadoras das duas entidades. A assinatura ocorreu durante a IV Semana do Patrim\u00f4nio Cultural da Para\u00edba, no audit\u00f3rio do Minist\u00e9rio P\u00fablico da Para\u00edba. Atrav\u00e9s da parceria, ser\u00e3o realizadas fiscaliza\u00e7\u00f5es conjuntas entre os \u00f3rg\u00e3os e ser\u00e1 poss\u00edvel o\u00a0acesso online do Instituto aos dados das ARTs das empresas e profissionais atuantes nas obras e servi\u00e7os de engenharia contratatos pela Administra\u00e7\u00e3o P\u00fablica, com vistas, [&hellip;]<\/p>\n","protected":false},"author":2,"featured_media":15636,"comment_status":"open","ping_status":"open","sticky":false,"template":"","format":"standard","meta":{"_acf_changed":false,"footnotes":""},"categories":[9],"tags":[],"class_list":["post-15635","post","type-post","status-publish","format-standard","has-post-thumbnail","hentry","category-noticias"],"acf":[],"_links":{"self":[{"href":"https:\/\/creapb.org.br\/site\/wp-json\/wp\/v2\/posts\/15635","targetHints":{"allow":["GET"]}}],"collection":[{"href":"https:\/\/creapb.org.br\/site\/wp-json\/wp\/v2\/posts"}],"about":[{"href":"https:\/\/creapb.org.br\/site\/wp-json\/wp\/v2\/types\/post"}],"author":[{"embeddable":true,"href":"https:\/\/creapb.org.br\/site\/wp-json\/wp\/v2\/users\/2"}],"replies":[{"embeddable":true,"href":"https:\/\/creapb.org.br\/site\/wp-json\/wp\/v2\/comments?post=15635"}],"version-history":[{"count":4,"href":"https:\/\/creapb.org.br\/site\/wp-json\/wp\/v2\/posts\/15635\/revisions"}],"predecessor-version":[{"id":15642,"href":"https:\/\/creapb.org.br\/site\/wp-json\/wp\/v2\/posts\/15635\/revisions\/15642"}],"wp:featuredmedia":[{"embeddable":true,"href":"https:\/\/creapb.org.br\/site\/wp-json\/wp\/v2\/media\/15636"}],"wp:attachment":[{"href":"https:\/\/creapb.org.br\/site\/wp-json\/wp\/v2\/media?parent=15635"}],"wp:term":[{"taxonomy":"category","embeddable":true,"href":"https:\/\/creapb.org.br\/site\/wp-json\/wp\/v2\/categories?post=15635"},{"taxonomy":"post_tag","embeddable":true,"href":"https:\/\/creapb.org.br\/site\/wp-json\/wp\/v2\/tags?post=15635"}],"curies":[{"name":"wp","href":"https:\/\/api.w.org\/{rel}","templated":true}]}}