{"id":15647,"date":"2018-11-20T12:17:23","date_gmt":"2018-11-20T15:17:23","guid":{"rendered":"http:\/\/creapb.org.br\/?p=15647"},"modified":"2018-11-22T12:24:43","modified_gmt":"2018-11-22T15:24:43","slug":"artigo-argemiro-e-edilene-da-franca-falam-sobre-reabilitacao-de-edificios","status":"publish","type":"post","link":"https:\/\/creapb.org.br\/site\/artigo-argemiro-e-edilene-da-franca-falam-sobre-reabilitacao-de-edificios\/","title":{"rendered":"Artigo: Argemiro e Edilene da Franca falam sobre Reabilita\u00e7\u00e3o de Edif\u00edcios"},"content":{"rendered":"<p>Na edi\u00e7\u00e3o deste trimeste da Revista Edificar, os engenheiros Argemiro Brito da Franca e Edilene da Franca trazem artigo sobre Reabilita\u00e7\u00e3o de Edif\u00edcios. Confira a publica\u00e7\u00e3o na \u00edntegra.<\/p>\n<p><img fetchpriority=\"high\" decoding=\"async\" class=\"size-large wp-image-15649 aligncenter\" src=\"https:\/\/creapb.org.br\/site\/wp-content\/uploads\/2018\/11\/Revista-Edificar-Edi\u00e7\u00e3o-54-escala-1-764x1024.jpg\" alt=\"\" width=\"764\" height=\"1024\" srcset=\"https:\/\/creapb.org.br\/site\/wp-content\/uploads\/2018\/11\/Revista-Edificar-Edi\u00e7\u00e3o-54-escala-1-764x1024.jpg 764w, https:\/\/creapb.org.br\/site\/wp-content\/uploads\/2018\/11\/Revista-Edificar-Edi\u00e7\u00e3o-54-escala-1-224x300.jpg 224w, https:\/\/creapb.org.br\/site\/wp-content\/uploads\/2018\/11\/Revista-Edificar-Edi\u00e7\u00e3o-54-escala-1-768x1030.jpg 768w, https:\/\/creapb.org.br\/site\/wp-content\/uploads\/2018\/11\/Revista-Edificar-Edi\u00e7\u00e3o-54-escala-1.jpg 1615w\" sizes=\"(max-width: 764px) 100vw, 764px\" \/><\/p>\n<p><img decoding=\"async\" class=\"size-large wp-image-15648 aligncenter\" src=\"https:\/\/creapb.org.br\/site\/wp-content\/uploads\/2018\/11\/Revista-Edificar-Edi\u00e7\u00e3o-54-escala-2-764x1024.jpg\" alt=\"\" width=\"764\" height=\"1024\" srcset=\"https:\/\/creapb.org.br\/site\/wp-content\/uploads\/2018\/11\/Revista-Edificar-Edi\u00e7\u00e3o-54-escala-2-764x1024.jpg 764w, https:\/\/creapb.org.br\/site\/wp-content\/uploads\/2018\/11\/Revista-Edificar-Edi\u00e7\u00e3o-54-escala-2-224x300.jpg 224w, https:\/\/creapb.org.br\/site\/wp-content\/uploads\/2018\/11\/Revista-Edificar-Edi\u00e7\u00e3o-54-escala-2-768x1030.jpg 768w, https:\/\/creapb.org.br\/site\/wp-content\/uploads\/2018\/11\/Revista-Edificar-Edi\u00e7\u00e3o-54-escala-2.jpg 1615w\" sizes=\"(max-width: 764px) 100vw, 764px\" \/><\/p>\n<p>&nbsp;<\/p>\n","protected":false},"excerpt":{"rendered":"<p>Na edi\u00e7\u00e3o deste trimeste da Revista Edificar, os engenheiros Argemiro Brito da Franca e Edilene da Franca trazem artigo sobre Reabilita\u00e7\u00e3o de Edif\u00edcios. Confira a publica\u00e7\u00e3o na \u00edntegra. &nbsp;<\/p>\n","protected":false},"author":2,"featured_media":15650,"comment_status":"open","ping_status":"open","sticky":false,"template":"","format":"standard","meta":{"_acf_changed":false,"footnotes":""},"categories":[9],"tags":[],"class_list":["post-15647","post","type-post","status-publish","format-standard","has-post-thumbnail","hentry","category-noticias"],"acf":[],"_links":{"self":[{"href":"https:\/\/creapb.org.br\/site\/wp-json\/wp\/v2\/posts\/15647","targetHints":{"allow":["GET"]}}],"collection":[{"href":"https:\/\/creapb.org.br\/site\/wp-json\/wp\/v2\/posts"}],"about":[{"href":"https:\/\/creapb.org.br\/site\/wp-json\/wp\/v2\/types\/post"}],"author":[{"embeddable":true,"href":"https:\/\/creapb.org.br\/site\/wp-json\/wp\/v2\/users\/2"}],"replies":[{"embeddable":true,"href":"https:\/\/creapb.org.br\/site\/wp-json\/wp\/v2\/comments?post=15647"}],"version-history":[{"count":1,"href":"https:\/\/creapb.org.br\/site\/wp-json\/wp\/v2\/posts\/15647\/revisions"}],"predecessor-version":[{"id":15651,"href":"https:\/\/creapb.org.br\/site\/wp-json\/wp\/v2\/posts\/15647\/revisions\/15651"}],"wp:featuredmedia":[{"embeddable":true,"href":"https:\/\/creapb.org.br\/site\/wp-json\/wp\/v2\/media\/15650"}],"wp:attachment":[{"href":"https:\/\/creapb.org.br\/site\/wp-json\/wp\/v2\/media?parent=15647"}],"wp:term":[{"taxonomy":"category","embeddable":true,"href":"https:\/\/creapb.org.br\/site\/wp-json\/wp\/v2\/categories?post=15647"},{"taxonomy":"post_tag","embeddable":true,"href":"https:\/\/creapb.org.br\/site\/wp-json\/wp\/v2\/tags?post=15647"}],"curies":[{"name":"wp","href":"https:\/\/api.w.org\/{rel}","templated":true}]}}