{"id":15669,"date":"2018-11-30T12:00:21","date_gmt":"2018-11-30T15:00:21","guid":{"rendered":"http:\/\/creapb.org.br\/?p=15669"},"modified":"2018-11-30T12:07:28","modified_gmt":"2018-11-30T15:07:28","slug":"joao-pessoa-recebe-forum-de-presidentes-de-creas-da-regiao-nordeste","status":"publish","type":"post","link":"https:\/\/creapb.org.br\/site\/joao-pessoa-recebe-forum-de-presidentes-de-creas-da-regiao-nordeste\/","title":{"rendered":"Jo\u00e3o Pessoa recebe F\u00f3rum de Presidentes de Creas da Regi\u00e3o Nordeste"},"content":{"rendered":"<p><img fetchpriority=\"high\" decoding=\"async\" class=\"alignleft size-full wp-image-15673\" src=\"https:\/\/creapb.org.br\/site\/wp-content\/uploads\/2018\/11\/IMG_9313.jpg\" alt=\"\" width=\"5184\" height=\"3456\" \/><\/p>\n<p>Nesta quinta (29) e sexta-feira (30), a cidade de Jo\u00e3o Pessoa recebe a 5\u00aa Reuni\u00e3o Ordin\u00e1ria do F\u00f3rum de Presidentes de Creas da Regi\u00e3o Nordeste. Os gestores dos nove estados debatem na capital paraibana\u00a0assuntos relacionados \u00e0 uniformiza\u00e7\u00e3o de procedimentos\u00a0do sistema, al\u00e9m de proposi\u00e7\u00f5es para melhorias na\u00a0qualidade dos servi\u00e7os prestados pelos Regionais. Em pauta, est\u00e3o quest\u00f5es como a implanta\u00e7\u00e3o do Livro de Ordem, a padroniza\u00e7\u00e3o de a\u00e7\u00f5es em rela\u00e7\u00e3o aos t\u00e9cnicos e proposi\u00e7\u00f5es para o\u00a0Sistema de Informa\u00e7\u00f5es T\u00e9cnicas e Administrativas do Crea-SITAC.<\/p>\n<p>Participam, do Crea-PB, o presidente anfitri\u00e3o e coordenador adjunto do F\u00f3rum, Antonio Carlos de Arag\u00e3o; do Crea-BA, o coordenador do \u00f3rg\u00e3o consultivo, Lu\u00eds Edmundo de Campos; do Crea-PE, Evandro de Alencar; do Crea-RN, Ana Adalgisa Paulino; do Crea-MA, Berilo Macedo da Silva; do Crea-PI, Raimundo Ulisses de Oliveira Filho; do Crea-SE, Ar\u00edcio Resende Silva e do Crea-AL, Fernando Dacal. O diretor geral da M\u00fatua em exerc\u00edcio, Jorge Silveira, tamb\u00e9m participou da reuni\u00e3o, junto \u00e0 diretora administrativa, Giuc\u00e9lia Figueiredo, e \u00e0 diretora administrativa da Caixa Regional, C\u00e2ndida R\u00e9gis.<\/p>\n<p><img decoding=\"async\" class=\"alignleft wp-image-15674\" src=\"https:\/\/creapb.org.br\/site\/wp-content\/uploads\/2018\/11\/IMG_9229.jpg\" width=\"500\" height=\"333\" \/><\/p>\n<p>O presidente do Crea-PB, Antonio Carlos de Arag\u00e3o, deu as boas vindas aos presentes e demonstrou a satisfa\u00e7\u00e3o em sedir a Reuni\u00e3o que, para ele, \u00e9 de extrema import\u00e2ncia.\u00a0&#8220;Temos a\u00a0oportunidade de avaliar, debater e propor caminhos para as particularidades enfrentadas pelos Conselhos da Regi\u00e3o&#8221;, justificou.<\/p>\n<p>Neste primeiro dia de reuni\u00e3o, a implanta\u00e7\u00e3o do Livro de Ordem a partir das propostas aprovadas durante reuni\u00e3o dos assessores t\u00e9cnicos do sistema Confea\/Crea foi destaque, j\u00e1 que, desde janeiro deste ano, o documento \u00e9 obrigat\u00f3rio para a emiss\u00e3o de Certid\u00e3o de Acervo T\u00e9cnico \u2013 CAT aos respons\u00e1veis pela execu\u00e7\u00e3o e fiscaliza\u00e7\u00e3o de obras. Os presidentes debateram\u00a0o modelo de Livro de Ordem eletr\u00f4nico que est\u00e1 dispon\u00edvel no Sitac, os pressupostos da Resolu\u00e7\u00e3o 1.094 do Confea e os impactos da implanta\u00e7\u00e3o efetiva do documento, mediante a assist\u00eancia dos assessores t\u00e9cnico e institucional do Crea-PB e BA, Raimundo Nonato e Roberto Rode, respectivamente.<\/p>\n<p>&nbsp;<\/p>\n<p><strong>Fiscaliza\u00e7\u00e3o ter\u00e1 subs\u00eddio da M\u00fatua\u00a0<\/strong><\/p>\n<p>O diretor geral\u00a0 em exerc\u00edcio da M\u00fatua nacional, Jorge Silveira,\u00a0e a diretora administrativa, Giuc\u00e9lia Figueiredo, anunciaram, na oportunidade, a cria\u00e7\u00e3o do Prodafisc M\u00fatua, que possibilitar\u00e1 o financiamento de despesas oriundas da fiscaliza\u00e7\u00e3o dos Creas pela Caixa de Assist\u00eancia dos profissionais.<\/p>\n<p><img decoding=\"async\" class=\"alignright wp-image-15677\" src=\"https:\/\/creapb.org.br\/site\/wp-content\/uploads\/2018\/11\/IMG_9290.jpg\" width=\"500\" height=\"333\" \/><\/p>\n<p>De acordo com os diretores, ser\u00e1 disponibilizado 3% da receita nacional da\u00a0Anota\u00e7\u00e3o de Responsabilidade T\u00e9cnica &#8211; ART para\u00a0aporte da fiscaliza\u00e7\u00e3o dos Creas. O percentual, segundo Giuc\u00e9lia Figueiredo, equivale a R$2,5 milh\u00f5es, em m\u00e9dia. Para a engenheira, a flexibiliza\u00e7\u00e3o na utiliza\u00e7\u00e3o dos recursos do Prodafisc, buscando desonerar os Creas com os custos da fiscaliza\u00e7\u00e3o, foi muito positiva,\u00a0porque, al\u00e9m de trazer um incremento para a receita, tamb\u00e9m leva a uma maior profissionaliza\u00e7\u00e3o do setor, j\u00e1 que\u00a0requer o aprimoramento do\u00a0planejamento\u00a0e da identifica\u00e7\u00e3o de metas e desempenho. &#8220;Com essa participa\u00e7\u00e3o da M\u00fatua, que trar\u00e1 o aperfei\u00e7oamento estrat\u00e9gico da fiscaliza\u00e7\u00e3o do sistema, estamos dando a nossa grande contribui\u00e7\u00e3o para a sustentabilidade dos Creas\u00a0e ainda\u00a0gerando empregos para os profissionais e seguran\u00e7a para\u00a0a sociedade&#8221;, afirmou.<\/p>\n<p>A presidente do Crea-RN, Ana Adalgisa, parabenizou a medida da Direx. &#8220;S\u00f3 podemos aplaudir. A M\u00fatua est\u00e1 sendo proativa e\u00a0dando retorno ao sistema como parte integrante dele de fato&#8221;, comemorou. O coordenador do F\u00f3rum e presidente do Crea-BA, Lu\u00eds Edmundo de Campos, tamb\u00e9m celebrou a medida. &#8220;Fico muito feliz com essa posi\u00e7\u00e3o. Temos que\u00a0considerar a\u00a0M\u00fatua como uma parceira, n\u00e3o um mero financiador&#8221;, pontuou.<\/p>\n<p><img loading=\"lazy\" decoding=\"async\" class=\"alignleft wp-image-15675\" src=\"https:\/\/creapb.org.br\/site\/wp-content\/uploads\/2018\/11\/IMG_9277.jpg\" width=\"450\" height=\"300\" \/><\/p>\n<p><strong>Crea Jr<\/strong><\/p>\n<p>A regulamenta\u00e7\u00e3o do programa Crea Jr, que promove a integra\u00e7\u00e3o entre os estudantes da \u00e1rea tecnol\u00f3gica e o sistema Confea\/Crea e M\u00fatua tamb\u00e9m foi discutida entre os gestores, para os quais deve haver uma uniformiza\u00e7\u00e3o nacional sobre o assunto. Para o presidente do Crea-SE, Ar\u00edcio Resende, \u00e9 preciso debater o prop\u00f3sito do programa. &#8220;O Crea Jr \u00a0tem que ser rediscutido e repensado. O Confea deve redefinir linhas desse programa&#8221;, opinou.<\/p>\n<p>O\u00a0presidente maranhense, Berilo Silva, ressaltou a necessidade de alinhamento entre Confea e Creas sobre o assunto. &#8220;Se a gente n\u00e3o uniformizar a atua\u00e7\u00e3o do Crea Jr, em vez de somar ao sistema e trazer todos os benef\u00edcios inerentes \u00e0s suas atividades, o programa vai desagregar e nos enfraquecer. \u00c9 importante chegarmos a um entendimento sobre a miss\u00e3o do Crea Jr e para que todos ajam no mesmo sentido&#8221;,\u00a0argumentou o engenheiro.<\/p>\n<p>Ficou decidido entre os gestores que, na pr\u00f3xima reuni\u00e3o do F\u00f3rum de Presidentes de Creas da Regi\u00e3o Nordeste, ser\u00e3o levadas propostas de modelo de estrutura e miss\u00e3o do programa Crea Jr, para que os gestores remetam ao Col\u00e9gio de Presidentes nacional.<\/p>\n<p><strong>Sal\u00e1rio M\u00ednimo Profissional\u00a0<\/strong><\/p>\n<p>O n\u00e3o cumprimento do Sal\u00e1rio M\u00ednimo Profissionais por parte das prefeituras municipais tamb\u00e9m ganhou espa\u00e7o nas discuss\u00f5es da reuni\u00e3o, nesta sexta-feira (30). O presidente do Crea-AL, Fernando Dacal, ressaltou que\u00a0o preceito constitucional da autonomia dos Entes Federal, Estaduais e Municipais n\u00e3o inviabiliza a efetiva\u00e7\u00e3o do SMP. &#8220;A\u00a0constitui\u00e7\u00e3o diz que os\u00a0Poderes\u00a0t\u00eam autonomia, mas isso n\u00e3o significa que eles devam descumprir uma Lei Lederal&#8221;.\u00a0O engenheiro alagoano tamb\u00e9m pontuou que,\u00a0quando se trata dos concursos p\u00fablicos, n\u00e3o h\u00e1 a indexa\u00e7\u00e3o da remunera\u00e7\u00e3o pelas prefeituras, mas uma defini\u00e7\u00e3o de piso salarial, que \u00e9 l\u00edcita e legal.<\/p>\n<p>O presidente do Crea-PB, Antonio Carlos de Arag\u00e3o,\u00a0contou a experi\u00eancia da Para\u00edba em rela\u00e7\u00e3o ao assunto e as a\u00e7\u00f5es adotadas no sentido de conscientiza\u00e7\u00e3o dos gestores municipais. &#8220;N\u00f3s temos uma pol\u00edtica h\u00e1 quase 7 anos, de combate ao n\u00e3o cumprimento do SMP. Al\u00e9m de buscarmos sensibilizar os prefeitos, publicamos notas em jornais, nas nossas redes. Recentemente, tamb\u00e9m demos um passo \u00e0 frente, passando a remeter, atrav\u00e9s do setor jur\u00eddico, pedidos de impugna\u00e7\u00e3o dos editais&#8221;,\u00a0relatou Arag\u00e3o.<\/p>\n<p>&nbsp;<\/p>\n<p>&nbsp;<\/p>\n<p><em>*Grazielle Uch\u00f4a\/Assessoria de Comunica\u00e7\u00e3o do Crea-PB<\/em><\/p>\n","protected":false},"excerpt":{"rendered":"<p>Nesta quinta (29) e sexta-feira (30), a cidade de Jo\u00e3o Pessoa recebe a 5\u00aa Reuni\u00e3o Ordin\u00e1ria do F\u00f3rum de Presidentes de Creas da Regi\u00e3o Nordeste. Os gestores dos nove estados debatem na capital paraibana\u00a0assuntos relacionados \u00e0 uniformiza\u00e7\u00e3o de procedimentos\u00a0do sistema, al\u00e9m de proposi\u00e7\u00f5es para melhorias na\u00a0qualidade dos servi\u00e7os prestados pelos Regionais. Em pauta, est\u00e3o quest\u00f5es como a implanta\u00e7\u00e3o do Livro de Ordem, a padroniza\u00e7\u00e3o de a\u00e7\u00f5es em rela\u00e7\u00e3o aos t\u00e9cnicos e proposi\u00e7\u00f5es para o\u00a0Sistema de Informa\u00e7\u00f5es T\u00e9cnicas e Administrativas do Crea-SITAC. Participam, do Crea-PB, o presidente anfitri\u00e3o e coordenador adjunto do F\u00f3rum, Antonio Carlos de Arag\u00e3o; do Crea-BA, o coordenador [&hellip;]<\/p>\n","protected":false},"author":2,"featured_media":15673,"comment_status":"open","ping_status":"open","sticky":false,"template":"","format":"standard","meta":{"_acf_changed":false,"footnotes":""},"categories":[9],"tags":[],"class_list":["post-15669","post","type-post","status-publish","format-standard","has-post-thumbnail","hentry","category-noticias"],"acf":[],"_links":{"self":[{"href":"https:\/\/creapb.org.br\/site\/wp-json\/wp\/v2\/posts\/15669","targetHints":{"allow":["GET"]}}],"collection":[{"href":"https:\/\/creapb.org.br\/site\/wp-json\/wp\/v2\/posts"}],"about":[{"href":"https:\/\/creapb.org.br\/site\/wp-json\/wp\/v2\/types\/post"}],"author":[{"embeddable":true,"href":"https:\/\/creapb.org.br\/site\/wp-json\/wp\/v2\/users\/2"}],"replies":[{"embeddable":true,"href":"https:\/\/creapb.org.br\/site\/wp-json\/wp\/v2\/comments?post=15669"}],"version-history":[{"count":8,"href":"https:\/\/creapb.org.br\/site\/wp-json\/wp\/v2\/posts\/15669\/revisions"}],"predecessor-version":[{"id":15682,"href":"https:\/\/creapb.org.br\/site\/wp-json\/wp\/v2\/posts\/15669\/revisions\/15682"}],"wp:featuredmedia":[{"embeddable":true,"href":"https:\/\/creapb.org.br\/site\/wp-json\/wp\/v2\/media\/15673"}],"wp:attachment":[{"href":"https:\/\/creapb.org.br\/site\/wp-json\/wp\/v2\/media?parent=15669"}],"wp:term":[{"taxonomy":"category","embeddable":true,"href":"https:\/\/creapb.org.br\/site\/wp-json\/wp\/v2\/categories?post=15669"},{"taxonomy":"post_tag","embeddable":true,"href":"https:\/\/creapb.org.br\/site\/wp-json\/wp\/v2\/tags?post=15669"}],"curies":[{"name":"wp","href":"https:\/\/api.w.org\/{rel}","templated":true}]}}