{"id":15684,"date":"2018-12-05T15:35:48","date_gmt":"2018-12-05T18:35:48","guid":{"rendered":"http:\/\/creapb.org.br\/?p=15684"},"modified":"2018-12-05T15:35:48","modified_gmt":"2018-12-05T18:35:48","slug":"coordenaria-nacional-de-engenharia-eletrica-se-reune-na-paraiba-e-visita-parque-eolico-em-mataraca","status":"publish","type":"post","link":"https:\/\/creapb.org.br\/site\/coordenaria-nacional-de-engenharia-eletrica-se-reune-na-paraiba-e-visita-parque-eolico-em-mataraca\/","title":{"rendered":"Coordenaria nacional de Engenharia El\u00e9trica se re\u00fane na Para\u00edba e visita Parque E\u00f3lico em Mataraca"},"content":{"rendered":"<p><img fetchpriority=\"high\" decoding=\"async\" class=\"alignleft wp-image-15685\" src=\"https:\/\/creapb.org.br\/site\/wp-content\/uploads\/2018\/12\/WhatsApp-Image-2018-12-04-at-15.43.18.jpeg\" width=\"500\" height=\"375\" \/><\/p>\n<p>Nesta segunda (3), ter\u00e7a (4) e quarta-feira (5), a coordenadoria nacional de C\u00e2maras de Engenharia El\u00e9trica do sistema Confea\/Crea e M\u00fatua se re\u00fane em Jo\u00e3o Pessoa para\u00a0sua primeira sess\u00e3o extraordin\u00e1ria do ano. Em pauta, est\u00e3o quest\u00f5es como a cria\u00e7\u00e3o do Conselho de T\u00e9cnicos de n\u00edvel m\u00e9dio e seu impacto para a Engenharia El\u00e9trica, a a\u00e7\u00e3o da ABEE-SC e a fiscaliza\u00e7\u00e3o em rela\u00e7\u00e3o \u00e0 obrigatoriedade de Respons\u00e1veis T\u00e9cnicos em esta\u00e7\u00f5es\u00a0de energia el\u00e9trica da Eletrobras.<\/p>\n<p>A abertura contou com a presen\u00e7a do presidente do Crea-PB, Antonio Carlos de Arag\u00e3o, que, juntamente com o coordenador da CEEE do Regional, Ant\u00f4nio D\u00e1lia, deu as boas vindas aos coordenadores, desejando as todos um \u00f3timo andamento nos trabalhos do f\u00f3rum.<\/p>\n<p>O saldo da reuni\u00e3o, para o coordenador nacional Jovanilson Faleiro de Freitas, est\u00e1 sendo positivo. &#8220;em fun\u00e7\u00e3o da import\u00e2ncia das demandas que est\u00e3o sendo apresentadas e dentro da disponibilidade, dedica\u00e7\u00e3o e envolvimento de todos os coordenadores presentes, estamos conseguindo fechar a pauta e produzir um vasto material que vai contribuir para as respectivas coordenadorias Regionais atuarem na defesa da nossa profiss\u00e3o&#8221; comenta o conselheiro do Crea-GO.<\/p>\n<p><strong>Visita t\u00e9cnica<\/strong><\/p>\n<p>Al\u00e9m da reuni\u00e3o para debater demandas e formata\u00e7\u00e3o de propostas, que ocorre no Plen\u00e1rio do Crea-PB, os coordenadores de C\u00e2maras realizam, nesta quarta-feira (5), uma visita t\u00e9cnica ao Parque E\u00f3lico de Vale dos Ventos, localizado em Mataraca, munic\u00edpio a cerca de 100km de dist\u00e2ncia da capital paraibana.<\/p>\n<p><img decoding=\"async\" class=\"alignright wp-image-15686\" src=\"https:\/\/creapb.org.br\/site\/wp-content\/uploads\/2018\/12\/WhatsApp-Image-2018-12-05-at-15.17.35.jpeg\" width=\"400\" height=\"300\" \/><\/p>\n<p>A visita, de acordo com Jovanilson, foi pensada a partir das modifica\u00e7\u00f5es que o sistema energ\u00e9tico brasileiro vem sofrendo ao logo dos anos. &#8220;Vimos\u00a0a import\u00e2ncia de estar presentes nessa mudan\u00e7as e entender esse processo. Essa reuni\u00e3o foi planejada para ser em Jo\u00e3o Pessoa face \u00e0 disponibilidade de n\u00f3s conhecermos um parque e\u00f3lico e compreender todo o seu mecanismo,\u00a0 a sua relev\u00e2ncia para o sistema energ\u00e9tico e, principalmente, as oportunidades para atua\u00e7\u00e3o dos nossos profissionais junto a esse segmento&#8221;, justifica o coordenador.<\/p>\n<p>A estrutura do Parque E\u00f3lico de Vale dos Ventos consiste\u00a0em 60 turbinas e\u00f3licas de 800\u00a0kW\u00a0cada, que est\u00e3o localizadas em terras\u00a0agr\u00edcolas, onde planta-se\u00a0cana-de-a\u00e7\u00facar.\u00a0A\u00a0administra\u00e7\u00e3o\u00a0do parque est\u00e1 sob responsabilidade da empresa\u00a0Pacific Hydro, segundo a qual a\u00a0capacidade do Parque \u00e9 de iluminar 100.000 casas a cada ano (aproximadamente cinco por centro do consumo el\u00e9trico paraibano), evitando a emiss\u00e3o de 50.000 toneladas de g\u00e1s de\u00a0efeito estufa\u00a0por ano.<\/p>\n<p>&nbsp;<\/p>\n<p><strong>ABEE-PB presente\u00a0<\/strong><\/p>\n<p><img decoding=\"async\" class=\"alignleft wp-image-15687\" src=\"https:\/\/creapb.org.br\/site\/wp-content\/uploads\/2018\/12\/WhatsApp-Image-2018-12-04-at-09.39.36-2.jpeg\" width=\"350\" height=\"263\" \/><\/p>\n<p>Durante o segundo dia de reuni\u00e3o,\u00a0os diretores da\u00a0Associa\u00e7\u00e3o de Engenheiros Eletricistas &#8211; Se\u00e7\u00e3o Para\u00edba (ABEE-PB)\u00a0tamb\u00e9m participaram do f\u00f3rum.\u00a0O presidente da entidade,\u00a0Martinho Nobre, ex-coordenador nacional (2017) e ex-conselheiro federal, fez um breve relato das atividades da Associa\u00e7\u00e3o em 2018, destacando 3 cursos t\u00e9cnicos,a participa\u00e7\u00e3o no Semin\u00e1rio de Fiscaliza\u00e7\u00e3o do Crea-PB, no Conselho de Consumidores da ENERGISA e outras a\u00e7\u00f5es, como Of\u00edcio encaminhado ao\u00a0Tribunal de Contas do Estado sugerindo a\u00e7\u00f5es de fiscaliza\u00e7\u00e3o dos recursos advindos da CIP, bem como as gest\u00f5es da IP pelas prefeituras municipais.<\/p>\n<p>Na oportunidade, foi entregue ao coordenador da CCEEE,\u00a0 Jovanilson Faleiro de Freitas, a proposta para elabora\u00e7\u00e3o da &#8220;Tabela de Honor\u00e1rios da Engenharia El\u00e9trica&#8221; a n\u00edvel nacional, resultado do trabalho coordenado pelo eng. elet. Luiz Vallad\u00e3o, com os tamb\u00e9m engenheiros eletricistas Luiz Carlos, Ant\u00f4nio D\u00e1lia e Martinho Nobre.<\/p>\n<p>Martinho agradeceu a oportunidade, o apoio do\u00a0Crea na pessoa do presidente Arag\u00e3o, ressaltou a import\u00e2ncia das entidades para o Sistema, profissionais e sociedade,\u00a0destacando ainda o trabalho da ABEE Nacional, na pessoa do seu presidente, Jos\u00e9 Latr\u00f4nico, e do conselheiro federal, Carlos Neves.<\/p>\n<p>&nbsp;<\/p>\n<p><em>Grazielle Uch\u00f4a\/Assessoria de Comunica\u00e7\u00e3o do Crea-PB<\/em><\/p>\n","protected":false},"excerpt":{"rendered":"<p>Nesta segunda (3), ter\u00e7a (4) e quarta-feira (5), a coordenadoria nacional de C\u00e2maras de Engenharia El\u00e9trica do sistema Confea\/Crea e M\u00fatua se re\u00fane em Jo\u00e3o Pessoa para\u00a0sua primeira sess\u00e3o extraordin\u00e1ria do ano. Em pauta, est\u00e3o quest\u00f5es como a cria\u00e7\u00e3o do Conselho de T\u00e9cnicos de n\u00edvel m\u00e9dio e seu impacto para a Engenharia El\u00e9trica, a a\u00e7\u00e3o da ABEE-SC e a fiscaliza\u00e7\u00e3o em rela\u00e7\u00e3o \u00e0 obrigatoriedade de Respons\u00e1veis T\u00e9cnicos em esta\u00e7\u00f5es\u00a0de energia el\u00e9trica da Eletrobras. A abertura contou com a presen\u00e7a do presidente do Crea-PB, Antonio Carlos de Arag\u00e3o, que, juntamente com o coordenador da CEEE do Regional, Ant\u00f4nio D\u00e1lia, deu as [&hellip;]<\/p>\n","protected":false},"author":2,"featured_media":15685,"comment_status":"open","ping_status":"open","sticky":false,"template":"","format":"standard","meta":{"_acf_changed":false,"footnotes":""},"categories":[9],"tags":[],"class_list":["post-15684","post","type-post","status-publish","format-standard","has-post-thumbnail","hentry","category-noticias"],"acf":[],"_links":{"self":[{"href":"https:\/\/creapb.org.br\/site\/wp-json\/wp\/v2\/posts\/15684","targetHints":{"allow":["GET"]}}],"collection":[{"href":"https:\/\/creapb.org.br\/site\/wp-json\/wp\/v2\/posts"}],"about":[{"href":"https:\/\/creapb.org.br\/site\/wp-json\/wp\/v2\/types\/post"}],"author":[{"embeddable":true,"href":"https:\/\/creapb.org.br\/site\/wp-json\/wp\/v2\/users\/2"}],"replies":[{"embeddable":true,"href":"https:\/\/creapb.org.br\/site\/wp-json\/wp\/v2\/comments?post=15684"}],"version-history":[{"count":4,"href":"https:\/\/creapb.org.br\/site\/wp-json\/wp\/v2\/posts\/15684\/revisions"}],"predecessor-version":[{"id":15691,"href":"https:\/\/creapb.org.br\/site\/wp-json\/wp\/v2\/posts\/15684\/revisions\/15691"}],"wp:featuredmedia":[{"embeddable":true,"href":"https:\/\/creapb.org.br\/site\/wp-json\/wp\/v2\/media\/15685"}],"wp:attachment":[{"href":"https:\/\/creapb.org.br\/site\/wp-json\/wp\/v2\/media?parent=15684"}],"wp:term":[{"taxonomy":"category","embeddable":true,"href":"https:\/\/creapb.org.br\/site\/wp-json\/wp\/v2\/categories?post=15684"},{"taxonomy":"post_tag","embeddable":true,"href":"https:\/\/creapb.org.br\/site\/wp-json\/wp\/v2\/tags?post=15684"}],"curies":[{"name":"wp","href":"https:\/\/api.w.org\/{rel}","templated":true}]}}