{"id":15737,"date":"2018-12-17T13:33:24","date_gmt":"2018-12-17T16:33:24","guid":{"rendered":"http:\/\/creapb.org.br\/?p=15737"},"modified":"2018-12-17T13:33:24","modified_gmt":"2018-12-17T16:33:24","slug":"a-partir-do-dia-2012-tecnicos-industriais-nao-poderao-mais-ser-atendidos-pelos-creas","status":"publish","type":"post","link":"https:\/\/creapb.org.br\/site\/a-partir-do-dia-2012-tecnicos-industriais-nao-poderao-mais-ser-atendidos-pelos-creas\/","title":{"rendered":"A partir do dia 20\/12, t\u00e9cnicos industriais n\u00e3o poder\u00e3o mais ser atendidos pelos Creas"},"content":{"rendered":"<p><img fetchpriority=\"high\" decoding=\"async\" class=\"wp-image-15738 aligncenter\" src=\"https:\/\/creapb.org.br\/site\/wp-content\/uploads\/2018\/12\/WhatsApp-Image-2018-12-17-at-13.15.10.jpeg\" width=\"500\" height=\"500\" \/><\/p>\n<p>Informamos que, a partir de 20 de dezembro, os t\u00e9cnicos industriais n\u00e3o fazem mais parte do Sistema Confea\/Crea. Eles ser\u00e3o regidos pelo Conselho Federal dos T\u00e9cnicos Industriais (CFT), constitu\u00eddo no dia 22 de junho de 2018. A efetiva\u00e7\u00e3o da nova entidade segue o cumprimento da lei 13.639, criada em mar\u00e7o de 2018.<\/p>\n<p>Os t\u00e9cnicos industriais de n\u00edvel m\u00e9dio s\u00e3o aqueles do grupo das engenharias \u2013 mec\u00e2nica e metalurgia, qu\u00edmica, el\u00e9trica, civil, agrimensura e geologia e minas. Os t\u00e9cnicos em seguran\u00e7a do trabalho pertencem ao grupo especial e continuam a fazer parte do Sistema Confea\/Crea. Veja a rela\u00e7\u00e3o completa no\u00a0<strong><a href=\"https:\/\/www.cft.org.br\/tecnicos-industriais\/\">site do CFT.<\/a><\/strong><\/p>\n<p><strong>Quais os t\u00e9cnicos de n\u00edvel m\u00e9dio que permanecem no Sistema Confea\/Crea<\/strong><\/p>\n<ul>\n<li>Os t\u00e9cnicos de n\u00edvel m\u00e9dio que comp\u00f5es o Grupo Agronomia at\u00e9 que seja constitu\u00eddo o Conselho dos T\u00e9cnicos Agr\u00edcolas<\/li>\n<li>Os t\u00e9cnicos de n\u00edvel m\u00e9dio que pertencem ao Grupo Especial \u2013 t\u00e9cnicos em seguran\u00e7a do trabalho<\/li>\n<li>Os t\u00e9cnicos de n\u00edvel m\u00e9dio em seguran\u00e7a do trabalho que possuem mais de uma titula\u00e7\u00e3o e n\u00edvel t\u00e9cnico *<\/li>\n<li>T\u00e9cnicos de n\u00edvel m\u00e9dio que tamb\u00e9m possuem t\u00edtulo de n\u00edvel superior *<\/li>\n<li>T\u00e9cnicos de n\u00edvel m\u00e9dio com t\u00edtulo na \u00e1rea industrial e agr\u00edcola, simultaneamente *<\/li>\n<\/ul>\n<p><strong>Outros links \u00fateis:<\/strong><\/p>\n<ul>\n<li><strong><a href=\"http:\/\/www.planalto.gov.br\/ccivil_03\/_ato2015-2018\/2018\/Lei\/L13639.htm\">Lei 13.639<\/a><\/strong><\/li>\n<li><strong><a href=\"http:\/\/www.cnpl.org.br\/%22%20%5Ct%20%22_blank\">Confedera\u00e7\u00e3o Nacional das Profiss\u00f5es Liberais<\/a><\/strong><\/li>\n<li><strong><a href=\"http:\/\/www.fentec.org.br\/%22%20%5Ct%20%22_blank\">Federa\u00e7\u00e3o Nacional dos T\u00e9cnicos Industriais<\/a><\/strong><\/li>\n<li><strong><a href=\"http:\/\/www.fenata.com.br\/\">Federa\u00e7\u00e3o Nacional dos T\u00e9cnicos Agr\u00edcolas<\/a><\/strong><\/li>\n<li><strong><a href=\"http:\/\/www.cft.org.br\/\">Conselho Federal dos T\u00e9cnicos Industriais<\/a><\/strong><\/li>\n<\/ul>\n","protected":false},"excerpt":{"rendered":"<p>Informamos que, a partir de 20 de dezembro, os t\u00e9cnicos industriais n\u00e3o fazem mais parte do Sistema Confea\/Crea. Eles ser\u00e3o regidos pelo Conselho Federal dos T\u00e9cnicos Industriais (CFT), constitu\u00eddo no dia 22 de junho de 2018. A efetiva\u00e7\u00e3o da nova entidade segue o cumprimento da lei 13.639, criada em mar\u00e7o de 2018. Os t\u00e9cnicos industriais de n\u00edvel m\u00e9dio s\u00e3o aqueles do grupo das engenharias \u2013 mec\u00e2nica e metalurgia, qu\u00edmica, el\u00e9trica, civil, agrimensura e geologia e minas. Os t\u00e9cnicos em seguran\u00e7a do trabalho pertencem ao grupo especial e continuam a fazer parte do Sistema Confea\/Crea. Veja a rela\u00e7\u00e3o completa no\u00a0site do [&hellip;]<\/p>\n","protected":false},"author":2,"featured_media":15738,"comment_status":"open","ping_status":"open","sticky":false,"template":"","format":"standard","meta":{"_acf_changed":false,"footnotes":""},"categories":[9],"tags":[],"class_list":["post-15737","post","type-post","status-publish","format-standard","has-post-thumbnail","hentry","category-noticias"],"acf":[],"_links":{"self":[{"href":"https:\/\/creapb.org.br\/site\/wp-json\/wp\/v2\/posts\/15737","targetHints":{"allow":["GET"]}}],"collection":[{"href":"https:\/\/creapb.org.br\/site\/wp-json\/wp\/v2\/posts"}],"about":[{"href":"https:\/\/creapb.org.br\/site\/wp-json\/wp\/v2\/types\/post"}],"author":[{"embeddable":true,"href":"https:\/\/creapb.org.br\/site\/wp-json\/wp\/v2\/users\/2"}],"replies":[{"embeddable":true,"href":"https:\/\/creapb.org.br\/site\/wp-json\/wp\/v2\/comments?post=15737"}],"version-history":[{"count":2,"href":"https:\/\/creapb.org.br\/site\/wp-json\/wp\/v2\/posts\/15737\/revisions"}],"predecessor-version":[{"id":15740,"href":"https:\/\/creapb.org.br\/site\/wp-json\/wp\/v2\/posts\/15737\/revisions\/15740"}],"wp:featuredmedia":[{"embeddable":true,"href":"https:\/\/creapb.org.br\/site\/wp-json\/wp\/v2\/media\/15738"}],"wp:attachment":[{"href":"https:\/\/creapb.org.br\/site\/wp-json\/wp\/v2\/media?parent=15737"}],"wp:term":[{"taxonomy":"category","embeddable":true,"href":"https:\/\/creapb.org.br\/site\/wp-json\/wp\/v2\/categories?post=15737"},{"taxonomy":"post_tag","embeddable":true,"href":"https:\/\/creapb.org.br\/site\/wp-json\/wp\/v2\/tags?post=15737"}],"curies":[{"name":"wp","href":"https:\/\/api.w.org\/{rel}","templated":true}]}}