{"id":15750,"date":"2018-12-19T16:39:02","date_gmt":"2018-12-19T19:39:02","guid":{"rendered":"http:\/\/creapb.org.br\/?p=15750"},"modified":"2018-12-19T16:39:02","modified_gmt":"2018-12-19T19:39:02","slug":"commea-encerra-atividades-de-2018-com-partipacao-do-crea-pb","status":"publish","type":"post","link":"https:\/\/creapb.org.br\/site\/commea-encerra-atividades-de-2018-com-partipacao-do-crea-pb\/","title":{"rendered":"COMMEA encerra atividades de 2018 com partipa\u00e7\u00e3o do Crea-PB"},"content":{"rendered":"<p><img fetchpriority=\"high\" decoding=\"async\" class=\"wp-image-15751 aligncenter\" src=\"https:\/\/creapb.org.br\/site\/wp-content\/uploads\/2018\/12\/WhatsApp-Image-2018-12-19-at-16.26.12.jpeg\" width=\"800\" height=\"325\" \/><\/p>\n<p>O Conselho Municipal de Meio Ambiente de Cabedelo (COMMEA) se reuniu pela \u00faltima vez em 2018 e teve a participa\u00e7\u00e3o do Crea-PB em sua 47\u00aa Reuni\u00e3o Ordin\u00e1ria, coordenada pelo secret\u00e1rio de Meio Ambiente, Pesca e Aquicultura (Semapa), Walber Farias.<\/p>\n<p>O gerente adjunto de Fiscaliza\u00e7\u00e3o do Crea, Juan \u00c9bano, representou o Regional, j\u00e1 que ocupa o cargo de conselheiro suplente. Na oportunidade, o engenheiro ambiental parabenizou os trabalhos do COMMEA e levou sugest\u00f5es relacionadas aos relat\u00f3rios que s\u00e3o enviados para os conselheiros, a fim de facilitar a conson\u00e2ncia das licen\u00e7as verificadas, bem como a verifica\u00e7\u00e3o de registros de Anota\u00e7\u00f5es de Reponsabilidade T\u00e9cnica e de poss\u00edveis empresas da \u00e1rea tecnol\u00f3gica.<\/p>\n<p>O secret\u00e1tio Walber Farias conduziu a reuni\u00e3o, na qual foram tratadas as a\u00e7\u00f5es que a Semepa vem desempenhando em prol do desenvolvimento sustent\u00e1vel de Cabedelo, bem como quest\u00f5es relacionadas \u00e0 educa\u00e7\u00e3o ambiental e \u00e0s licen\u00e7as emitida pelo \u00f3rg\u00e3o(Pr\u00e9via, de Instala\u00e7\u00e3o e de Opera\u00e7\u00e3o).<\/p>\n<p><strong>O COMMEA<\/strong><\/p>\n<p>O Conselho \u00e9 composto por 24 conselheiros e tem car\u00e1ter consultivo e deliberativo e \u00e9 respons\u00e1vel pela discuss\u00e3o, formula\u00e7\u00e3o e defini\u00e7\u00e3o de pol\u00edticas p\u00fablicas ambientais do munic\u00edpio de Cabedelo. Vinculado \u00e0 Secretaria de Meio Ambiente, Pesca e Aquicultura (Semapa), o COMMEA obedece ao principio da paridade, sendo, portanto, 12 representantes da sociedade civil e 12 de institui\u00e7\u00f5es p\u00fablicas.<\/p>\n<p>Al\u00e9m do Crea-PB, tamb\u00e9m integram o COMMEA representantes das Secretarias Municipais de Infraestrutura; Planejamento e Habita\u00e7\u00e3o; Educa\u00e7\u00e3o e Sa\u00fade; da C\u00e2mara Municipal de Cabedelo, da Cia de \u00c1guas e Esgoto da Para\u00edba (Cagepa); do Instituto Chico Mendes de Conserva\u00e7\u00e3o da Biodiversidade (ICMBio); da Superintend\u00eancia de Administra\u00e7\u00e3o do Meio Ambiente (Sudema); do Instituto Federal da Para\u00edba (IFPB), do Instituto Brasileiro do Meio Ambiente e dos Recursos Naturais Renov\u00e1veis (Ibama); da Associa\u00e7\u00e3o N\u00e1utica da Para\u00edba; da Ordem dos Advogados do Brasil \u2013 Seccional Para\u00edba (OAB); do Conselho de Arquitetura e Urbanismo da Para\u00edba (CAU-PB); da Funda\u00e7\u00e3o Fortaleza de Santa Catarina; da Organiza\u00e7\u00e3o N\u00e3o-Governamental Guajiru; da Categoria Patronal das Ind\u00fastrias, Com\u00e9rcio de Bens e Servi\u00e7os; da Associa\u00e7\u00e3o dos Moradores e Amigos do Bairro de Santa Catarina (AMABSC); da Associa\u00e7\u00e3o Comunit\u00e1ria dos Moradores do Bairro do Jardim Manguinhos (Acomjam); e da Col\u00f4nia dos Pescadores Z2 \u2013 Cabedelo.<\/p>\n<p>&nbsp;<\/p>\n<p><em>Assessoria de Comunica\u00e7\u00e3o do Crea-PB<\/em><\/p>\n","protected":false},"excerpt":{"rendered":"<p>O Conselho Municipal de Meio Ambiente de Cabedelo (COMMEA) se reuniu pela \u00faltima vez em 2018 e teve a participa\u00e7\u00e3o do Crea-PB em sua 47\u00aa Reuni\u00e3o Ordin\u00e1ria, coordenada pelo secret\u00e1rio de Meio Ambiente, Pesca e Aquicultura (Semapa), Walber Farias. O gerente adjunto de Fiscaliza\u00e7\u00e3o do Crea, Juan \u00c9bano, representou o Regional, j\u00e1 que ocupa o cargo de conselheiro suplente. Na oportunidade, o engenheiro ambiental parabenizou os trabalhos do COMMEA e levou sugest\u00f5es relacionadas aos relat\u00f3rios que s\u00e3o enviados para os conselheiros, a fim de facilitar a conson\u00e2ncia das licen\u00e7as verificadas, bem como a verifica\u00e7\u00e3o de registros de Anota\u00e7\u00f5es de Reponsabilidade [&hellip;]<\/p>\n","protected":false},"author":2,"featured_media":15752,"comment_status":"open","ping_status":"open","sticky":false,"template":"","format":"standard","meta":{"_acf_changed":false,"footnotes":""},"categories":[9],"tags":[],"class_list":["post-15750","post","type-post","status-publish","format-standard","has-post-thumbnail","hentry","category-noticias"],"acf":[],"_links":{"self":[{"href":"https:\/\/creapb.org.br\/site\/wp-json\/wp\/v2\/posts\/15750","targetHints":{"allow":["GET"]}}],"collection":[{"href":"https:\/\/creapb.org.br\/site\/wp-json\/wp\/v2\/posts"}],"about":[{"href":"https:\/\/creapb.org.br\/site\/wp-json\/wp\/v2\/types\/post"}],"author":[{"embeddable":true,"href":"https:\/\/creapb.org.br\/site\/wp-json\/wp\/v2\/users\/2"}],"replies":[{"embeddable":true,"href":"https:\/\/creapb.org.br\/site\/wp-json\/wp\/v2\/comments?post=15750"}],"version-history":[{"count":2,"href":"https:\/\/creapb.org.br\/site\/wp-json\/wp\/v2\/posts\/15750\/revisions"}],"predecessor-version":[{"id":15754,"href":"https:\/\/creapb.org.br\/site\/wp-json\/wp\/v2\/posts\/15750\/revisions\/15754"}],"wp:featuredmedia":[{"embeddable":true,"href":"https:\/\/creapb.org.br\/site\/wp-json\/wp\/v2\/media\/15752"}],"wp:attachment":[{"href":"https:\/\/creapb.org.br\/site\/wp-json\/wp\/v2\/media?parent=15750"}],"wp:term":[{"taxonomy":"category","embeddable":true,"href":"https:\/\/creapb.org.br\/site\/wp-json\/wp\/v2\/categories?post=15750"},{"taxonomy":"post_tag","embeddable":true,"href":"https:\/\/creapb.org.br\/site\/wp-json\/wp\/v2\/tags?post=15750"}],"curies":[{"name":"wp","href":"https:\/\/api.w.org\/{rel}","templated":true}]}}