{"id":15765,"date":"2019-01-09T12:44:40","date_gmt":"2019-01-09T15:44:40","guid":{"rendered":"http:\/\/creapb.org.br\/?p=15765"},"modified":"2018-12-26T12:47:11","modified_gmt":"2018-12-26T15:47:11","slug":"ja-estao-abertas-as-inscricoes-para-o-contecc-2019","status":"publish","type":"post","link":"https:\/\/creapb.org.br\/site\/ja-estao-abertas-as-inscricoes-para-o-contecc-2019\/","title":{"rendered":"J\u00e1 est\u00e3o abertas as inscri\u00e7\u00f5es para o Contecc 2019"},"content":{"rendered":"<p><img decoding=\"async\" class=\"alignleft size-full wp-image-15766\" src=\"https:\/\/creapb.org.br\/site\/wp-content\/uploads\/2018\/12\/CONTECC_GERAL.jpg\" alt=\"\" width=\"450\" height=\"107\" \/><\/p>\n<p>Em 2019, o Congresso T\u00e9cnico Cient\u00edfico da Engenharia e da Agronomia (Contecc) ser\u00e1 em Palmas (TO), entre 17 e 19 de setembro, durante a 76\u00aa Semana Oficial da Engenharia e da Agronomia (Soea). Profissionais, estudantes e professores das \u00e1reas da Engenharia, Agronomia e Geoci\u00eancias ir\u00e3o se reunir para apresentar e outros para conhecer trabalhos t\u00e9cnicos cient\u00edficos escolhidos, dos quais 24 ser\u00e3o selecionados para apresenta\u00e7\u00e3o nas mais diferentes \u00e1reas tem\u00e1ticas e de atua\u00e7\u00e3o.<\/p>\n<p>Em Palmas, o congresso ir\u00e1 reunir alguns dos principais especialistas nesta \u00e1rea de conhecimento, como tamb\u00e9m em todos os segmentos ligados ao Sistema Confea\/Crea. Eles v\u00e3o discutir o cen\u00e1rio de suas realidades locais e nacional, demonstrando exemplos de inova\u00e7\u00f5es em empresas, institutos de pesquisas, al\u00e9m de apontar caminhos para que inova\u00e7\u00f5es se desenvolvam com t\u00e9cnicas e aplica\u00e7\u00e3o de pesquisas que tenham como objetivo promover o desenvolvimento nacional.<\/p>\n<p>No site\u00a0<a href=\"http:\/\/contecc.confea.org.br\/\" target=\"_blank\">http:\/\/contecc.confea.org.br<\/a>\u00a0os interessados poder\u00e3o submeter seus trabalhos at\u00e9 23h59 do dia 4 de abril de 2019.<\/p>\n<p>&nbsp;<\/p>\n<p><a href=\"http:\/\/normativos.confea.org.br\/downloads\/anexo\/1606-18.pdf\" target=\"_blank\"><b>Normas do Contecc 2019 (Decis\u00e3o Plen\u00e1ria PL-1606\/2018)<\/b><\/a><\/p>\n<p>&#8211;\u00a0<a href=\"http:\/\/www.confea.org.br\/media\/EDITAL_DE_CHAMADAPUBLICA_012018_76SOEACONTECC.pdf\" target=\"_blank\">Edital de Chamada P\u00fablica<\/a><\/p>\n<p>&#8211;\u00a0<a href=\"http:\/\/www.confea.org.br\/media\/CONTECC2019_EXTRATO_EDITAL_DOU.pdf\" target=\"_blank\">Extrato Edital publicado no Di\u00e1rio Oficial da Uni\u00e3o<\/a><\/p>\n<p><b>Modelos<\/b><\/p>\n<p><b>\u00a0&#8211;\u00a0<\/b><a href=\"http:\/\/www.confea.org.br\/media\/ModeloEditavel_TrabalhoCONTECC2019.doc\" target=\"_blank\">Modelo Edit\u00e1vel do Trabalho do Contecc 2019<\/a><\/p>\n<p>&#8211;\u00a0<a href=\"http:\/\/www.confea.org.br\/media\/Modelo_Banner_CONTECC2019.pptx\" target=\"_blank\">Modelo do Banner do Contecc 2019<\/a><\/p>\n<p><b>Mais informa\u00e7\u00f5es:<\/b>\u00a0<a href=\"mailto:contecc@confea.org.br\" target=\"_blank\">contecc@confea.org.br<\/a><\/p>\n<p>&nbsp;<\/p>\n<p>Os\u00a0\u00a0 trabalhos submetidos dever\u00e3o abordar\u00a0\u00a0 as\u00a0\u00a0 modalidades\u00a0\u00a0 abrangidas\u00a0\u00a0 pelo\u00a0\u00a0 Sistema Confea\/Crea:\u00a0 Agrimensura, Agronomia, Civil, El\u00e9trica, Mec\u00e2nica\/Metalurgia, Qu\u00edmica\u00a0 e Geologia\/Minas, conforme detalhado na Resolu\u00e7\u00e3o n\u00ba 473, de 2002. Poder\u00e3o ser inscritos, tamb\u00e9m, trabalhos t\u00e9cnicos que versem sobre Experi\u00eancia Profissional, Gest\u00e3o, Educa\u00e7\u00e3o, Acessibilidade e Sustentabilidade, considerados em um s\u00f3 grupo (Experi\u00eancia Profissional).<\/p>\n<p>De acordo com a\u00a0<a href=\"http:\/\/normativos.confea.org.br\/ementas\/visualiza.asp?idEmenta=66742&amp;idTiposEmentas=6&amp;Numero=1608&amp;AnoIni=2018&amp;AnoFim=2018&amp;PalavraChave=&amp;buscarem=conteudo&amp;vigente=\" target=\"_blank\">Decis\u00e3o Plen\u00e1ria PL-1608\/2018<\/a>, a avalia\u00e7\u00e3o dos trabalhos acontecer\u00e1 at\u00e9 10 de maio de 2019. A divulga\u00e7\u00e3o dos aprovados ser\u00e1 em 17 de maio. A entrega dos arquivos dos banners dos selecionados dever\u00e1 ser at\u00e9 o dia 28 do mesmo m\u00eas. Os trabalhos classificados para apresenta\u00e7\u00e3o oral ser\u00e3o anunciados no dia 31, quando tamb\u00e9m ser\u00e3o publicados os resultados finais da avalia\u00e7\u00e3o dos trabalhos.<\/p>\n<p><b>N\u00fameros<\/b><\/p>\n<p>Em 2018, a organiza\u00e7\u00e3o do Contecc realizado em Macei\u00f3 (AL) recebeu 775 trabalhos, dos quais 580 foram aprovados. Foram inscritos 676 congressistas no Congresso, sendo 325 estudantes de cursos de gradua\u00e7\u00e3o e p\u00f3s-gradua\u00e7\u00e3o em Engenharia e Agronomia, 132 profissionais registrados no Sistema Confea\/Crea e 7 profissionais de outras categorias, al\u00e9m de profissionais j\u00e1 graduados com 212 inscri\u00e7\u00f5es.<\/p>\n<p>Dos trabalhos t\u00e9cnicos cient\u00edficos inscritos, foram aceitos 580 trabalhos, sendo 8 da modalidade Agrimensura, 247 da Agronomia, 198 de Civil, 24 da modalidade El\u00e9trica, 26 de Mec\u00e2nica\/Metal\u00fargica, 25 de Qu\u00edmica, 8 de Geologia e Minas e 44 de Experi\u00eancia Profissional Gest\u00e3o e Educa\u00e7\u00e3o.<\/p>\n<p>Foram recebidos 436 banners dos quais 395 foram apresentados pelos seus autores, sendo 7 da modalidade da Agrimensura, 172 da Agronomia, 120 de Civil, 19 da modalidade El\u00e9trica, 17 de Mec\u00e2nica\/Metal\u00fargica, 23 de Qu\u00edmica, 3 de Geologia e Minas, e 34 de Experi\u00eancia Profissional Gest\u00e3o e Educa\u00e7\u00e3o.<\/p>\n<p>&nbsp;<\/p>\n<p><b>Julianna Curado<br \/>\nEquipe de Comunica\u00e7\u00e3o do Confea<\/b><\/p>\n","protected":false},"excerpt":{"rendered":"<p>Em 2019, o Congresso T\u00e9cnico Cient\u00edfico da Engenharia e da Agronomia (Contecc) ser\u00e1 em Palmas (TO), entre 17 e 19 de setembro, durante a 76\u00aa Semana Oficial da Engenharia e da Agronomia (Soea). Profissionais, estudantes e professores das \u00e1reas da Engenharia, Agronomia e Geoci\u00eancias ir\u00e3o se reunir para apresentar e outros para conhecer trabalhos t\u00e9cnicos cient\u00edficos escolhidos, dos quais 24 ser\u00e3o selecionados para apresenta\u00e7\u00e3o nas mais diferentes \u00e1reas tem\u00e1ticas e de atua\u00e7\u00e3o. Em Palmas, o congresso ir\u00e1 reunir alguns dos principais especialistas nesta \u00e1rea de conhecimento, como tamb\u00e9m em todos os segmentos ligados ao Sistema Confea\/Crea. Eles v\u00e3o discutir o [&hellip;]<\/p>\n","protected":false},"author":2,"featured_media":15766,"comment_status":"open","ping_status":"open","sticky":false,"template":"","format":"standard","meta":{"_acf_changed":false,"footnotes":""},"categories":[9],"tags":[],"class_list":["post-15765","post","type-post","status-publish","format-standard","has-post-thumbnail","hentry","category-noticias"],"acf":[],"_links":{"self":[{"href":"https:\/\/creapb.org.br\/site\/wp-json\/wp\/v2\/posts\/15765","targetHints":{"allow":["GET"]}}],"collection":[{"href":"https:\/\/creapb.org.br\/site\/wp-json\/wp\/v2\/posts"}],"about":[{"href":"https:\/\/creapb.org.br\/site\/wp-json\/wp\/v2\/types\/post"}],"author":[{"embeddable":true,"href":"https:\/\/creapb.org.br\/site\/wp-json\/wp\/v2\/users\/2"}],"replies":[{"embeddable":true,"href":"https:\/\/creapb.org.br\/site\/wp-json\/wp\/v2\/comments?post=15765"}],"version-history":[{"count":1,"href":"https:\/\/creapb.org.br\/site\/wp-json\/wp\/v2\/posts\/15765\/revisions"}],"predecessor-version":[{"id":15767,"href":"https:\/\/creapb.org.br\/site\/wp-json\/wp\/v2\/posts\/15765\/revisions\/15767"}],"wp:featuredmedia":[{"embeddable":true,"href":"https:\/\/creapb.org.br\/site\/wp-json\/wp\/v2\/media\/15766"}],"wp:attachment":[{"href":"https:\/\/creapb.org.br\/site\/wp-json\/wp\/v2\/media?parent=15765"}],"wp:term":[{"taxonomy":"category","embeddable":true,"href":"https:\/\/creapb.org.br\/site\/wp-json\/wp\/v2\/categories?post=15765"},{"taxonomy":"post_tag","embeddable":true,"href":"https:\/\/creapb.org.br\/site\/wp-json\/wp\/v2\/tags?post=15765"}],"curies":[{"name":"wp","href":"https:\/\/api.w.org\/{rel}","templated":true}]}}