{"id":15886,"date":"2019-02-08T16:43:17","date_gmt":"2019-02-08T19:43:17","guid":{"rendered":"http:\/\/creapb.org.br\/?p=15886"},"modified":"2019-02-08T17:08:43","modified_gmt":"2019-02-08T20:08:43","slug":"presidente-do-crea-pb-participa-da-plenaria-do-crea-mg-e-se-solidariza-com-mineiros-apos-tragedia-em-brumadinho","status":"publish","type":"post","link":"https:\/\/creapb.org.br\/site\/presidente-do-crea-pb-participa-da-plenaria-do-crea-mg-e-se-solidariza-com-mineiros-apos-tragedia-em-brumadinho\/","title":{"rendered":"Presidente do Crea-PB participa da plen\u00e1ria do Crea-MG e se solidariza com mineiros ap\u00f3s trag\u00e9dia em Brumadinho"},"content":{"rendered":"<p>O presidente do Conselho Regional de Engenharia da Para\u00edba (Crea-PB), o engenheiro civil Ant\u00f4nio Carlos Arag\u00e3o,\u00a0 participou nesta quinta-feira (07) da sess\u00e3o ordin\u00e1ria do Plen\u00e1rio do Crea-MG,em Belo Horizonte, juntamente com os presidentes do Crea-Goi\u00e1s, o engenheiro agr\u00f4nomo Francisco Ant\u00f4nio Silva de Almeida,\u00a0 e o presidente do Crea-SE, engenheiro agr\u00f4nomo Ar\u00edcio Resende Silva.\u00a0Ant\u00f4nio Carlos de Arag\u00e3o\u00a0se solidarizou com os mineiros pela grande trag\u00e9dia que ocorreu em Brumadinho e\u00a0tamb\u00e9m falou aos conselheiros no plen\u00e1rio.<\/p>\n<p>Na\u00a0ocasi\u00e3o,\u00a0as lideran\u00e7as regionais manifestaram apoio aos mineiros e solidariedade \u00e0s fam\u00edlias dos profissionais que morreram ap\u00f3s o rompimento da barragem da Mina do Feij\u00e3o, ocorrido no\u00a025 de janeiro, em Brumadinho, na Regi\u00e3o Metropolitana de Belo Horizonte. Presidentes de associa\u00e7\u00f5es de classe e sindicatos, como o Sinduscon, Sinaenco e Sindilurb, tamb\u00e9m participaram da sess\u00e3o.<\/p>\n<p>Ant\u00f4nio Carlos de Arag\u00e3o, tamb\u00e9m falou aos conselheiros no plen\u00e1rio.\u00a0&#8220;<em>E lhe pe\u00e7o, presidente, que leve a todos os mineiros, a todos os profissionais que foram afetados de alguma forma por essa trag\u00e9dia, o nosso abra\u00e7o.&#8221; salientou.<\/em><\/p>\n<p>O presidente do Crea-Goi\u00e1s, engenheiro agr\u00f4nomo Francisco Ant\u00f4nio Silva de Almeida, que tamb\u00e9m est\u00e1 \u00e0 frente do Col\u00e9gio de Presidentes do Sistema Confea\/Crea, lamentou a perda de tantas vidas no maior acidente de trabalho do pa\u00eds.<\/p>\n<p><em>Francisco Almeida: Essa indigna\u00e7\u00e3o nossa, que tamb\u00e9m \u00e9 do presidente do Confea, n\u00e3o \u00e9 aceit\u00e1vel. Porque n\u00f3s somos provedores do desenvolvimento sustent\u00e1vel. Ent\u00e3o, viemos todos aqui se solidarizar com voc\u00eas.<\/em><\/p>\n<p>O presidente do Crea-Sergipe, engenheiro agr\u00f4nomo Ar\u00edcio Resende Silva, lembrou da autoridade t\u00e9cnica da engenharia e disse que decis\u00f5es pol\u00edticas, por vezes, limitam o trabalho dos profissionais mais qualificados, numa refer\u00eancia a preg\u00f5es que selecionam projetos mais baratos.<\/p>\n<p><em>Ar\u00edcio Silva: Engenharia \u00e9 uma ci\u00eancia exata. Tudo \u00e9 poss\u00edvel para a engenharia, desde que seja pensada. E a pol\u00edtica est\u00e1 limitando a atua\u00e7\u00e3o deste not\u00f3rio conhecimento t\u00e9cnico.<\/em><\/p>\n<p>O presidente do Sindicato da Ind\u00fastria da Constru\u00e7\u00e3o Pesada no Estado de Minas Gerais, engenheiro civil Emir Cadar Filho, foi al\u00e9m e cobrou provid\u00eancias \u00e0 valoriza\u00e7\u00e3o dos profissionais da \u00e1rea tecnol\u00f3gica.<\/p>\n<p><em>Emir Cadar: Tudo na vida tem o lado bom e ruim .O ruim j\u00e1 falamos aqui, e fizemos um minuto de sil\u00eancio. Talvez, tudo que dissemos agora possa ser ouvido. N\u00f3s alertamos sobre a desvaloriza\u00e7\u00e3o do profissional da engenharia. Estamos com o Crea-MG na luta contra a lei de licita\u00e7\u00f5es. Ela prev\u00ea at\u00e9 que n\u00e3o haveria mais a necessidade de comprova\u00e7\u00e3o de ART para comprovar a capacidade do profissional, de uma empresa. Fala at\u00e9 em outros meios, sem cit\u00e1-los. Isso desvaloriza a nossa engenharia.\u00a0<\/em><\/p>\n<p>O presidente do Confea, engenheiro civil Joel Kr\u00fcger, tamb\u00e9m manifestou apoio \u00e0s v\u00edtimas de Brumadinho e refor\u00e7ou, em Minas, a necessidade de discutir alternativas e protocolos t\u00e9cnicos capazes de minimizar riscos sociais e ambientais, assim como as pol\u00edticas de licenciamento ambiental e de seguran\u00e7a de barragens.<\/p>\n<p><em>Informa\u00e7\u00f5es da Assessoria de Comunica\u00e7\u00e3o do\u00a0Crea-MG<\/em><\/p>\n<p><img fetchpriority=\"high\" decoding=\"async\" class=\"alignleft size-full wp-image-15883\" src=\"https:\/\/creapb.org.br\/site\/wp-content\/uploads\/2019\/02\/mg.jpeg\" alt=\"\" width=\"640\" height=\"320\" \/><\/p>\n","protected":false},"excerpt":{"rendered":"<p>O presidente do Conselho Regional de Engenharia da Para\u00edba (Crea-PB), o engenheiro civil Ant\u00f4nio Carlos Arag\u00e3o,\u00a0 participou nesta quinta-feira (07) da sess\u00e3o ordin\u00e1ria do Plen\u00e1rio do Crea-MG,em Belo Horizonte, juntamente com os presidentes do Crea-Goi\u00e1s, o engenheiro agr\u00f4nomo Francisco Ant\u00f4nio Silva de Almeida,\u00a0 e o presidente do Crea-SE, engenheiro agr\u00f4nomo Ar\u00edcio Resende Silva.\u00a0Ant\u00f4nio Carlos de Arag\u00e3o\u00a0se solidarizou com os mineiros pela grande trag\u00e9dia que ocorreu em Brumadinho e\u00a0tamb\u00e9m falou aos conselheiros no plen\u00e1rio. Na\u00a0ocasi\u00e3o,\u00a0as lideran\u00e7as regionais manifestaram apoio aos mineiros e solidariedade \u00e0s fam\u00edlias dos profissionais que morreram ap\u00f3s o rompimento da barragem da Mina do Feij\u00e3o, ocorrido no\u00a025 de [&hellip;]<\/p>\n","protected":false},"author":2,"featured_media":15883,"comment_status":"open","ping_status":"open","sticky":false,"template":"","format":"standard","meta":{"_acf_changed":false,"footnotes":""},"categories":[9],"tags":[],"class_list":["post-15886","post","type-post","status-publish","format-standard","has-post-thumbnail","hentry","category-noticias"],"acf":[],"_links":{"self":[{"href":"https:\/\/creapb.org.br\/site\/wp-json\/wp\/v2\/posts\/15886","targetHints":{"allow":["GET"]}}],"collection":[{"href":"https:\/\/creapb.org.br\/site\/wp-json\/wp\/v2\/posts"}],"about":[{"href":"https:\/\/creapb.org.br\/site\/wp-json\/wp\/v2\/types\/post"}],"author":[{"embeddable":true,"href":"https:\/\/creapb.org.br\/site\/wp-json\/wp\/v2\/users\/2"}],"replies":[{"embeddable":true,"href":"https:\/\/creapb.org.br\/site\/wp-json\/wp\/v2\/comments?post=15886"}],"version-history":[{"count":2,"href":"https:\/\/creapb.org.br\/site\/wp-json\/wp\/v2\/posts\/15886\/revisions"}],"predecessor-version":[{"id":15895,"href":"https:\/\/creapb.org.br\/site\/wp-json\/wp\/v2\/posts\/15886\/revisions\/15895"}],"wp:featuredmedia":[{"embeddable":true,"href":"https:\/\/creapb.org.br\/site\/wp-json\/wp\/v2\/media\/15883"}],"wp:attachment":[{"href":"https:\/\/creapb.org.br\/site\/wp-json\/wp\/v2\/media?parent=15886"}],"wp:term":[{"taxonomy":"category","embeddable":true,"href":"https:\/\/creapb.org.br\/site\/wp-json\/wp\/v2\/categories?post=15886"},{"taxonomy":"post_tag","embeddable":true,"href":"https:\/\/creapb.org.br\/site\/wp-json\/wp\/v2\/tags?post=15886"}],"curies":[{"name":"wp","href":"https:\/\/api.w.org\/{rel}","templated":true}]}}