{"id":15891,"date":"2019-02-08T17:06:51","date_gmt":"2019-02-08T20:06:51","guid":{"rendered":"http:\/\/creapb.org.br\/?p=15891"},"modified":"2019-02-08T17:12:59","modified_gmt":"2019-02-08T20:12:59","slug":"primeira-plenaria-de-2019-tem-posse-de-novos-conselheiros-e-eleicao-da-nova-diretoria","status":"publish","type":"post","link":"https:\/\/creapb.org.br\/site\/primeira-plenaria-de-2019-tem-posse-de-novos-conselheiros-e-eleicao-da-nova-diretoria\/","title":{"rendered":"Primeira Plen\u00e1ria de 2019 tem posse de novos conselheiros e elei\u00e7\u00e3o da nova Diretoria"},"content":{"rendered":"<p>Nesta quarta-feira (6), ocorreu, na sede do Crea-PB, a primeira Sess\u00e3o Plen\u00e1ria de 2019. A reuni\u00e3o deu in\u00edcio ao calend\u00e1rio de reuni\u00f5es plen\u00e1rias deste ano do Crea-PB, composto pelo presidente do Conselho, Antonio Carlos de Arag\u00e3o juntamente com os conselheiros empossados. Os conselheiros s\u00e3o representantes das entidades e das institui\u00e7\u00f5es de ensino cadastradas no Crea-PB.<\/p>\n<p>O Plen\u00e1rio do Crea-PB, \u00f3rg\u00e3o colegiado decis\u00f3rio da estrutura b\u00e1sica, tem por finalidade decidir os assuntos relacionados \u00e0s compet\u00eancias do Regional, constituindo a segunda inst\u00e2ncia de julgamento no \u00e2mbito de sua jurisdi\u00e7\u00e3o, ressalvado o caso de foro privilegiado. Anualmente, um ter\u00e7o do colegiado \u00e9 renovado. Foi o que aconteceu nesta quarta.<\/p>\n<p>A\u00a0Plen\u00e1ria de Posse definiu o\u00a0Calend\u00e1rio anual das Sess\u00f5es Plen\u00e1rias, elegeu a rela\u00e7\u00e3o dos Coordenadores de C\u00e2maras Especializadas e Adjuntos, comp\u00f4s a Diretoria do CREA-PB\u00a0 para 2019 e empossou os novos conselheiros com suas respectivas entidades de classe e institui\u00e7\u00e3o de ensino, por mandato.<\/p>\n<p>Na ocasi\u00e3o, tamb\u00e9m foi eleita a Dire\u00e7\u00e3o do Crea-PB para o ano de 2019. Foram referendados os nomes do engenheiro civil Jo\u00e3o Paulo Neto como 1\u00ba vice-presidente, do engenheiro Orlando Gomes Filho como 2\u00ba vice-presidente, como 1\u00aa secret\u00e1ria a engenheira ambiental Alynne Pontes e o engenheiro civil Ronaldo Soares como 2\u00b0 secret\u00e1rio. O engenheiro de Minas Renan Azevedo assume a 1\u00aa Tesouraria e o engenheiro agr\u00f4nomo\u00a0Jo\u00e3o Silveira de Souza\u00a0a 2\u00aa Tesouraria.<\/p>\n<p>Brenda Melo \/ Estagi\u00e1ria de Assessoria de Comunica\u00e7\u00e3o<\/p>\n<p><img fetchpriority=\"high\" decoding=\"async\" class=\"alignleft size-full wp-image-15893\" src=\"https:\/\/creapb.org.br\/site\/wp-content\/uploads\/2019\/02\/IMG_9647.jpg\" alt=\"\" width=\"5184\" height=\"3456\" \/><\/p>\n","protected":false},"excerpt":{"rendered":"<p>Nesta quarta-feira (6), ocorreu, na sede do Crea-PB, a primeira Sess\u00e3o Plen\u00e1ria de 2019. A reuni\u00e3o deu in\u00edcio ao calend\u00e1rio de reuni\u00f5es plen\u00e1rias deste ano do Crea-PB, composto pelo presidente do Conselho, Antonio Carlos de Arag\u00e3o juntamente com os conselheiros empossados. Os conselheiros s\u00e3o representantes das entidades e das institui\u00e7\u00f5es de ensino cadastradas no Crea-PB. O Plen\u00e1rio do Crea-PB, \u00f3rg\u00e3o colegiado decis\u00f3rio da estrutura b\u00e1sica, tem por finalidade decidir os assuntos relacionados \u00e0s compet\u00eancias do Regional, constituindo a segunda inst\u00e2ncia de julgamento no \u00e2mbito de sua jurisdi\u00e7\u00e3o, ressalvado o caso de foro privilegiado. Anualmente, um ter\u00e7o do colegiado \u00e9 renovado. [&hellip;]<\/p>\n","protected":false},"author":2,"featured_media":15892,"comment_status":"open","ping_status":"open","sticky":false,"template":"","format":"standard","meta":{"_acf_changed":false,"footnotes":""},"categories":[9],"tags":[],"class_list":["post-15891","post","type-post","status-publish","format-standard","has-post-thumbnail","hentry","category-noticias"],"acf":[],"_links":{"self":[{"href":"https:\/\/creapb.org.br\/site\/wp-json\/wp\/v2\/posts\/15891","targetHints":{"allow":["GET"]}}],"collection":[{"href":"https:\/\/creapb.org.br\/site\/wp-json\/wp\/v2\/posts"}],"about":[{"href":"https:\/\/creapb.org.br\/site\/wp-json\/wp\/v2\/types\/post"}],"author":[{"embeddable":true,"href":"https:\/\/creapb.org.br\/site\/wp-json\/wp\/v2\/users\/2"}],"replies":[{"embeddable":true,"href":"https:\/\/creapb.org.br\/site\/wp-json\/wp\/v2\/comments?post=15891"}],"version-history":[{"count":2,"href":"https:\/\/creapb.org.br\/site\/wp-json\/wp\/v2\/posts\/15891\/revisions"}],"predecessor-version":[{"id":15896,"href":"https:\/\/creapb.org.br\/site\/wp-json\/wp\/v2\/posts\/15891\/revisions\/15896"}],"wp:featuredmedia":[{"embeddable":true,"href":"https:\/\/creapb.org.br\/site\/wp-json\/wp\/v2\/media\/15892"}],"wp:attachment":[{"href":"https:\/\/creapb.org.br\/site\/wp-json\/wp\/v2\/media?parent=15891"}],"wp:term":[{"taxonomy":"category","embeddable":true,"href":"https:\/\/creapb.org.br\/site\/wp-json\/wp\/v2\/categories?post=15891"},{"taxonomy":"post_tag","embeddable":true,"href":"https:\/\/creapb.org.br\/site\/wp-json\/wp\/v2\/tags?post=15891"}],"curies":[{"name":"wp","href":"https:\/\/api.w.org\/{rel}","templated":true}]}}