{"id":15905,"date":"2019-02-18T16:33:18","date_gmt":"2019-02-18T19:33:18","guid":{"rendered":"http:\/\/creapb.org.br\/?p=15905"},"modified":"2019-02-18T16:33:18","modified_gmt":"2019-02-18T19:33:18","slug":"abemec-promove-reuniao-em-campina-grande-nesta-sexta-feira-22","status":"publish","type":"post","link":"https:\/\/creapb.org.br\/site\/abemec-promove-reuniao-em-campina-grande-nesta-sexta-feira-22\/","title":{"rendered":"ABEMEC promove reuni\u00e3o em Campina Grande, nesta sexta-feira (22)"},"content":{"rendered":"<p>A Associa\u00e7\u00e3o dos Engenheiros Mec\u00e2nicos e Industriais da Para\u00edba- ABEMEC\/PB realiza, com o apoio do Crea-PB, uma reuni\u00e3o na pr\u00f3xima sexta-feira, dia 22 de fevereiro, \u00e0s 17:30 hs, na\u00a0inspetoria\u00a0do\u00a0Conselho em Campina Grande. O objetivo \u00e9 dialogar sobre a necessidade e oportunidade de congra\u00e7amento da modalidade e sua import\u00e2ncia para o Estado da Para\u00edba.<\/p>\n<p>O objetivo da ABEMEC\/PB \u00e9 de promover o desenvolvimento tecnol\u00f3gico e cient\u00edfico para benef\u00edcio da sociedade, atrav\u00e9s da discuss\u00e3o e aprecia\u00e7\u00e3o de assuntos t\u00e9cnicos, realiza\u00e7\u00e3o de cursos, semin\u00e1rios, congressos, bem como atuar na defesa e na representa\u00e7\u00e3o dos interesses profissionais dos mesmos, nos campos social, econ\u00f4mico e pol\u00edtico, e demais eventos de interesse da categoria.<\/p>\n<p>A Associa\u00e7\u00e3o abrange como associados Engenheiros da Modalidade Mec\u00e2nica e Metal\u00fargica, constantes da Tabela de T\u00edtulos Profissionais do CONFEA \u2013 Conselho Federal de Engenharia e Agronomia, a saber: Engenheiro Aeron\u00e1utico, Engenheiro Mec\u00e2nico e de Armamento, Engenheiro de Opera\u00e7\u00e3o (Aeron\u00e1utica, Fabrica\u00e7\u00e3o Mec\u00e2nica, Industria da Madeira, Maquinas e Motores, Mec\u00e2nica, Mec\u00e2nica Automobil\u00edstica, Mec\u00e2nica de Manuten\u00e7\u00e3o, Mec\u00e2nica de Maquinas e Ferramentas, Metalurgista, Processo de Fabrica\u00e7\u00e3o Mec\u00e2nica, Produ\u00e7\u00e3o, Refrigera\u00e7\u00e3o e Ar Condicionado, Siderurgia), Engenheiro de Produ\u00e7\u00e3o, Engenheiro de Produ\u00e7\u00e3o (Mec\u00e2nica, Metalurgista, Agroind\u00fastria), Engenheiro Industrial (Madeira, Mec\u00e2nica, Metalurgia), Engenheiro Mec\u00e2nico, Engenheiro Mec\u00e2nico \u2013 Automa\u00e7\u00e3o e Sistemas, Engenheiro Metalurgista, Engenheiro Naval, Engenheiro Mec\u00e2nico Eletricista, Engenheiro Ac\u00fastico, Engenheiro Automotivo, e Engenheiro Aeroespacial.<\/p>\n<p>A sede do Crea\/PB em Campina Grande fica na Rua Prof. Capiba, 462 &#8211; Centen\u00e1rio, Campina Grande \u2013 PB<\/p>\n<p>Informa\u00e7\u00f5es com o Engenheiro Mec\u00e2nico Mauricio Timotheo (Diretor Secretario ABEMEC\/PB), (83) 9.9916-0014, ou pelo fone: (83) 3341-1684 (Crea Campina Grande)<\/p>\n","protected":false},"excerpt":{"rendered":"<p>A Associa\u00e7\u00e3o dos Engenheiros Mec\u00e2nicos e Industriais da Para\u00edba- ABEMEC\/PB realiza, com o apoio do Crea-PB, uma reuni\u00e3o na pr\u00f3xima sexta-feira, dia 22 de fevereiro, \u00e0s 17:30 hs, na\u00a0inspetoria\u00a0do\u00a0Conselho em Campina Grande. O objetivo \u00e9 dialogar sobre a necessidade e oportunidade de congra\u00e7amento da modalidade e sua import\u00e2ncia para o Estado da Para\u00edba. O objetivo da ABEMEC\/PB \u00e9 de promover o desenvolvimento tecnol\u00f3gico e cient\u00edfico para benef\u00edcio da sociedade, atrav\u00e9s da discuss\u00e3o e aprecia\u00e7\u00e3o de assuntos t\u00e9cnicos, realiza\u00e7\u00e3o de cursos, semin\u00e1rios, congressos, bem como atuar na defesa e na representa\u00e7\u00e3o dos interesses profissionais dos mesmos, nos campos social, econ\u00f4mico e [&hellip;]<\/p>\n","protected":false},"author":2,"featured_media":15907,"comment_status":"open","ping_status":"open","sticky":false,"template":"","format":"standard","meta":{"_acf_changed":false,"footnotes":""},"categories":[9],"tags":[],"class_list":["post-15905","post","type-post","status-publish","format-standard","has-post-thumbnail","hentry","category-noticias"],"acf":[],"_links":{"self":[{"href":"https:\/\/creapb.org.br\/site\/wp-json\/wp\/v2\/posts\/15905","targetHints":{"allow":["GET"]}}],"collection":[{"href":"https:\/\/creapb.org.br\/site\/wp-json\/wp\/v2\/posts"}],"about":[{"href":"https:\/\/creapb.org.br\/site\/wp-json\/wp\/v2\/types\/post"}],"author":[{"embeddable":true,"href":"https:\/\/creapb.org.br\/site\/wp-json\/wp\/v2\/users\/2"}],"replies":[{"embeddable":true,"href":"https:\/\/creapb.org.br\/site\/wp-json\/wp\/v2\/comments?post=15905"}],"version-history":[{"count":1,"href":"https:\/\/creapb.org.br\/site\/wp-json\/wp\/v2\/posts\/15905\/revisions"}],"predecessor-version":[{"id":15908,"href":"https:\/\/creapb.org.br\/site\/wp-json\/wp\/v2\/posts\/15905\/revisions\/15908"}],"wp:featuredmedia":[{"embeddable":true,"href":"https:\/\/creapb.org.br\/site\/wp-json\/wp\/v2\/media\/15907"}],"wp:attachment":[{"href":"https:\/\/creapb.org.br\/site\/wp-json\/wp\/v2\/media?parent=15905"}],"wp:term":[{"taxonomy":"category","embeddable":true,"href":"https:\/\/creapb.org.br\/site\/wp-json\/wp\/v2\/categories?post=15905"},{"taxonomy":"post_tag","embeddable":true,"href":"https:\/\/creapb.org.br\/site\/wp-json\/wp\/v2\/tags?post=15905"}],"curies":[{"name":"wp","href":"https:\/\/api.w.org\/{rel}","templated":true}]}}