{"id":16078,"date":"2019-04-09T13:45:40","date_gmt":"2019-04-09T16:45:40","guid":{"rendered":"http:\/\/creapb.org.br\/?p=16078"},"modified":"2019-04-09T13:45:40","modified_gmt":"2019-04-09T16:45:40","slug":"seguranca-do-trabalho-foi-destaque-durante-plenaria-de-abril","status":"publish","type":"post","link":"https:\/\/creapb.org.br\/site\/seguranca-do-trabalho-foi-destaque-durante-plenaria-de-abril\/","title":{"rendered":"Seguran\u00e7a do trabalho foi destaque durante Plen\u00e1ria de abril"},"content":{"rendered":"<p><img fetchpriority=\"high\" decoding=\"async\" class=\"wp-image-16080 aligncenter\" src=\"https:\/\/creapb.org.br\/site\/wp-content\/uploads\/2019\/04\/WhatsApp-Image-2019-04-09-at-12.48.36.jpeg\" width=\"700\" height=\"372\" \/><\/p>\n<p>Nesta segunda-feira (8), ocorreu a Reuni\u00e3o Plen\u00e1ria do m\u00eas de abril. Com frequ\u00eancia mensal,o colegiado re\u00fane os conselheiros do Crea-PB para aprecia\u00e7\u00e3o de processos e debate de temas de interesse da Engenharia e da sociedade. Como parte da programa\u00e7\u00e3o do Abril Verde, movimento que promove campanhas de conscientiza\u00e7\u00e3o sobre\u00a0preven\u00e7\u00e3o aos acidentes laborais, o Plen\u00e1rio recebeu o t\u00e9cnico em Seguran\u00e7a do Trabalho, Nivaldo Barbosa para um exposi\u00e7\u00e3o sobre o tema.<\/p>\n<p><img decoding=\"async\" class=\"alignleft wp-image-16079\" src=\"https:\/\/creapb.org.br\/site\/wp-content\/uploads\/2019\/04\/WhatsApp-Image-2019-04-09-at-12.48.37.jpeg\" width=\"400\" height=\"470\" \/><\/p>\n<p>Nivaldo \u00e9 um dos idealizadores do Abril Verde, juntamente com a conselheira do Crea-PB, engenheira civil e de seguran\u00e7a do trabalho, Aparecida Estrela (Veja <a href=\"https:\/\/creapb.org.br\/site\/noticias\/entrevista-maria-aparecida-estrela-fala-sobre-o-abril-verde\/\">AQUI<\/a> entrevista com ela).\u00a0 Ele falou sobre o crescimento da campanha a n\u00edvel nacional e, agora, internacional. &#8220;A ministra do Tribunal Superior do Trabalho, que esteve conosco no dia 29 de mar\u00e7o, durante a abertura do Abril Verde na Para\u00edba, disse que vai levar a propositura de integrar o movimento ao calend\u00e1rio da\u00a0Organiza\u00e7\u00e3o Internacional do Trabalho, durante reuni\u00e3o que ocorrer\u00e1 em junho&#8221;, revelou.\u00a0Nivaldo agradeceu a parceria do Crea desde o in\u00edcio do movimento, em 2013, e lembrou a\u00a0import\u00e2ncia da engenharia para o movimento. &#8220;O Abril Verde \u00e9 de todos n\u00f3s, porque onde tem trabalho, tem seguran\u00e7a do trabalho, e a Engenharia est\u00e1 diretamente relacionada a isso&#8221;.<\/p>\n<p>O presidente do Crea-PB, Antonio Carlos de Arag\u00e3o, agradeceu a presen\u00e7a de Nivaldo Barbosa. &#8220;O Crea estar\u00e1 sempre aberto e dispon\u00edvel para todas as a\u00e7\u00f5es que efetivamente salvam vidas, e \u00e9 isso que a Seguran\u00e7a do Trabalho faz: salva vidas e d\u00e1 qualidade de vida ao trabalhador&#8221;, ressaltou Arag\u00e3o.<\/p>\n<p><strong>Registro da AEST-PB no Crea<\/strong><\/p>\n<p>Um dos processos apreciados na reuni\u00e3o deste m\u00eas foi o referente ao registro da Associa\u00e7\u00e3o de Engenheiros de Seguran\u00e7a do Trabalho (AEST-PB) no Conselho, o que possibilitar\u00e1 \u00e0 entidade integrar o Plen\u00e1rio do Regional. O registro foi deferido por unanimidade pelo colegiado e ser\u00e1 enviado para homologa\u00e7\u00e3o pelo Conselho Federal de Engenharia e Agronomia (Confea).<\/p>\n<figure id=\"attachment_16081\" aria-describedby=\"caption-attachment-16081\" style=\"width: 400px\" class=\"wp-caption alignright\"><img decoding=\"async\" class=\"wp-image-16081\" src=\"https:\/\/creapb.org.br\/site\/wp-content\/uploads\/2019\/04\/WhatsApp-Image-2019-04-09-at-12.48.36-1.jpeg\" width=\"400\" height=\"300\" \/><figcaption id=\"caption-attachment-16081\" class=\"wp-caption-text\">Diretoria da Aest-PB e engenheiros que fizeram parte da hist\u00f3ria da entidade<\/figcaption><\/figure>\n<p>O relator do processo, conselheiro Lu\u00eds Eduardo, parabenizou a AEST-PB e seus diretores, que estiveram presentes na reuni\u00e3o. &#8220;Eu gostaria de parabenizar os ex-conselheiros e conselheiros atuais que fazem parte dessa entidade, pela determina\u00e7\u00e3o para tornar poss\u00edvel este momento&#8221;, disse o engenheiro de Minas, que teve a coloca\u00e7\u00e3o complementada pelo presidente Arag\u00e3o, ao lembrar que\u00a0foram 10 anos de luta da Associa\u00e7\u00e3o.<\/p>\n<p><strong>Homenagem\u00a0<\/strong><\/p>\n<p>A noite tamb\u00e9m reservou um momento de saudosismo e homenagem. Falecido no \u00faltimo dia 23 de mar\u00e7o, o ex-assessor jur\u00eddico do Crea-PB, Ismael Machado foi homenageado pelo Plen\u00e1rio do Conselho.<\/p>\n<p>O conselheiro Luiz Valad\u00e3o apresentou, na ocasi\u00e3o, proposta para que ao ambiente no qual funcionar\u00e1 a Assessoria Jur\u00eddica do Crea-PB, que hoje est\u00e1 em reforma, seja dado o nome de Ismael Machado.<\/p>\n<p>&#8220;Ismael prestou relevantes servi\u00e7os ao sistema Confea\/Crea. No \u00e2mbito desta casa, quem conhecia o advogado, reconhece a sua dedica\u00e7\u00e3o \u00e0s causas da Engenharia, a forma como sempre orientou os conselheiros quando procurado, reconhece os pareceres sempre bem fundamentados, pautados pela legisla\u00e7\u00e3o que ele conhecia muito bem&#8221;, apontou. A proposta foi aprovada por aclama\u00e7\u00e3o pelo Plen\u00e1rio.<\/p>\n<p>&nbsp;<\/p>\n<p><em>Grazielle Uch\u00f4a\/Assessoria de Comunica\u00e7\u00e3o do Crea-PB<\/em><\/p>\n<p>&nbsp;<\/p>\n<p>&nbsp;<\/p>\n<p>&nbsp;<\/p>\n<p>&nbsp;<\/p>\n<p>&nbsp;<\/p>\n<p>&nbsp;<\/p>\n<p>&nbsp;<\/p>\n<p>&nbsp;<\/p>\n<p>&nbsp;<\/p>\n<p>&nbsp;<\/p>\n<p>&nbsp;<\/p>\n<p>&nbsp;<\/p>\n<p>&nbsp;<\/p>\n<p>&nbsp;<\/p>\n<p>&nbsp;<\/p>\n<p>&nbsp;<\/p>\n","protected":false},"excerpt":{"rendered":"<p>Nesta segunda-feira (8), ocorreu a Reuni\u00e3o Plen\u00e1ria do m\u00eas de abril. Com frequ\u00eancia mensal,o colegiado re\u00fane os conselheiros do Crea-PB para aprecia\u00e7\u00e3o de processos e debate de temas de interesse da Engenharia e da sociedade. Como parte da programa\u00e7\u00e3o do Abril Verde, movimento que promove campanhas de conscientiza\u00e7\u00e3o sobre\u00a0preven\u00e7\u00e3o aos acidentes laborais, o Plen\u00e1rio recebeu o t\u00e9cnico em Seguran\u00e7a do Trabalho, Nivaldo Barbosa para um exposi\u00e7\u00e3o sobre o tema. Nivaldo \u00e9 um dos idealizadores do Abril Verde, juntamente com a conselheira do Crea-PB, engenheira civil e de seguran\u00e7a do trabalho, Aparecida Estrela (Veja AQUI entrevista com ela).\u00a0 Ele falou sobre [&hellip;]<\/p>\n","protected":false},"author":2,"featured_media":16081,"comment_status":"open","ping_status":"open","sticky":false,"template":"","format":"standard","meta":{"_acf_changed":false,"footnotes":""},"categories":[9],"tags":[],"class_list":["post-16078","post","type-post","status-publish","format-standard","has-post-thumbnail","hentry","category-noticias"],"acf":[],"_links":{"self":[{"href":"https:\/\/creapb.org.br\/site\/wp-json\/wp\/v2\/posts\/16078","targetHints":{"allow":["GET"]}}],"collection":[{"href":"https:\/\/creapb.org.br\/site\/wp-json\/wp\/v2\/posts"}],"about":[{"href":"https:\/\/creapb.org.br\/site\/wp-json\/wp\/v2\/types\/post"}],"author":[{"embeddable":true,"href":"https:\/\/creapb.org.br\/site\/wp-json\/wp\/v2\/users\/2"}],"replies":[{"embeddable":true,"href":"https:\/\/creapb.org.br\/site\/wp-json\/wp\/v2\/comments?post=16078"}],"version-history":[{"count":2,"href":"https:\/\/creapb.org.br\/site\/wp-json\/wp\/v2\/posts\/16078\/revisions"}],"predecessor-version":[{"id":16083,"href":"https:\/\/creapb.org.br\/site\/wp-json\/wp\/v2\/posts\/16078\/revisions\/16083"}],"wp:featuredmedia":[{"embeddable":true,"href":"https:\/\/creapb.org.br\/site\/wp-json\/wp\/v2\/media\/16081"}],"wp:attachment":[{"href":"https:\/\/creapb.org.br\/site\/wp-json\/wp\/v2\/media?parent=16078"}],"wp:term":[{"taxonomy":"category","embeddable":true,"href":"https:\/\/creapb.org.br\/site\/wp-json\/wp\/v2\/categories?post=16078"},{"taxonomy":"post_tag","embeddable":true,"href":"https:\/\/creapb.org.br\/site\/wp-json\/wp\/v2\/tags?post=16078"}],"curies":[{"name":"wp","href":"https:\/\/api.w.org\/{rel}","templated":true}]}}