{"id":16084,"date":"2019-04-10T12:59:02","date_gmt":"2019-04-10T15:59:02","guid":{"rendered":"http:\/\/creapb.org.br\/?p=16084"},"modified":"2019-04-15T13:09:40","modified_gmt":"2019-04-15T16:09:40","slug":"camara-de-geologia-e-minas-promove-de-seminario-de-fiscalizacao-em-campina-grande","status":"publish","type":"post","link":"https:\/\/creapb.org.br\/site\/camara-de-geologia-e-minas-promove-de-seminario-de-fiscalizacao-em-campina-grande\/","title":{"rendered":"C\u00e2mara de Geologia e Minas promove semin\u00e1rio de fiscaliza\u00e7\u00e3o em Campina Grande"},"content":{"rendered":"<p>Nos pr\u00f3ximos dias 15 e 16, a C\u00e2mara de Geologia e Minas do Crea-PB promove, na inspetoria do Conselho em Campina Grande, Semin\u00e1rio de Fiscaliza\u00e7\u00e3o\u00a0com o objetivo de debater temas relacionados \u00e0 Atividade Mineral e ao Exerc\u00edcio Profissional no \u00e2mbito da Geologia e Engenharia de Minas, promovendo a integra\u00e7\u00e3o dos profissionais que atuam na Minera\u00e7\u00e3o com os fiscais do Crea-PB e da Ag\u00eancia Nacional de Minera\u00e7\u00e3o (ANM), de forma a dinamizar e aprimorar o processo de fiscaliza\u00e7\u00e3o e formaliza\u00e7\u00e3o dessa atividade.<\/p>\n<p>A C\u00e2mara Especializada de Geologia e Minas\u00a0do Crea tem a fun\u00e7\u00e3o de planejar e implantar a fiscaliza\u00e7\u00e3o do exerc\u00edcio profissional nas empresas e nas institui\u00e7\u00f5es p\u00fablicas que desenvolvem suas atividades no \u00e2mbito dessa modalidade. Segundo o coordenador da C\u00e2mara, o eng. de Minas Lu\u00eds Eduardo Chaves, no Brasil e em especial na Para\u00edba, nas micro e pequenas empresas de minera\u00e7\u00e3o, geralmente observa-se um n\u00edvel elevado de informalidade e o aproveitamento inadequado dos recursos minerais, &#8220;que \u00e9 caracterizado pela aus\u00eancia de levantamentos geol\u00f3gicos adequados, as opera\u00e7\u00f5es de lavra s\u00e3o desenvolvidas de forma rudimentar, improvisada, sem o acompanhamento de um profissional habilitado, colocando em risco a vida e a sa\u00fade dos trabalhadores, propiciando a evas\u00e3o de renda, al\u00e9m de causar danos ao meio ambiente e ao tecido social&#8221;, comenta.<\/p>\n<p>Entre os temas a serem tratados durante o semin\u00e1rio est\u00e3o as\u00a0 &#8220;Potencialidades e os Recursos Minerais em Aproveitamento na Para\u00edba&#8221;, as &#8220;Atribui\u00e7\u00f5es dos Profissionais da Modalidade de Geologia e Engenharia de Minas&#8221;, &#8220;Registros de Empresas e Ordenamento das Micro e Pequenas Empresas&#8221;, o\u00a0Acordo de Coopera\u00e7\u00e3o entre o Sistema CONFEA\/CREA\u00a0 e a ANM e outros.<\/p>\n<p>Confira a programa\u00e7\u00e3o completa:<\/p>\n<blockquote><p><strong>VI \u2013 Programa\u00e7\u00e3o<\/strong><\/p><\/blockquote>\n<h2>Dia 15\/04\/2019 \u2013 Segunda-Feira<\/h2>\n<p><strong>09:00<\/strong> \u2013 Abertura<\/p>\n<p><strong>Engenheiro Civil Ant\u00f4nio Carlos de Arag\u00e3o\u2013 Presidente do CREA\/PB.<\/strong><\/p>\n<p><strong>09:30<\/strong> \u2013 Potencialidades e os Recursos Minerais em Aproveitamento na Para\u00edba<\/p>\n<p><strong>Facilitador: Representante da Ag\u00eancia Nacional de Minera\u00e7\u00e3o \u2013 ANM<\/strong><\/p>\n<p><strong>10:30 \u2013 <\/strong>Debates<\/p>\n<p><strong>11<\/strong><strong>:00: <\/strong>Atribui\u00e7\u00f5es dos Profissionais da Modalidade de Geologia e Engenharia de Minas<\/p>\n<p><strong>Facilitador: Engenheiro de Minas Lu\u00eds Eduardo Chaves <\/strong><\/p>\n<p><strong>Coordenador da CEGM do CREA\/PB<\/strong><\/p>\n<p><strong>12:00<\/strong> \u2013 Debates<\/p>\n<p><strong>12:30<\/strong> \u2013 Almo\u00e7o Livre<\/p>\n<p><strong>14:00<\/strong> \u2013 Registros de Empresas e Ordenamento das Micro e Pequenas Empresas<\/p>\n<p><strong>\u00a0<\/strong><strong>Facilitador: Engenheiro Agr\u00f4nomo Raimundo Nonato Lopes de Souza<\/strong><\/p>\n<p><strong>Gerente de Fiscaliza\u00e7\u00e3o do CREA\/PB<\/strong><\/p>\n<p><strong>15:00<\/strong> \u2013 Debates<\/p>\n<p><strong>15:30<\/strong> \u2013 Intervalo<\/p>\n<p><strong>15:45<\/strong> \u2013 Atividades Desenvolvidas no \u00c2mbito da Modalidade Geologia e Minas \u2013 Documentos T\u00e9cnicos Exigidos para a Formaliza\u00e7\u00e3o da Atividade Mineral e a Fiscaliza\u00e7\u00e3o Inteligente<\/p>\n<p><strong>Facilitador: Engenheiro de Minas J\u00falio Cesar Pontes\u00a0 <\/strong><\/p>\n<p><strong>Presidente da AEMIRNe Conselheiro do CREA\/RN<\/strong><\/p>\n<p><strong>16:45<\/strong> \u2013 Debates<\/p>\n<p><strong>18:00<\/strong> \u2013 Encerramento<\/p>\n<h2>Dia 16\/04\/2019 \u2013 Ter\u00e7a-Feira<\/h2>\n<p><strong>09:00 \u2013 <\/strong>Acordo de Coopera\u00e7\u00e3o entre o Sistema CONFEA\/CREA\u00a0 e a ANM<\/p>\n<p><strong>Facilitador: Engenheiro de Minas Ant\u00f4nio Pedro Ferreira Sousa <\/strong><\/p>\n<p><strong>Coordenador da Comiss\u00e3o Mista do Acordo de Coopera\u00e7\u00e3o<\/strong><\/p>\n<p><strong>10:00<\/strong>\u00a0 &#8211; Debates<\/p>\n<p><strong>10:30 <\/strong>&#8211;\u00a0 Encaminhamentos do Semin\u00e1rio de Fiscaliza\u00e7\u00e3o<\/p>\n<p><strong>11:30<\/strong> \u2013 Encerramento do Evento.<\/p>\n<p>&nbsp;<\/p>\n<p>&nbsp;<\/p>\n<p><em>Grazielle Uch\u00f4a\/Assessoria de Comunica\u00e7\u00e3o Crea-PB<\/em><\/p>\n","protected":false},"excerpt":{"rendered":"<p>Nos pr\u00f3ximos dias 15 e 16, a C\u00e2mara de Geologia e Minas do Crea-PB promove, na inspetoria do Conselho em Campina Grande, Semin\u00e1rio de Fiscaliza\u00e7\u00e3o\u00a0com o objetivo de debater temas relacionados \u00e0 Atividade Mineral e ao Exerc\u00edcio Profissional no \u00e2mbito da Geologia e Engenharia de Minas, promovendo a integra\u00e7\u00e3o dos profissionais que atuam na Minera\u00e7\u00e3o com os fiscais do Crea-PB e da Ag\u00eancia Nacional de Minera\u00e7\u00e3o (ANM), de forma a dinamizar e aprimorar o processo de fiscaliza\u00e7\u00e3o e formaliza\u00e7\u00e3o dessa atividade. A C\u00e2mara Especializada de Geologia e Minas\u00a0do Crea tem a fun\u00e7\u00e3o de planejar e implantar a fiscaliza\u00e7\u00e3o do exerc\u00edcio [&hellip;]<\/p>\n","protected":false},"author":2,"featured_media":16085,"comment_status":"open","ping_status":"open","sticky":false,"template":"","format":"standard","meta":{"_acf_changed":false,"footnotes":""},"categories":[9],"tags":[],"class_list":["post-16084","post","type-post","status-publish","format-standard","has-post-thumbnail","hentry","category-noticias"],"acf":[],"_links":{"self":[{"href":"https:\/\/creapb.org.br\/site\/wp-json\/wp\/v2\/posts\/16084","targetHints":{"allow":["GET"]}}],"collection":[{"href":"https:\/\/creapb.org.br\/site\/wp-json\/wp\/v2\/posts"}],"about":[{"href":"https:\/\/creapb.org.br\/site\/wp-json\/wp\/v2\/types\/post"}],"author":[{"embeddable":true,"href":"https:\/\/creapb.org.br\/site\/wp-json\/wp\/v2\/users\/2"}],"replies":[{"embeddable":true,"href":"https:\/\/creapb.org.br\/site\/wp-json\/wp\/v2\/comments?post=16084"}],"version-history":[{"count":5,"href":"https:\/\/creapb.org.br\/site\/wp-json\/wp\/v2\/posts\/16084\/revisions"}],"predecessor-version":[{"id":16139,"href":"https:\/\/creapb.org.br\/site\/wp-json\/wp\/v2\/posts\/16084\/revisions\/16139"}],"wp:featuredmedia":[{"embeddable":true,"href":"https:\/\/creapb.org.br\/site\/wp-json\/wp\/v2\/media\/16085"}],"wp:attachment":[{"href":"https:\/\/creapb.org.br\/site\/wp-json\/wp\/v2\/media?parent=16084"}],"wp:term":[{"taxonomy":"category","embeddable":true,"href":"https:\/\/creapb.org.br\/site\/wp-json\/wp\/v2\/categories?post=16084"},{"taxonomy":"post_tag","embeddable":true,"href":"https:\/\/creapb.org.br\/site\/wp-json\/wp\/v2\/tags?post=16084"}],"curies":[{"name":"wp","href":"https:\/\/api.w.org\/{rel}","templated":true}]}}