{"id":16165,"date":"2019-04-25T10:44:23","date_gmt":"2019-04-25T13:44:23","guid":{"rendered":"http:\/\/creapb.org.br\/?p=16165"},"modified":"2019-04-26T10:36:49","modified_gmt":"2019-04-26T13:36:49","slug":"comissao-organizadora-define-programacao-do-10o-congresso-estadual-de-profissionais","status":"publish","type":"post","link":"https:\/\/creapb.org.br\/site\/comissao-organizadora-define-programacao-do-10o-congresso-estadual-de-profissionais\/","title":{"rendered":"Comiss\u00e3o organizadora define programa\u00e7\u00e3o do 10\u00ba Congresso Estadual de Profissionais"},"content":{"rendered":"<p>A Comiss\u00e3o organizadora do 10\u00ba Congresso Estadual de Profissionais (CEP) reuniu-se nesta quarta-feira (24), na sede do Crea-PB, em Jo\u00e3o Pessoa. Na ocasi\u00e3o,\u00a0foram aprovados o Regimento Interno, a programa\u00e7\u00e3o e ainda a identidade visual do evento, que\u00a0ocorrer\u00e1 no m\u00eas de julho e\u00a0tem por objetivo proporcionar um f\u00f3rum privilegiado de debates para a discuss\u00e3o de quest\u00f5es relacionadas ao exerc\u00edcio profissional da Engenharia.<\/p>\n<figure style=\"width: 596px\" class=\"wp-caption alignleft\"><img fetchpriority=\"high\" decoding=\"async\" class=\"wp-image-16167\" src=\"https:\/\/creapb.org.br\/site\/wp-content\/uploads\/2019\/04\/WhatsApp-Image-2019-04-25-at-10.38.54-1.jpeg\" width=\"596\" height=\"447\" \/><figcaption class=\"wp-caption-text\">Os engenheiros Suennes Barros, Francisco Ventura e Roberto Wagner tamb\u00e9m participaram da reuni\u00e3o, secretariados pela servidora do Crea-PB, S\u00f4nia Pessoa.<\/figcaption><\/figure>\n<p>Segundo a coordenadora do 9\u00baCEP, eng.\u00aa civil Carmem Eleon\u00f4ra Soares, o Congresso acontecer\u00e1, em Jo\u00e3o Pessoa, nos dias 9 e 10 de julho, e ser\u00e1 precedido por encontros microrregionais nas cidades de Campina Grande (02 de julho), Patos (03 de julho) e Guarabira (05 de julho). De acordo com a engenheira, esses eventos preparat\u00f3rios resultar\u00e3o\u00a0em propostas formais, que ser\u00e3o encaminhadas pela Para\u00edba ao Confea (Conselho Federal de Engenharia e Agronomia). \u00c0 elas, ser\u00e3o integradas as propostas formuladas durante o Congresso Estadual, que ser\u00e1 realizado em Jo\u00e3o Pessoa. Na ocasi\u00e3o, o presidente do Ibape e ex-presidente do Confea, Wilson Lang, ser\u00e1 o convidado para ministrar a palestra de abertura, que tratar\u00e1 sobre &#8220;Atua\u00e7\u00e3o profissional e das empresas de Engenharia&#8221;. A programa\u00e7\u00e3o completa ser\u00e1 divulgada em breve pela Comiss\u00e3o.<\/p>\n<p>Carmem Eleon\u00f4ra explica inada que, com o tema \u201cEstrat\u00e9gias da Engenharia e Agronomia para o Desenvolvimento Nacional\u201d, o CEP tamb\u00e9m ser\u00e1 respons\u00e1vel pela elei\u00e7\u00e3o de delegados que representar\u00e3o o Estado da Para\u00edba no Congresso Nacional de Profissionais, que ocorrer\u00e1 no m\u00eas de setembro, em\u00a0Palmas (TO).\u00a0Segundo a coordenadora, \u00a0para tornar-se um candidato a delegado, qualquer profissional pode apresentar trabalhos de interesse da Engenharia e Agronomia, que ser\u00e3o avaliados por uma banca julgadora. \u201cNo dia do evento, os trabalhos aprovados ser\u00e3o apresentados pelos seus autores, que passar\u00e3o\u00a0por um elei\u00e7\u00e3o, que decidir\u00e1 quais deles ser\u00e3o os delegados da Para\u00edba no 10\u00ba CNP\u201d, esclarece. Os prazos para submiss\u00e3o e normas dos trabalhos ser\u00e3o divulgados pelo Crea-PB em seu site e redes sociais.<\/p>\n<p>&nbsp;<\/p>\n<p><em>Grazielle Uch\u00f4a\/Assessoria de Comunica\u00e7\u00e3o Crea-PB<\/em><\/p>\n<p>&nbsp;<\/p>\n","protected":false},"excerpt":{"rendered":"<p>A Comiss\u00e3o organizadora do 10\u00ba Congresso Estadual de Profissionais (CEP) reuniu-se nesta quarta-feira (24), na sede do Crea-PB, em Jo\u00e3o Pessoa. Na ocasi\u00e3o,\u00a0foram aprovados o Regimento Interno, a programa\u00e7\u00e3o e ainda a identidade visual do evento, que\u00a0ocorrer\u00e1 no m\u00eas de julho e\u00a0tem por objetivo proporcionar um f\u00f3rum privilegiado de debates para a discuss\u00e3o de quest\u00f5es relacionadas ao exerc\u00edcio profissional da Engenharia. Segundo a coordenadora do 9\u00baCEP, eng.\u00aa civil Carmem Eleon\u00f4ra Soares, o Congresso acontecer\u00e1, em Jo\u00e3o Pessoa, nos dias 9 e 10 de julho, e ser\u00e1 precedido por encontros microrregionais nas cidades de Campina Grande (02 de julho), Patos (03 [&hellip;]<\/p>\n","protected":false},"author":2,"featured_media":16166,"comment_status":"open","ping_status":"open","sticky":false,"template":"","format":"standard","meta":{"_acf_changed":false,"footnotes":""},"categories":[9],"tags":[],"class_list":["post-16165","post","type-post","status-publish","format-standard","has-post-thumbnail","hentry","category-noticias"],"acf":[],"_links":{"self":[{"href":"https:\/\/creapb.org.br\/site\/wp-json\/wp\/v2\/posts\/16165","targetHints":{"allow":["GET"]}}],"collection":[{"href":"https:\/\/creapb.org.br\/site\/wp-json\/wp\/v2\/posts"}],"about":[{"href":"https:\/\/creapb.org.br\/site\/wp-json\/wp\/v2\/types\/post"}],"author":[{"embeddable":true,"href":"https:\/\/creapb.org.br\/site\/wp-json\/wp\/v2\/users\/2"}],"replies":[{"embeddable":true,"href":"https:\/\/creapb.org.br\/site\/wp-json\/wp\/v2\/comments?post=16165"}],"version-history":[{"count":6,"href":"https:\/\/creapb.org.br\/site\/wp-json\/wp\/v2\/posts\/16165\/revisions"}],"predecessor-version":[{"id":16174,"href":"https:\/\/creapb.org.br\/site\/wp-json\/wp\/v2\/posts\/16165\/revisions\/16174"}],"wp:featuredmedia":[{"embeddable":true,"href":"https:\/\/creapb.org.br\/site\/wp-json\/wp\/v2\/media\/16166"}],"wp:attachment":[{"href":"https:\/\/creapb.org.br\/site\/wp-json\/wp\/v2\/media?parent=16165"}],"wp:term":[{"taxonomy":"category","embeddable":true,"href":"https:\/\/creapb.org.br\/site\/wp-json\/wp\/v2\/categories?post=16165"},{"taxonomy":"post_tag","embeddable":true,"href":"https:\/\/creapb.org.br\/site\/wp-json\/wp\/v2\/tags?post=16165"}],"curies":[{"name":"wp","href":"https:\/\/api.w.org\/{rel}","templated":true}]}}