{"id":16180,"date":"2019-04-30T16:57:32","date_gmt":"2019-04-30T19:57:32","guid":{"rendered":"http:\/\/creapb.org.br\/?p=16180"},"modified":"2019-04-30T16:57:32","modified_gmt":"2019-04-30T19:57:32","slug":"em-campina-grande-crea-tera-palestra-gratuita-sobre-transposicao-do-rio-sao-francisco","status":"publish","type":"post","link":"https:\/\/creapb.org.br\/site\/em-campina-grande-crea-tera-palestra-gratuita-sobre-transposicao-do-rio-sao-francisco\/","title":{"rendered":"Em Campina Grande, Crea ter\u00e1 palestra gratuita sobre transposi\u00e7\u00e3o do Rio S\u00e3o Francisco"},"content":{"rendered":"<p><img fetchpriority=\"high\" decoding=\"async\" class=\"wp-image-16181 aligncenter\" src=\"https:\/\/creapb.org.br\/site\/wp-content\/uploads\/2019\/04\/WhatsApp-Image-2019-04-30-at-15.13.521.jpeg\" width=\"650\" height=\"651\" \/><\/p>\n<p>No pr\u00f3ximo dia 9 de maio, \u00e0s 19h30, a inspetoria do Crea em Campina Grande dar\u00e1 o pontap\u00e9 inicial para o projeto &#8220;Quintas no Crea&#8221;, que trar\u00e1, nas primeiras quintas-feiras de todo m\u00eas, uma palestra sobre tem\u00e1tica relevante para a regi\u00e3o. O engenheiro agr\u00f4nomo Isnaldo C\u00e2ndido, especialista em Recursos H\u00eddricos, ser\u00e1 o primeiro convidado, cuja palestra tem o tema: &#8220;De Monteiro \u00e0 Boqueir\u00e3o: Situa\u00e7\u00e3o atual e perspectiva da transposi\u00e7\u00e3o do Rio S\u00e3o Francisco&#8221;.<\/p>\n<p>O evento, que ocorrer\u00e1 no audit\u00f3rio da inspetoria, \u00e9 gratuito e tem como p\u00fablico alvo profissionais e estudantes da Engenharia, Agronomia e Geoci\u00eancias.<\/p>\n<p>Mais informa\u00e7\u00f5es podem ser obtidas atrav\u00e9s do n\u00famero (83) 3341.1684, se segunda a sexta-feira, das 8h \u00e0s 17h.<\/p>\n","protected":false},"excerpt":{"rendered":"<p>No pr\u00f3ximo dia 9 de maio, \u00e0s 19h30, a inspetoria do Crea em Campina Grande dar\u00e1 o pontap\u00e9 inicial para o projeto &#8220;Quintas no Crea&#8221;, que trar\u00e1, nas primeiras quintas-feiras de todo m\u00eas, uma palestra sobre tem\u00e1tica relevante para a regi\u00e3o. O engenheiro agr\u00f4nomo Isnaldo C\u00e2ndido, especialista em Recursos H\u00eddricos, ser\u00e1 o primeiro convidado, cuja palestra tem o tema: &#8220;De Monteiro \u00e0 Boqueir\u00e3o: Situa\u00e7\u00e3o atual e perspectiva da transposi\u00e7\u00e3o do Rio S\u00e3o Francisco&#8221;. O evento, que ocorrer\u00e1 no audit\u00f3rio da inspetoria, \u00e9 gratuito e tem como p\u00fablico alvo profissionais e estudantes da Engenharia, Agronomia e Geoci\u00eancias. Mais informa\u00e7\u00f5es podem ser [&hellip;]<\/p>\n","protected":false},"author":2,"featured_media":16181,"comment_status":"open","ping_status":"open","sticky":false,"template":"","format":"standard","meta":{"_acf_changed":false,"footnotes":""},"categories":[9],"tags":[],"class_list":["post-16180","post","type-post","status-publish","format-standard","has-post-thumbnail","hentry","category-noticias"],"acf":[],"_links":{"self":[{"href":"https:\/\/creapb.org.br\/site\/wp-json\/wp\/v2\/posts\/16180","targetHints":{"allow":["GET"]}}],"collection":[{"href":"https:\/\/creapb.org.br\/site\/wp-json\/wp\/v2\/posts"}],"about":[{"href":"https:\/\/creapb.org.br\/site\/wp-json\/wp\/v2\/types\/post"}],"author":[{"embeddable":true,"href":"https:\/\/creapb.org.br\/site\/wp-json\/wp\/v2\/users\/2"}],"replies":[{"embeddable":true,"href":"https:\/\/creapb.org.br\/site\/wp-json\/wp\/v2\/comments?post=16180"}],"version-history":[{"count":3,"href":"https:\/\/creapb.org.br\/site\/wp-json\/wp\/v2\/posts\/16180\/revisions"}],"predecessor-version":[{"id":16184,"href":"https:\/\/creapb.org.br\/site\/wp-json\/wp\/v2\/posts\/16180\/revisions\/16184"}],"wp:featuredmedia":[{"embeddable":true,"href":"https:\/\/creapb.org.br\/site\/wp-json\/wp\/v2\/media\/16181"}],"wp:attachment":[{"href":"https:\/\/creapb.org.br\/site\/wp-json\/wp\/v2\/media?parent=16180"}],"wp:term":[{"taxonomy":"category","embeddable":true,"href":"https:\/\/creapb.org.br\/site\/wp-json\/wp\/v2\/categories?post=16180"},{"taxonomy":"post_tag","embeddable":true,"href":"https:\/\/creapb.org.br\/site\/wp-json\/wp\/v2\/tags?post=16180"}],"curies":[{"name":"wp","href":"https:\/\/api.w.org\/{rel}","templated":true}]}}