{"id":16185,"date":"2019-05-02T17:57:40","date_gmt":"2019-05-02T20:57:40","guid":{"rendered":"http:\/\/creapb.org.br\/?p=16185"},"modified":"2019-05-03T09:04:20","modified_gmt":"2019-05-03T12:04:20","slug":"no-dia-nacional-da-etica-ifpb-e-unipe-recebem-eventos-do-crea-pb","status":"publish","type":"post","link":"https:\/\/creapb.org.br\/site\/no-dia-nacional-da-etica-ifpb-e-unipe-recebem-eventos-do-crea-pb\/","title":{"rendered":"No Dia Nacional da \u00c9tica, IFPB e Unip\u00ea recebem eventos do Crea-PB"},"content":{"rendered":"<figure id=\"attachment_16188\" aria-describedby=\"caption-attachment-16188\" style=\"width: 600px\" class=\"wp-caption aligncenter\"><img fetchpriority=\"high\" decoding=\"async\" class=\"wp-image-16188\" src=\"https:\/\/creapb.org.br\/site\/wp-content\/uploads\/2019\/05\/WhatsApp-Image-2019-05-02-at-17.39.55.jpeg\" width=\"600\" height=\"450\" \/><figcaption id=\"caption-attachment-16188\" class=\"wp-caption-text\">A Semana de \u00c9tica teve in\u00edcio no IFPB<\/figcaption><\/figure>\n<p>Nesta quinta-feira (2), dia em que comemora-se o Dia Nacional da \u00c9tica, o Crea-PB promove, em tr\u00eas institui\u00e7\u00f5es de ensino da capital, a Semana Paraibana de \u00c9tica. A segunda edi\u00e7\u00e3o do evento, re\u00fane estudantes e profissionais da \u00e1rea tecnol\u00f3gica para debater a cultura \u00e9tica e os mecanismos de controle e fiscaliza\u00e7\u00e3o no servi\u00e7o p\u00fablico e nas atividades profissionais\u00a0da Engenharia. Para tratar do assunto, o Regional convidou a\u00a0engenheira civil Fl\u00e1via Roxin Bretas, conselheira regional do Crea-MG e coordenadora nacional das Comiss\u00f5es de \u00c9tica do sistema Confea\/Creas.<\/p>\n<p><img decoding=\"async\" class=\"alignleft wp-image-16189\" src=\"https:\/\/creapb.org.br\/site\/wp-content\/uploads\/2019\/05\/WhatsApp-Image-2019-05-02-at-17.39.54.jpeg\" width=\"400\" height=\"300\" \/><\/p>\n<p>&nbsp;<\/p>\n<p>Durante a manh\u00e3, o IFPB foi a institui\u00e7\u00e3o de ensino\u00a0que recebeu o primeiros dos tr\u00eas\u00a0eventos planejados. O presidente do Crea-PB, Antonio Carlos de Arag\u00e3o, fez a abertura. Ele destacou a import\u00e2ncia do debate em torno da \u00e9tica pessoal e profissional. &#8220;Esse tema deve ser tratado desde os primeiros anos de forma\u00e7\u00e3o e ao longos de todos os anos de trabalho. \u00c9 um assunto que n\u00e3o perde a sua atualidade e, mais que isso, a sua necessidade&#8221;, disse o presidente.<\/p>\n<p>Logo ap\u00f3s, a engenheira Fl\u00e1via Bretas deu in\u00edcio \u00e0 palestra. Ela levou aos estudantes e profissionais uma exposi\u00e7\u00e3o sint\u00e9tica sobre a estrutura e funcionamento do sistema Confea\/Creas e M\u00fatua, abordou ainda a \u00e9tica profissional, discutindo o que a sociedade e o mercado esperam do profissional da Engenharia. &#8220;O grande desafio do profissional \u00e9 a atua\u00e7\u00e3o nos limites dos princ\u00edpios \u00e9ticos e de responsabilidade social, buscando em cada a\u00e7\u00e3o a excel\u00eancia&#8221;, afirmou.<\/p>\n<p>\u00c0 tarde, foi a vez do audit\u00f3rio do Unip\u00ea receber a Semana Paraibana de \u00c9tica. Na ocasi\u00e3o, Fl\u00e1via Bretas destacou artigos importantes do C\u00f3digo de \u00c9tica Confea\/Crea, trouxe exemplos de infra\u00e7\u00f5es \u00e9ticas e suas penalidades e interagiu, tirando d\u00favidas de professores e estudantes de Engenharia.<\/p>\n<figure id=\"attachment_16190\" aria-describedby=\"caption-attachment-16190\" style=\"width: 500px\" class=\"wp-caption aligncenter\"><img decoding=\"async\" class=\"wp-image-16190\" src=\"https:\/\/creapb.org.br\/site\/wp-content\/uploads\/2019\/05\/WhatsApp-Image-2019-05-02-at-17.45.18-1.jpeg\" width=\"500\" height=\"375\" \/><figcaption id=\"caption-attachment-16190\" class=\"wp-caption-text\">Debate no Unip\u00ea<\/figcaption><\/figure>\n<p>O coordenador da Comiss\u00e3o de \u00c9tica do Crea-PB, Francisco Ventura, agradeceu a presen\u00e7a da palestrante e colocou a Comisis\u00e3o do Regional \u00e0 disposi\u00e7\u00e3o de todos. Ele ainda lembrou que, atrav\u00e9s do site, redes sociais e do aplicativo do Conselho para dispositivos m\u00f3veis \u00e9 poss\u00edvel acompanhar a atua\u00e7\u00e3o do Crea em todo estado em rela\u00e7\u00e3o \u00e0 tem\u00e1tica do evento e outras diversas.<\/p>\n<p>A Semana Paraibana de \u00c9tica ter\u00e1 seu encerramento amanh\u00e3 (3), a partir das 9h, na Faculdade Maur\u00edcio de Nassau.<\/p>\n<p>&nbsp;<\/p>\n<p><em>Grazielle Uch\u00f4a\/ Assessoria de Comunica\u00e7\u00e3o do Crea-PB<\/em><\/p>\n<p>&nbsp;<\/p>\n<p>&nbsp;<\/p>\n<p>&nbsp;<\/p>\n","protected":false},"excerpt":{"rendered":"<p>Nesta quinta-feira (2), dia em que comemora-se o Dia Nacional da \u00c9tica, o Crea-PB promove, em tr\u00eas institui\u00e7\u00f5es de ensino da capital, a Semana Paraibana de \u00c9tica. A segunda edi\u00e7\u00e3o do evento, re\u00fane estudantes e profissionais da \u00e1rea tecnol\u00f3gica para debater a cultura \u00e9tica e os mecanismos de controle e fiscaliza\u00e7\u00e3o no servi\u00e7o p\u00fablico e nas atividades profissionais\u00a0da Engenharia. Para tratar do assunto, o Regional convidou a\u00a0engenheira civil Fl\u00e1via Roxin Bretas, conselheira regional do Crea-MG e coordenadora nacional das Comiss\u00f5es de \u00c9tica do sistema Confea\/Creas. &nbsp; Durante a manh\u00e3, o IFPB foi a institui\u00e7\u00e3o de ensino\u00a0que recebeu o primeiros dos [&hellip;]<\/p>\n","protected":false},"author":2,"featured_media":16188,"comment_status":"open","ping_status":"open","sticky":false,"template":"","format":"standard","meta":{"_acf_changed":false,"footnotes":""},"categories":[9],"tags":[],"class_list":["post-16185","post","type-post","status-publish","format-standard","has-post-thumbnail","hentry","category-noticias"],"acf":[],"_links":{"self":[{"href":"https:\/\/creapb.org.br\/site\/wp-json\/wp\/v2\/posts\/16185","targetHints":{"allow":["GET"]}}],"collection":[{"href":"https:\/\/creapb.org.br\/site\/wp-json\/wp\/v2\/posts"}],"about":[{"href":"https:\/\/creapb.org.br\/site\/wp-json\/wp\/v2\/types\/post"}],"author":[{"embeddable":true,"href":"https:\/\/creapb.org.br\/site\/wp-json\/wp\/v2\/users\/2"}],"replies":[{"embeddable":true,"href":"https:\/\/creapb.org.br\/site\/wp-json\/wp\/v2\/comments?post=16185"}],"version-history":[{"count":5,"href":"https:\/\/creapb.org.br\/site\/wp-json\/wp\/v2\/posts\/16185\/revisions"}],"predecessor-version":[{"id":16194,"href":"https:\/\/creapb.org.br\/site\/wp-json\/wp\/v2\/posts\/16185\/revisions\/16194"}],"wp:featuredmedia":[{"embeddable":true,"href":"https:\/\/creapb.org.br\/site\/wp-json\/wp\/v2\/media\/16188"}],"wp:attachment":[{"href":"https:\/\/creapb.org.br\/site\/wp-json\/wp\/v2\/media?parent=16185"}],"wp:term":[{"taxonomy":"category","embeddable":true,"href":"https:\/\/creapb.org.br\/site\/wp-json\/wp\/v2\/categories?post=16185"},{"taxonomy":"post_tag","embeddable":true,"href":"https:\/\/creapb.org.br\/site\/wp-json\/wp\/v2\/tags?post=16185"}],"curies":[{"name":"wp","href":"https:\/\/api.w.org\/{rel}","templated":true}]}}