{"id":16282,"date":"2019-06-27T12:43:18","date_gmt":"2019-06-27T15:43:18","guid":{"rendered":"http:\/\/creapb.org.br\/?p=16282"},"modified":"2019-06-27T12:43:18","modified_gmt":"2019-06-27T15:43:18","slug":"crea-jr-prorroga-processo-seletivo-para-representantes-de-cursos","status":"publish","type":"post","link":"https:\/\/creapb.org.br\/site\/crea-jr-prorroga-processo-seletivo-para-representantes-de-cursos\/","title":{"rendered":"Crea Jr prorroga processo seletivo para representantes de cursos"},"content":{"rendered":"<p>Esta semana, o Crea Jr prorroga as incri\u00e7\u00f5es para o processo seletivo de representantes de curso, que ocorrer\u00e1 at\u00e9 o dia 05 de julho. O estudantes de Engenharia, Agronomia e Geoci\u00eancias interessados em ocupar o cargo devem ter seu nome indicado via email pela coordena\u00e7\u00e3o\u00a0de curso da institui\u00e7\u00e3o de ensino em que\u00a0estudam.<\/p>\n<p>S\u00e3o pr\u00e9-requisitos para concorrer \u00e0 vaga:\u00a0que o estudante esteja regularmente associado ao Programa CREA J\u00fanior \u2013 Para\u00edba (a associa\u00e7\u00e3o pode ser feita por meio do site: www.creajrpb.org.br); estar devidamente matriculado(a) em uma institui\u00e7\u00e3o de ensino reconhecida pelo Conselho Federal de Engenharia e Agronomia &#8211; CONFEA, ou cuja profiss\u00e3o egressa seja regulada pelo Sistema CONFEA\/CREA\/M\u00daTUA; Ser comunicativo, din\u00e2mico, respons\u00e1vel e pr\u00f3-ativo.<\/p>\n<p>De acordo com o edital (<a href=\"file:\/\/\/C:\/Users\/Grazi\/Downloads\/Edital_de_sele%C3%A7%C3%A3o_de_Representante_de_Curso.pdf\">VEJA AQUI<\/a>), ap\u00f3s a sele\u00e7\u00e3o, ocorrer\u00e1 uma capacita\u00e7\u00e3o de car\u00e1ter formador,\u00a0 acerca das a\u00e7\u00f5es que devem ser desenvolvidas, bem como dos conhecimentos b\u00e1sicos da Legisla\u00e7\u00e3o no Sistema Profissional CONFEA\/CREA\/M\u00daTUA, necess\u00e1rias para o andamento das a\u00e7\u00f5es do selecionado.<\/p>\n<p>O documento tamb\u00e9m elenca quais atividades ser\u00e3o desenvolvidas pelos estudantes selecionados:<\/p>\n<p>a) Realizar semestralmente uma apresenta\u00e7\u00e3o sobre o Sistema Profissional das Engenharias e Agronomia (CONFEA\/CREA\/M\u00daTUA) e o programa CREAjr aos discentes ingressantes do curso ao qual representa;<\/p>\n<p>b) Reunir anualmente as turmas matriculadas nos dois \u00faltimos semestres do curso para informar e capacitar acerca das atribui\u00e7\u00f5es profissionais, registro no Conselho, participa\u00e7\u00e3o dos profissionais nas entidades de classe, bem como da import\u00e2ncia da \u00e9tica no exerc\u00edcio profissional;<\/p>\n<p>c) Promover a associa\u00e7\u00e3o dos discentes do curso, como novos membros do CREAjr;<\/p>\n<p>d) Realizar a interlocu\u00e7\u00e3o de demandas inerentes \u00e0s atribui\u00e7\u00f5es do Programa CREAjr aplicados ao curso representado(apoio institucional na realiza\u00e7\u00e3o de eventos, feiras, palestras,etc);<\/p>\n<p>&nbsp;<\/p>\n<p><strong>Sobre o CreaJr-PB<\/strong><\/p>\n<p>O\u00a0programa, sem fins lucrativos, foi criado com o objetivo de promover a inter-rela\u00e7\u00e3o entre o Crea-PB e os discentes dos cursos de n\u00edvel m\u00e9dio-t\u00e9cnico, gradua\u00e7\u00e3o e os profissionais juniores do sistema Confea\/Crea, ratificando assim a import\u00e2ncia dessas profiss\u00f5es nas a\u00e7\u00f5es que visam a participa\u00e7\u00e3o na defesa e no desenvolvimento da sociedade.<\/p>\n<p>&nbsp;<\/p>\n<p><em>Grazielle Uch\u00f4a\/Assessoria de Comunica\u00e7\u00e3o do Crea-PB\u00a0<\/em><\/p>\n","protected":false},"excerpt":{"rendered":"<p>Esta semana, o Crea Jr prorroga as incri\u00e7\u00f5es para o processo seletivo de representantes de curso, que ocorrer\u00e1 at\u00e9 o dia 05 de julho. O estudantes de Engenharia, Agronomia e Geoci\u00eancias interessados em ocupar o cargo devem ter seu nome indicado via email pela coordena\u00e7\u00e3o\u00a0de curso da institui\u00e7\u00e3o de ensino em que\u00a0estudam. S\u00e3o pr\u00e9-requisitos para concorrer \u00e0 vaga:\u00a0que o estudante esteja regularmente associado ao Programa CREA J\u00fanior \u2013 Para\u00edba (a associa\u00e7\u00e3o pode ser feita por meio do site: www.creajrpb.org.br); estar devidamente matriculado(a) em uma institui\u00e7\u00e3o de ensino reconhecida pelo Conselho Federal de Engenharia e Agronomia &#8211; CONFEA, ou cuja profiss\u00e3o [&hellip;]<\/p>\n","protected":false},"author":2,"featured_media":16301,"comment_status":"open","ping_status":"open","sticky":false,"template":"","format":"standard","meta":{"_acf_changed":false,"footnotes":""},"categories":[9],"tags":[],"class_list":["post-16282","post","type-post","status-publish","format-standard","has-post-thumbnail","hentry","category-noticias"],"acf":[],"_links":{"self":[{"href":"https:\/\/creapb.org.br\/site\/wp-json\/wp\/v2\/posts\/16282","targetHints":{"allow":["GET"]}}],"collection":[{"href":"https:\/\/creapb.org.br\/site\/wp-json\/wp\/v2\/posts"}],"about":[{"href":"https:\/\/creapb.org.br\/site\/wp-json\/wp\/v2\/types\/post"}],"author":[{"embeddable":true,"href":"https:\/\/creapb.org.br\/site\/wp-json\/wp\/v2\/users\/2"}],"replies":[{"embeddable":true,"href":"https:\/\/creapb.org.br\/site\/wp-json\/wp\/v2\/comments?post=16282"}],"version-history":[{"count":1,"href":"https:\/\/creapb.org.br\/site\/wp-json\/wp\/v2\/posts\/16282\/revisions"}],"predecessor-version":[{"id":16302,"href":"https:\/\/creapb.org.br\/site\/wp-json\/wp\/v2\/posts\/16282\/revisions\/16302"}],"wp:featuredmedia":[{"embeddable":true,"href":"https:\/\/creapb.org.br\/site\/wp-json\/wp\/v2\/media\/16301"}],"wp:attachment":[{"href":"https:\/\/creapb.org.br\/site\/wp-json\/wp\/v2\/media?parent=16282"}],"wp:term":[{"taxonomy":"category","embeddable":true,"href":"https:\/\/creapb.org.br\/site\/wp-json\/wp\/v2\/categories?post=16282"},{"taxonomy":"post_tag","embeddable":true,"href":"https:\/\/creapb.org.br\/site\/wp-json\/wp\/v2\/tags?post=16282"}],"curies":[{"name":"wp","href":"https:\/\/api.w.org\/{rel}","templated":true}]}}