{"id":16371,"date":"2019-07-03T18:56:51","date_gmt":"2019-07-03T21:56:51","guid":{"rendered":"http:\/\/creapb.org.br\/?p=16371"},"modified":"2019-07-03T18:56:51","modified_gmt":"2019-07-03T21:56:51","slug":"microrregional-de-patos-debate-recursos-naturais","status":"publish","type":"post","link":"https:\/\/creapb.org.br\/site\/microrregional-de-patos-debate-recursos-naturais\/","title":{"rendered":"Microrregional de Patos debate recursos naturais"},"content":{"rendered":"<p><img fetchpriority=\"high\" decoding=\"async\" class=\"alignleft wp-image-16373\" src=\"https:\/\/creapb.org.br\/site\/wp-content\/uploads\/2019\/07\/P6.jpg\" width=\"500\" height=\"495\" \/><\/p>\n<p>Patos recebeu, nesta quarta-feira (3), evento preparat\u00f3rio que antecede o 10\u00ba CEP. A utiliza\u00e7\u00e3o e aproveitamento dos recursos naturais foram o tema central do encontro, que aconteceu no audit\u00f3rio da Ordem dos Advogados do Brasil (OAB) \u2013 Seccional Patos.<\/p>\n<p>O presidente do Crea-PB, Antonio Carlos de Arag\u00e3o, realizou a abertura do microrregional. Em sua fala, al\u00e9m de falar sobre o Congresso, o engenheiro civil se comprometeu a trabalhar para captar recursos para a constru\u00e7\u00e3o de uma sede pr\u00f3pria do Conselho em Patos. \u201cN\u00f3s j\u00e1 conseguimos os recursos e estamos finalizando o processo para dar in\u00edcio \u00e0s obras das inspetorias de Itaporanga e Pombal. O pr\u00f3ximo passo ser\u00e1 dar a Patos uma inspetoria digna dos seus profissionais\u201d, disse.<\/p>\n<p>A coordenadora do 10\u00ba CEP-PB, Carmem Eleon\u00f4ra Amorim, falou, em seguida, sobre os trabalhos do Congresso e sobre a escolha da cidade para receber o microrregional. \u201cPatos \u00e9 a terra do sol, a morada do sol, por isso a escolhemos para discutir os recursos naturais e as energias renov\u00e1veis\u201d, justificou.<\/p>\n<p>Tamb\u00e9m estiveram presentes na mesa de abertura o anfitri\u00e3o, presidente da seccional da OAB em Patos, Fred Igor Gomes, o diretor financeiro da M\u00fatua-PB, Jos\u00e9 Humberto de Albuquerque, e o inspetor chefe de Patos, Ant\u00f4nio Alves de Lima J\u00fanior.<\/p>\n<p>O engenheiro eletricista, doutor em Energia pela USP, Robson Barbosa, deu in\u00edcio aos trabalhos do evento com uma palestra que tratou sobre energia, meio ambiente e sustentabilidade. Ao mencionar que toda\u00a0 forma de gera\u00e7\u00e3o energ\u00e9tica produz algum tipo de impacto, Robson falou sobre as rela\u00e7\u00f5es de causa e efeito entre o uso de energia e os danos ao meio ambiente, mas ressaltou: \u201cEnergia \u00e9 fundamental para o desenvolvimento econ\u00f4mico\u201d.<\/p>\n<p>Logo ap\u00f3s a palestra, seguiu-se uma Mesa Redonda, composta pelos engenheiros Martinho Nobre, presidente da ABEE-PB, Luiz Carlos de Oliveira, presidente do Conselho de Consumidores da Energisa, e \u00a0Andr\u00e9 Brayner e Victor Lopes, t\u00e9cnicos da empresa Rio Alto. Sob perspectivas diferentes, eles levantaram o papel da Engenharia e da Agronomia em rela\u00e7\u00e3o aos recursos naturais.<\/p>\n<p>Na pr\u00f3xima sexta-feira (5), Guarabira receber\u00e1 o \u00faltimos dos encontros microrregionais do 10\u00baCEP-PB. Na cidade, ser\u00e1 discutida, no audit\u00f3rio da inspetoria do Crea, a infraestrutura da Para\u00edba sob os pontos de vista t\u00e9cnico e da governan\u00e7a da pol\u00edtica. O deputado Estadual Raniery Paulino e o secret\u00e1rio de Estado Deusdete Queiroga ser\u00e3o painelistas do tema, J\u00e1 os engenheiros Hugo Barbosa e Jos\u00e9 Geraldo Baracuhy abordar\u00e3o a infraestrutura e o papel da Engenharia e da Agronomia\u00a0 na sustentabilidade. A abertura ser\u00e1 \u00e0s 9h.<\/p>\n<p><em>Grazielle Uch\u00f4a\/Assessoria de Comunica\u00e7\u00e3o<\/em><\/p>\n","protected":false},"excerpt":{"rendered":"<p>Patos recebeu, nesta quarta-feira (3), evento preparat\u00f3rio que antecede o 10\u00ba CEP. A utiliza\u00e7\u00e3o e aproveitamento dos recursos naturais foram o tema central do encontro, que aconteceu no audit\u00f3rio da Ordem dos Advogados do Brasil (OAB) \u2013 Seccional Patos. O presidente do Crea-PB, Antonio Carlos de Arag\u00e3o, realizou a abertura do microrregional. Em sua fala, al\u00e9m de falar sobre o Congresso, o engenheiro civil se comprometeu a trabalhar para captar recursos para a constru\u00e7\u00e3o de uma sede pr\u00f3pria do Conselho em Patos. \u201cN\u00f3s j\u00e1 conseguimos os recursos e estamos finalizando o processo para dar in\u00edcio \u00e0s obras das inspetorias de [&hellip;]<\/p>\n","protected":false},"author":2,"featured_media":16373,"comment_status":"open","ping_status":"open","sticky":false,"template":"","format":"standard","meta":{"_acf_changed":false,"footnotes":""},"categories":[9],"tags":[],"class_list":["post-16371","post","type-post","status-publish","format-standard","has-post-thumbnail","hentry","category-noticias"],"acf":[],"_links":{"self":[{"href":"https:\/\/creapb.org.br\/site\/wp-json\/wp\/v2\/posts\/16371","targetHints":{"allow":["GET"]}}],"collection":[{"href":"https:\/\/creapb.org.br\/site\/wp-json\/wp\/v2\/posts"}],"about":[{"href":"https:\/\/creapb.org.br\/site\/wp-json\/wp\/v2\/types\/post"}],"author":[{"embeddable":true,"href":"https:\/\/creapb.org.br\/site\/wp-json\/wp\/v2\/users\/2"}],"replies":[{"embeddable":true,"href":"https:\/\/creapb.org.br\/site\/wp-json\/wp\/v2\/comments?post=16371"}],"version-history":[{"count":2,"href":"https:\/\/creapb.org.br\/site\/wp-json\/wp\/v2\/posts\/16371\/revisions"}],"predecessor-version":[{"id":16374,"href":"https:\/\/creapb.org.br\/site\/wp-json\/wp\/v2\/posts\/16371\/revisions\/16374"}],"wp:featuredmedia":[{"embeddable":true,"href":"https:\/\/creapb.org.br\/site\/wp-json\/wp\/v2\/media\/16373"}],"wp:attachment":[{"href":"https:\/\/creapb.org.br\/site\/wp-json\/wp\/v2\/media?parent=16371"}],"wp:term":[{"taxonomy":"category","embeddable":true,"href":"https:\/\/creapb.org.br\/site\/wp-json\/wp\/v2\/categories?post=16371"},{"taxonomy":"post_tag","embeddable":true,"href":"https:\/\/creapb.org.br\/site\/wp-json\/wp\/v2\/tags?post=16371"}],"curies":[{"name":"wp","href":"https:\/\/api.w.org\/{rel}","templated":true}]}}