{"id":16468,"date":"2019-07-24T15:28:50","date_gmt":"2019-07-24T18:28:50","guid":{"rendered":"http:\/\/creapb.org.br\/?p=16468"},"modified":"2019-07-24T15:30:08","modified_gmt":"2019-07-24T18:30:08","slug":"crea-e-iphaep-lancam-projeto-memoria-edificada","status":"publish","type":"post","link":"https:\/\/creapb.org.br\/site\/crea-e-iphaep-lancam-projeto-memoria-edificada\/","title":{"rendered":"Crea e Iphaep lan\u00e7am projeto &#8220;Mem\u00f3ria Edificada&#8221;"},"content":{"rendered":"<p>Um dos estados mais antigos do Brasil, a Para\u00edba convive com as grandes e modernas edifica\u00e7\u00f5es verticais, por um lado, e com hist\u00f3ricas constru\u00e7\u00f5es seculares, por outro. Preocupados com a situa\u00e7\u00e3o dos im\u00f3veis que comp\u00f5em o patrim\u00f4nio cultural paraibano, o Conselho Regional de Engenharia e Agronomia da Para\u00edba (Crea-PB) e o Instituto do Patrim\u00f4nio Hist\u00f3rico e Art\u00edstico do Estado da Para\u00edba (Iphaep) lan\u00e7am, a partir de agosto, o projeto \u201cMem\u00f3ria Edificada\u201d.<\/p>\n<p>Atualmente, 14 munic\u00edpios t\u00eam Centros Hist\u00f3ricos tombados ou cadastrados pelo Iphaep. Muitos deles, est\u00e3o em situa\u00e7\u00e3o de abandono e degrada\u00e7\u00e3o. Por isso, os dois \u00f3rg\u00e3os far\u00e3o, mensalmente, atividades conjuntas em im\u00f3veis que tenham sua estrutura f\u00edsica visivelmente comprometida e que se\u00a0 encontram dentro da \u00e1rea de prote\u00e7\u00e3o e preserva\u00e7\u00e3o cultural do Estado da Para\u00edba.<\/p>\n<figure id=\"attachment_16470\" aria-describedby=\"caption-attachment-16470\" style=\"width: 755px\" class=\"wp-caption aligncenter\"><img fetchpriority=\"high\" decoding=\"async\" class=\"wp-image-16470 size-full\" src=\"https:\/\/creapb.org.br\/site\/wp-content\/uploads\/2019\/07\/Centro-hist\u00f3rico-Jo\u00e3o-Pessoa-1.jpg\" alt=\"Imagem: Divulga\u00e7\u00e3o PBtur \" width=\"755\" height=\"500\" \/><figcaption id=\"caption-attachment-16470\" class=\"wp-caption-text\">Centro Hist\u00f3rico de Jo\u00e3o Pessoa| Imagem: Divulga\u00e7\u00e3o PBTur<\/figcaption><\/figure>\n<p>O Crea constituir\u00e1 uma comiss\u00e3o multidisciplinar de Engenharia, formada por profissionais volunt\u00e1rios e pela equipe de fiscaliza\u00e7\u00e3o do Conselho, para realizar vistorias nos im\u00f3veis. A comiss\u00e3o remeter\u00e1 os laudos e relat\u00f3rios ao Instituto que, a partir do diagn\u00f3stico t\u00e9cnico, far\u00e1 o planejamento de recupera\u00e7\u00e3o das constru\u00e7\u00f5es. No m\u00eas de agosto, ser\u00e3o tr\u00eas im\u00f3veis: uma casa no centro de Jo\u00e3o Pessoa, outra na zona rural de Pilar e um casar\u00e3o colonial tamb\u00e9m em Pilar. As edifica\u00e7\u00f5es apresentam fissuras internas e externas, vegeta\u00e7\u00e3o invasora e trincas em componentes estruturais.<\/p>\n<p>Segundo o presidente do Crea-PB, Antonio Carlos de Arag\u00e3o, ser\u00e3o feitas avalia\u00e7\u00f5es t\u00e9cnicas em cada um dos pr\u00e9dios para avaliar condi\u00e7\u00f5es e solu\u00e7\u00f5es de maneira individualizada e precisa. \u201cOs profissionais realizar\u00e3o a inspe\u00e7\u00e3o predial, avaliando o estado geral da edifica\u00e7\u00e3o e dos seus sistemas construtivos, observando os aspectos de desempenho, funcionalidade, vida \u00fatil, seguran\u00e7a e estado de conserva\u00e7\u00e3o\u201d, explica.<\/p>\n<p>Diretora executiva do Iphaep, Cassandra Figueiredo lembra que o projeto \u00e9 fruto de um Termo de Coopera\u00e7\u00e3o T\u00e9cnica, assinado em novembro do ano passado, durante a IV Semana do Patrim\u00f4nio Cultural da Para\u00edba. \u201cA partir da formaliza\u00e7\u00e3o da coopera\u00e7\u00e3o, estabelecemos atua\u00e7\u00f5es t\u00e9cnicas conjuntas em benef\u00edcio da prote\u00e7\u00e3o do patrim\u00f4nio cultural do estado, por meio de fiscaliza\u00e7\u00f5es. Agora, vamos ampliar essa parceria numa atua\u00e7\u00e3o quanto a identifica\u00e7\u00e3o de danos que afetam a estrutura dos im\u00f3veis dentro da \u00e1rea protegia pelo Iphaep, inclusive an\u00e1lise de instala\u00e7\u00f5es el\u00e9tricas. Esse trabalho realizar\u00e1 um diagn\u00f3stico t\u00e9cnico para auxiliar no planejamento da recupera\u00e7\u00e3o desse im\u00f3vel de valor cultural. Uma contribui\u00e7\u00e3o importante e qualificada entregue pelo Conselho Regional de Engenharia sem nenhum custo aos propriet\u00e1rios desses im\u00f3veis\u201d ressalta.<\/p>\n<p>Arag\u00e3o tamb\u00e9m destaca a import\u00e2ncia da parceria: &#8220;N\u00f3s nos juntamos a essa luta por\u00a0compreender que um povo que n\u00e3o protege e preserva a sua mem\u00f3ria, atrav\u00e9s da cultura ou das edifica\u00e7\u00f5es, jamais ser\u00e1 grande. N\u00f3s jamais seremos uma grande na\u00e7\u00e3o, com bases s\u00f3lidas para um desenvolvimento futuro, sem nos preocuparmos com o que temos de legado dos nossos antepassados&#8221;, pontuou.<\/p>\n<p>&nbsp;<\/p>\n<p><em>Grazielle Uch\u00f4a\/Assessoria de Comunica\u00e7\u00e3o do Crea-PB<\/em><\/p>\n","protected":false},"excerpt":{"rendered":"<p>Um dos estados mais antigos do Brasil, a Para\u00edba convive com as grandes e modernas edifica\u00e7\u00f5es verticais, por um lado, e com hist\u00f3ricas constru\u00e7\u00f5es seculares, por outro. Preocupados com a situa\u00e7\u00e3o dos im\u00f3veis que comp\u00f5em o patrim\u00f4nio cultural paraibano, o Conselho Regional de Engenharia e Agronomia da Para\u00edba (Crea-PB) e o Instituto do Patrim\u00f4nio Hist\u00f3rico e Art\u00edstico do Estado da Para\u00edba (Iphaep) lan\u00e7am, a partir de agosto, o projeto \u201cMem\u00f3ria Edificada\u201d. Atualmente, 14 munic\u00edpios t\u00eam Centros Hist\u00f3ricos tombados ou cadastrados pelo Iphaep. Muitos deles, est\u00e3o em situa\u00e7\u00e3o de abandono e degrada\u00e7\u00e3o. Por isso, os dois \u00f3rg\u00e3os far\u00e3o, mensalmente, atividades conjuntas [&hellip;]<\/p>\n","protected":false},"author":2,"featured_media":16469,"comment_status":"open","ping_status":"open","sticky":false,"template":"","format":"standard","meta":{"_acf_changed":false,"footnotes":""},"categories":[9],"tags":[],"class_list":["post-16468","post","type-post","status-publish","format-standard","has-post-thumbnail","hentry","category-noticias"],"acf":[],"_links":{"self":[{"href":"https:\/\/creapb.org.br\/site\/wp-json\/wp\/v2\/posts\/16468","targetHints":{"allow":["GET"]}}],"collection":[{"href":"https:\/\/creapb.org.br\/site\/wp-json\/wp\/v2\/posts"}],"about":[{"href":"https:\/\/creapb.org.br\/site\/wp-json\/wp\/v2\/types\/post"}],"author":[{"embeddable":true,"href":"https:\/\/creapb.org.br\/site\/wp-json\/wp\/v2\/users\/2"}],"replies":[{"embeddable":true,"href":"https:\/\/creapb.org.br\/site\/wp-json\/wp\/v2\/comments?post=16468"}],"version-history":[{"count":2,"href":"https:\/\/creapb.org.br\/site\/wp-json\/wp\/v2\/posts\/16468\/revisions"}],"predecessor-version":[{"id":16472,"href":"https:\/\/creapb.org.br\/site\/wp-json\/wp\/v2\/posts\/16468\/revisions\/16472"}],"wp:featuredmedia":[{"embeddable":true,"href":"https:\/\/creapb.org.br\/site\/wp-json\/wp\/v2\/media\/16469"}],"wp:attachment":[{"href":"https:\/\/creapb.org.br\/site\/wp-json\/wp\/v2\/media?parent=16468"}],"wp:term":[{"taxonomy":"category","embeddable":true,"href":"https:\/\/creapb.org.br\/site\/wp-json\/wp\/v2\/categories?post=16468"},{"taxonomy":"post_tag","embeddable":true,"href":"https:\/\/creapb.org.br\/site\/wp-json\/wp\/v2\/tags?post=16468"}],"curies":[{"name":"wp","href":"https:\/\/api.w.org\/{rel}","templated":true}]}}