{"id":16529,"date":"2019-08-21T17:44:26","date_gmt":"2019-08-21T20:44:26","guid":{"rendered":"http:\/\/creapb.org.br\/?p=16529"},"modified":"2019-08-21T18:07:37","modified_gmt":"2019-08-21T21:07:37","slug":"sorteio-define-numeros-dos-candidatos-a-conselheiros-federais","status":"publish","type":"post","link":"https:\/\/creapb.org.br\/site\/sorteio-define-numeros-dos-candidatos-a-conselheiros-federais\/","title":{"rendered":"Sorteio define n\u00fameros dos candidatos a conselheiro federal"},"content":{"rendered":"<p><img fetchpriority=\"high\" decoding=\"async\" class=\"alignleft wp-image-16530\" src=\"https:\/\/creapb.org.br\/site\/wp-content\/uploads\/2019\/08\/WhatsApp-Image-2019-08-21-at-17.13.12.jpeg\" alt=\"\" width=\"550\" height=\"412\" \/><\/p>\n<p>&nbsp;<\/p>\n<p>Na manh\u00e3 desta quarta-feira (21), a Comiss\u00e3o Eleitoral Regional\u00a0reuniu-se com os candidatos ao cargo de conselheiro federal, modalidade industrial, representante da Para\u00edba no Conselho Federal de Engenharia e Agronomia &#8211; Confea. Na ocasi\u00e3o, foi realizado o sorteio dos n\u00fameros das candidaturas dos engenheiros\u00a0Maur\u00edcio Timotheo de Souza e Renan Guimar\u00e3es de Azevedo. Enquanto o primeiro teve definido o n\u00famero 11, o segundo utilizar\u00e1 o n\u00famero 10 na campanha eleitoral.\u00a0Al\u00e9m dos candidatos, estiveram presentes o coordenador da CER, S\u00e9rgio Barbosa de Almeida, e a assessora jur\u00eddica da Comiss\u00e3o, Tain\u00e1 de Freitas.<\/p>\n<p>O Plen\u00e1rio do Confea \u00e9 composto por 18 Conselheiros Federais, eleitos nas Unidades Federativas, em forma de rod\u00edzio, e se renova anualmente pelo ter\u00e7o de seus membros. Em 2019, a Para\u00edba poder\u00e1 eleger um representante da Modalidade Industrial\u00a0 (Mec\u00e2nica e Metal\u00fargica, Qu\u00edmica e Geologia e Minas) no Estado da Para\u00edba. O engenheiro mec\u00e2nico Maur\u00edcio Timotheo de Souza e o engenheiro de Minas Renan Guimar\u00e3es de Azevedo pleiteiam a vaga.<\/p>\n<p>&nbsp;<\/p>\n<p><strong>Elei\u00e7\u00f5es\u00a0<\/strong><\/p>\n<p>De acordo com o\u00a0<a href=\"http:\/\/www.confea.org.br\/sites\/default\/files\/uploads-imce\/Calend%C3%A1rio%20Eleitoral%202019%20-%20Delibera%C3%A7%C3%A3o%20n%C2%BA%2016.2019.pdf\">Calend\u00e1rio Eleitoral 2019<\/a>\u00a0, aprovado pela Decis\u00e3o Plen\u00e1ria n\u00ba PL-0797\/2019,\u00a0a elei\u00e7\u00e3o ocorrer\u00e1 no dia 30 de outubro de 2019, das 9h \u00e0s 19h. Todo profissional registrado e em dia com as obriga\u00e7\u00f5es perante o Sistema Confea\/Crea \u00e9 eleitor, independente da modalidade profissional. Considera-se em dia com suas obriga\u00e7\u00f5es, o profissional que n\u00e3o possua d\u00e9bitos perante o Sistema Confea\/Crea at\u00e9 30 dias antes do pleito.<\/p>\n<p>&nbsp;<\/p>\n<ul>\n<li><span style=\"color: #333399;\"><a style=\"color: #333399;\" href=\"https:\/\/creapb.org.br\/site\/eleicoes\/\">CLIQUE AQUI PARA CONFERIR TODAS AS INFORMA\u00c7\u00d5ES SOBRE O PROCESSO ELEITORAL NA PARA\u00cdBA\u00a0<\/a><\/span><\/li>\n<li>\n<h5><span style=\"color: #333399;\"><a style=\"color: #333399;\" href=\"http:\/\/www.confea.org.br\/funcionamento\/eleicoes\">ACESSE AQUI A P\u00c1GINA DAS ELEI\u00c7\u00d5ES NO SITE DO CONFEA<\/a><\/span><\/h5>\n<\/li>\n<li>\n<h5><span style=\"color: #333399;\"><a style=\"color: #333399;\" href=\"http:\/\/transparencia.confea.org.br\/comissao-e-grupo-de-trabalho\/comissao-especial\/cef\/cef-2019-deliberacoes\/\">ACESSE AQUI AS DELIBERA\u00c7\u00d5ES DA COMISS\u00c3O ELEITORAL FEDERAL\u00a0<\/a><\/span><\/h5>\n<\/li>\n<\/ul>\n<p>&nbsp;<\/p>\n<p><em>Grazielle Uch\u00f4a\/Assessoria de Comunica\u00e7\u00e3o do Crea-PB<\/em><\/p>\n<p>&nbsp;<\/p>\n","protected":false},"excerpt":{"rendered":"<p>&nbsp; Na manh\u00e3 desta quarta-feira (21), a Comiss\u00e3o Eleitoral Regional\u00a0reuniu-se com os candidatos ao cargo de conselheiro federal, modalidade industrial, representante da Para\u00edba no Conselho Federal de Engenharia e Agronomia &#8211; Confea. Na ocasi\u00e3o, foi realizado o sorteio dos n\u00fameros das candidaturas dos engenheiros\u00a0Maur\u00edcio Timotheo de Souza e Renan Guimar\u00e3es de Azevedo. Enquanto o primeiro teve definido o n\u00famero 11, o segundo utilizar\u00e1 o n\u00famero 10 na campanha eleitoral.\u00a0Al\u00e9m dos candidatos, estiveram presentes o coordenador da CER, S\u00e9rgio Barbosa de Almeida, e a assessora jur\u00eddica da Comiss\u00e3o, Tain\u00e1 de Freitas. O Plen\u00e1rio do Confea \u00e9 composto por 18 Conselheiros Federais, [&hellip;]<\/p>\n","protected":false},"author":2,"featured_media":16530,"comment_status":"open","ping_status":"open","sticky":false,"template":"","format":"standard","meta":{"_acf_changed":false,"footnotes":""},"categories":[9],"tags":[],"class_list":["post-16529","post","type-post","status-publish","format-standard","has-post-thumbnail","hentry","category-noticias"],"acf":[],"_links":{"self":[{"href":"https:\/\/creapb.org.br\/site\/wp-json\/wp\/v2\/posts\/16529","targetHints":{"allow":["GET"]}}],"collection":[{"href":"https:\/\/creapb.org.br\/site\/wp-json\/wp\/v2\/posts"}],"about":[{"href":"https:\/\/creapb.org.br\/site\/wp-json\/wp\/v2\/types\/post"}],"author":[{"embeddable":true,"href":"https:\/\/creapb.org.br\/site\/wp-json\/wp\/v2\/users\/2"}],"replies":[{"embeddable":true,"href":"https:\/\/creapb.org.br\/site\/wp-json\/wp\/v2\/comments?post=16529"}],"version-history":[{"count":5,"href":"https:\/\/creapb.org.br\/site\/wp-json\/wp\/v2\/posts\/16529\/revisions"}],"predecessor-version":[{"id":16536,"href":"https:\/\/creapb.org.br\/site\/wp-json\/wp\/v2\/posts\/16529\/revisions\/16536"}],"wp:featuredmedia":[{"embeddable":true,"href":"https:\/\/creapb.org.br\/site\/wp-json\/wp\/v2\/media\/16530"}],"wp:attachment":[{"href":"https:\/\/creapb.org.br\/site\/wp-json\/wp\/v2\/media?parent=16529"}],"wp:term":[{"taxonomy":"category","embeddable":true,"href":"https:\/\/creapb.org.br\/site\/wp-json\/wp\/v2\/categories?post=16529"},{"taxonomy":"post_tag","embeddable":true,"href":"https:\/\/creapb.org.br\/site\/wp-json\/wp\/v2\/tags?post=16529"}],"curies":[{"name":"wp","href":"https:\/\/api.w.org\/{rel}","templated":true}]}}