{"id":16577,"date":"2019-08-29T12:45:29","date_gmt":"2019-08-29T15:45:29","guid":{"rendered":"http:\/\/creapb.org.br\/?p=16577"},"modified":"2019-09-02T12:50:03","modified_gmt":"2019-09-02T15:50:03","slug":"mutua-apoia-a-participacao-da-delegacao-paraibana-na-76a-soea","status":"publish","type":"post","link":"https:\/\/creapb.org.br\/site\/mutua-apoia-a-participacao-da-delegacao-paraibana-na-76a-soea\/","title":{"rendered":"M\u00fatua apoia  a participa\u00e7\u00e3o da delega\u00e7\u00e3o paraibana na 76\u00aa Soea"},"content":{"rendered":"<p style=\"font-weight: 400;\"><em>Conv\u00eanio firmado entre a Caixa de Assist\u00eancia e os Conselhos tamb\u00e9m auxiliou a realiza\u00e7\u00e3o dos Congressos Estaduais<\/em><strong>\u00a0<\/strong><\/p>\n<p style=\"font-weight: 400;\"><img fetchpriority=\"high\" decoding=\"async\" class=\"alignleft wp-image-16579\" src=\"https:\/\/creapb.org.br\/site\/wp-content\/uploads\/2019\/09\/PB-1-1.jpg\" width=\"600\" height=\"450\" \/><\/p>\n<p style=\"font-weight: 400;\">A capital do Tocantins ser\u00e1 a sede da 76\u00aa Semana Oficial da Engenharia e Agronomia (Soea), de 16 a 19 de setembro. A expectativa \u00e9 de que Palmas receba um p\u00fablico de cerca de 3500 pessoas para o evento. O 10\u00ba Congresso Nacional de Profissionais (CNP) acontece de 19 a 21 no mesmo local da Soea \u2013 Centro de Conven\u00e7\u00f5es Arnaud Rodrigues.<\/p>\n<p style=\"font-weight: 400;\">\u00a0Juntos, os eventos s\u00e3o assinados pelo Sistema Confea\/Crea e M\u00fatua e representam os principais espa\u00e7os para debates e discuss\u00f5es referentes \u00e0s categorias profissionais abrangidas pelos Conselhos. A participa\u00e7\u00e3o expressiva dos profissionais \u00e9 fundamental e possibilita maior grau de intera\u00e7\u00e3o e reflex\u00e3o acerca dos temas pautados.<\/p>\n<p style=\"font-weight: 400;\">\u00a0Com foco na qualifica\u00e7\u00e3o e valoriza\u00e7\u00e3o dos profissionais e no fortalecimento do Sistema, a M\u00fatua apoia as delega\u00e7\u00f5es dos Creas com o custeio da participa\u00e7\u00e3o de profissionais na Soea. Todos os anos s\u00e3o firmados conv\u00eanios espec\u00edficos para que um n\u00famero significativo de profissionais de todos os estados esteja presente, tendo a M\u00fatua como retorno dos Creas a intensifica\u00e7\u00e3o de sua divulga\u00e7\u00e3o junto aos profissionais.<\/p>\n<p style=\"font-weight: 400;\">Para o presidente do Crea-PB, Antonio Carlos de Arag\u00e3o, a parceria com a Caixa de Assist\u00eancia \u00e9 fundamental. &#8220;Ano ap\u00f3s ano, temos recorrido ao apoio da M\u00fatua para possibilitar o envio de uma delega\u00e7\u00e3o expressiva, qualificada e comprometida com os interesses do sistema. A parceria entre o Crea da Para\u00edba e a M\u00fatua tem sido importante sob todos os aspectos&#8221;, comentou o presidente.<\/p>\n<p style=\"font-weight: 400;\"><strong>\u00a0<\/strong><strong>CEPs e CNP<\/strong><\/p>\n<p style=\"font-weight: 400;\">A cada tr\u00eas ano, a Soea \u00e9 encerrada e o Sistema abre o Congresso Nacional de Profissionais, visando relacionar as principais propostas de a\u00e7\u00e3o da \u00e1rea tecnol\u00f3gica. Na metodologia de organiza\u00e7\u00e3o do CNP, os Creas ficam respons\u00e1veis pela realiza\u00e7\u00e3o de etapas locais por todo o estado, quando colhem propostas que depois s\u00e3o condensadas nos Congressos Estaduais de Profissionais (CEPs), nas capitais. Este ano, os Congressos nos estados ocorreram entre o final de maio e o in\u00edcio de agosto. As propostas das 27 unidades federativas passaram, ent\u00e3o, pela etapa de sistematiza\u00e7\u00e3o, realizada pelo Confea nos dias 8 e 9 de agosto, em Bras\u00edlia. O trabalho ser\u00e1 conclu\u00eddo pelas delega\u00e7\u00f5es estaduais no CNP, onde ocorre a vota\u00e7\u00e3o final.<\/p>\n<p style=\"font-weight: 400;\">\u00a0Mais uma vez a M\u00fatua assume papel importante nesse contexto, tamb\u00e9m repassando recursos aos Creas para a organiza\u00e7\u00e3o das etapas preparat\u00f3rias e dos pr\u00f3prios CEPs.\u00a0 Para o presidente da M\u00fatua, eng. civil Paulo Guimar\u00e3es, esse \u00e9 um momento para estreitar ainda mais a rela\u00e7\u00e3o com os Creas, reafirmando o total apoio da M\u00fatua \u00e0s a\u00e7\u00f5es do Sistema. &#8220;Os Creas sempre contam com esse suporte da M\u00fatua e a Diretoria Executiva \u00e9 sens\u00edvel a este pleito e entende a import\u00e2ncia dos conv\u00eanios para todo o Sistema e para os profissionais&#8221;, afirma.<\/p>\n","protected":false},"excerpt":{"rendered":"<p>Conv\u00eanio firmado entre a Caixa de Assist\u00eancia e os Conselhos tamb\u00e9m auxiliou a realiza\u00e7\u00e3o dos Congressos Estaduais\u00a0 A capital do Tocantins ser\u00e1 a sede da 76\u00aa Semana Oficial da Engenharia e Agronomia (Soea), de 16 a 19 de setembro. A expectativa \u00e9 de que Palmas receba um p\u00fablico de cerca de 3500 pessoas para o evento. O 10\u00ba Congresso Nacional de Profissionais (CNP) acontece de 19 a 21 no mesmo local da Soea \u2013 Centro de Conven\u00e7\u00f5es Arnaud Rodrigues. \u00a0Juntos, os eventos s\u00e3o assinados pelo Sistema Confea\/Crea e M\u00fatua e representam os principais espa\u00e7os para debates e discuss\u00f5es referentes \u00e0s [&hellip;]<\/p>\n","protected":false},"author":2,"featured_media":16578,"comment_status":"open","ping_status":"open","sticky":false,"template":"","format":"standard","meta":{"_acf_changed":false,"footnotes":""},"categories":[9],"tags":[],"class_list":["post-16577","post","type-post","status-publish","format-standard","has-post-thumbnail","hentry","category-noticias"],"acf":[],"_links":{"self":[{"href":"https:\/\/creapb.org.br\/site\/wp-json\/wp\/v2\/posts\/16577","targetHints":{"allow":["GET"]}}],"collection":[{"href":"https:\/\/creapb.org.br\/site\/wp-json\/wp\/v2\/posts"}],"about":[{"href":"https:\/\/creapb.org.br\/site\/wp-json\/wp\/v2\/types\/post"}],"author":[{"embeddable":true,"href":"https:\/\/creapb.org.br\/site\/wp-json\/wp\/v2\/users\/2"}],"replies":[{"embeddable":true,"href":"https:\/\/creapb.org.br\/site\/wp-json\/wp\/v2\/comments?post=16577"}],"version-history":[{"count":2,"href":"https:\/\/creapb.org.br\/site\/wp-json\/wp\/v2\/posts\/16577\/revisions"}],"predecessor-version":[{"id":16585,"href":"https:\/\/creapb.org.br\/site\/wp-json\/wp\/v2\/posts\/16577\/revisions\/16585"}],"wp:featuredmedia":[{"embeddable":true,"href":"https:\/\/creapb.org.br\/site\/wp-json\/wp\/v2\/media\/16578"}],"wp:attachment":[{"href":"https:\/\/creapb.org.br\/site\/wp-json\/wp\/v2\/media?parent=16577"}],"wp:term":[{"taxonomy":"category","embeddable":true,"href":"https:\/\/creapb.org.br\/site\/wp-json\/wp\/v2\/categories?post=16577"},{"taxonomy":"post_tag","embeddable":true,"href":"https:\/\/creapb.org.br\/site\/wp-json\/wp\/v2\/tags?post=16577"}],"curies":[{"name":"wp","href":"https:\/\/api.w.org\/{rel}","templated":true}]}}