{"id":16631,"date":"2019-09-17T11:04:10","date_gmt":"2019-09-17T14:04:10","guid":{"rendered":"http:\/\/creapb.org.br\/?p=16631"},"modified":"2019-09-17T11:05:10","modified_gmt":"2019-09-17T14:05:10","slug":"crea-pb-participa-do-maior-evento-da-engenharia-nacional","status":"publish","type":"post","link":"https:\/\/creapb.org.br\/site\/crea-pb-participa-do-maior-evento-da-engenharia-nacional\/","title":{"rendered":"Crea-PB participa do maior evento da Engenharia nacional"},"content":{"rendered":"<p><img fetchpriority=\"high\" decoding=\"async\" class=\" wp-image-16633 aligncenter\" src=\"https:\/\/creapb.org.br\/site\/wp-content\/uploads\/2019\/09\/Presidente-do-CONFEA-CREA-PB-CREA-TO-MUTUA.jpg\" alt=\"\" width=\"684\" height=\"456\" \/><\/p>\n<p>Cerca de duas mil pessoas prestigiaram, na noite desta segunda-feira (16\/9), a solenidade de abertura da 76\u00aa Semana Oficial da Engenharia e da Agronomia (76\u00aa Soea), em Palmas (TO). No cora\u00e7\u00e3o do Brasil, profissionais, estudantes, pesquisadores, docentes e lideran\u00e7as pol\u00edticas dos quatro cantos do pa\u00eds se reunir\u00e3o durante quatro dias em um intenso interc\u00e2mbio. Acessibilidade, aquicultura, biomas, desenvolvimento, energia, \u00e9tica, ind\u00fastria, infraestrutura, minera\u00e7\u00e3o, petr\u00f3leo, recursos h\u00eddricos, rob\u00f4s, saneamento, soberania nacional e sustentabilidade s\u00e3o apenas alguns dos diversos assuntos abordados na programa\u00e7\u00e3o.<\/p>\n<p>O Crea-PB participa do evento\u00a0 com uma delega\u00e7\u00e3o composta pela diretoria, conselheiros e engenheiros representantes do Conselho. Coordenador do Col\u00e9gio de Presidentes dos Creas do Brasil, o engenheiro civil Antonio Carlos de Arag\u00e3o, presidente do Regional paraibano, comp\u00f4s o dispositivo de honra durante a solenidade de abertura. Para ele,\u00a0esta edi\u00e7\u00e3o do evento tem uma particularidade pelo fato de que os Conselhos profissionais est\u00e3o sob amea\u00e7a (em virtude da PEC 108\/2019, que tramita no Congresso Nacional) e devem comprovar sua relev\u00e2ncia perante a sociedade.\u00a0&#8220;Acredito que, agora mais do que nunca, temos o dever de fazer desta Semana Oficial de Engenharia e Agronomia, e posteriormente do Congresso Nacional de Profissionais, a nossa resposta \u00e0 sociedade, congregando\u00a0 o conhecimento t\u00e9cnico-cient\u00edfico, a atua\u00e7\u00e3o pol\u00edtica \u2013 com o melhor que o sentido da palavra abarca \u2013 e o servi\u00e7o \u00e0 sociedade como norteadores das nossas a\u00e7\u00f5es&#8221;, comenta.<\/p>\n<figure id=\"attachment_16634\" aria-describedby=\"caption-attachment-16634\" style=\"width: 683px\" class=\"wp-caption aligncenter\"><img decoding=\"async\" class=\"wp-image-16634 size-full\" src=\"https:\/\/creapb.org.br\/site\/wp-content\/uploads\/2019\/09\/aragao.jpg\" width=\"683\" height=\"364\" \/><figcaption id=\"caption-attachment-16634\" class=\"wp-caption-text\">Presidente do Crea-PB, Antonio Carlos de Arag\u00e3o, durante a solenidade de abertura da 76\u00aa SOEA<\/figcaption><\/figure>\n<p>Ao dar in\u00edcio ao evento, o presidente do Confea, eng. civ. Joel Kr\u00fcger, destacou a import\u00e2ncia da Engenharia em diferentes segmentos da vida cotidiana. \u201cSomos os respons\u00e1veis pelo saneamento, pela mobilidade urbana, pela conserva\u00e7\u00e3o do meio ambiente, pela minera\u00e7\u00e3o. O crescimento do agroneg\u00f3cio e da agricultura familiar conta com o trabalho dos nossos profissionais. Estamos presentes na conserva\u00e7\u00e3o das florestas e at\u00e9 mesmo em \u00e1reas menos \u00f3bvias, como nos hospitais, repletos de aparelhos complexos desenvolvidos por profissionais da engenharia. Enfim, como diz uma de nossas campanhas de comunica\u00e7\u00e3o, \u2018tudo gira nas m\u00e3os da engenharia\u2019\u201d, ressaltou Kr\u00fcger.<\/p>\n<p>O presidente aproveitou o momento para destacar a atua\u00e7\u00e3o parlamentar do Confea contra a Proposta de Emenda Constitucional n\u00ba 108\/2019, que visa alterar a natureza jur\u00eddica dos conselhos profissionais, o que pode os levar \u00e0 extin\u00e7\u00e3o. \u201cTemos nos esfor\u00e7ado significativamente para evitar que esse projeto de emenda \u00e0 constitui\u00e7\u00e3o seja aprovado da forma que foi redigido inicialmente. Fomos inclusive recebidos em audi\u00eancia pelo presidente do Senado para tratar exclusivamente desse assunto. Agrade\u00e7o aos presidentes de Creas e das demais lideran\u00e7as que tamb\u00e9m t\u00eam se empenhado e mobilizado suas bancadas. Tenho a convic\u00e7\u00e3o de que nossa mobiliza\u00e7\u00e3o ser\u00e1 vitoriosa e n\u00e3o deixaremos que a sociedade fique exposta ao risco da desregulamenta\u00e7\u00e3o profissional\u201d, afirmou.<\/p>\n<p>Anfitri\u00e3o do evento, o presidente do Crea-TO, eng. civil Marcelo Costa Maia, afirmou que a Semana ficar\u00e1 marcada na hist\u00f3ria da Engenharia e da Agronomia tocantinenses. \u201c\u00c9 uma honra ver esta jovem capital sendo anfitri\u00e3 do maior encontro profissional da \u00e1rea, colocando em pauta os temas importantes para o desenvolvimento social e econ\u00f4mico do pa\u00eds e tamb\u00e9m da regi\u00e3o\u201d. Maia aproveitou o momento para destacar que conselhos profissionais e a Engenharia, por meio da fiscaliza\u00e7\u00e3o, s\u00e3o estrat\u00e9gicos na garantia da seguran\u00e7a da sociedade. \u201cTenham todos um bom evento e se sintam em casa\u201d, finalizou.<\/p>\n<p><strong><a href=\"http:\/\/www.soea.org.br\/wp-content\/uploads\/2019\/09\/76SOEA_ultima-versao.pdf\">Veja a programa\u00e7\u00e3o completa<\/a><\/strong><\/p>\n<p>&nbsp;<\/p>\n<p><em>*Com informa\u00e7\u00f5es do CONFEA<\/em><\/p>\n<p>&nbsp;<\/p>\n","protected":false},"excerpt":{"rendered":"<p>Cerca de duas mil pessoas prestigiaram, na noite desta segunda-feira (16\/9), a solenidade de abertura da 76\u00aa Semana Oficial da Engenharia e da Agronomia (76\u00aa Soea), em Palmas (TO). No cora\u00e7\u00e3o do Brasil, profissionais, estudantes, pesquisadores, docentes e lideran\u00e7as pol\u00edticas dos quatro cantos do pa\u00eds se reunir\u00e3o durante quatro dias em um intenso interc\u00e2mbio. Acessibilidade, aquicultura, biomas, desenvolvimento, energia, \u00e9tica, ind\u00fastria, infraestrutura, minera\u00e7\u00e3o, petr\u00f3leo, recursos h\u00eddricos, rob\u00f4s, saneamento, soberania nacional e sustentabilidade s\u00e3o apenas alguns dos diversos assuntos abordados na programa\u00e7\u00e3o. O Crea-PB participa do evento\u00a0 com uma delega\u00e7\u00e3o composta pela diretoria, conselheiros e engenheiros representantes do Conselho. Coordenador do [&hellip;]<\/p>\n","protected":false},"author":2,"featured_media":16633,"comment_status":"open","ping_status":"open","sticky":false,"template":"","format":"standard","meta":{"_acf_changed":false,"footnotes":""},"categories":[9],"tags":[],"class_list":["post-16631","post","type-post","status-publish","format-standard","has-post-thumbnail","hentry","category-noticias"],"acf":[],"_links":{"self":[{"href":"https:\/\/creapb.org.br\/site\/wp-json\/wp\/v2\/posts\/16631","targetHints":{"allow":["GET"]}}],"collection":[{"href":"https:\/\/creapb.org.br\/site\/wp-json\/wp\/v2\/posts"}],"about":[{"href":"https:\/\/creapb.org.br\/site\/wp-json\/wp\/v2\/types\/post"}],"author":[{"embeddable":true,"href":"https:\/\/creapb.org.br\/site\/wp-json\/wp\/v2\/users\/2"}],"replies":[{"embeddable":true,"href":"https:\/\/creapb.org.br\/site\/wp-json\/wp\/v2\/comments?post=16631"}],"version-history":[{"count":4,"href":"https:\/\/creapb.org.br\/site\/wp-json\/wp\/v2\/posts\/16631\/revisions"}],"predecessor-version":[{"id":16637,"href":"https:\/\/creapb.org.br\/site\/wp-json\/wp\/v2\/posts\/16631\/revisions\/16637"}],"wp:featuredmedia":[{"embeddable":true,"href":"https:\/\/creapb.org.br\/site\/wp-json\/wp\/v2\/media\/16633"}],"wp:attachment":[{"href":"https:\/\/creapb.org.br\/site\/wp-json\/wp\/v2\/media?parent=16631"}],"wp:term":[{"taxonomy":"category","embeddable":true,"href":"https:\/\/creapb.org.br\/site\/wp-json\/wp\/v2\/categories?post=16631"},{"taxonomy":"post_tag","embeddable":true,"href":"https:\/\/creapb.org.br\/site\/wp-json\/wp\/v2\/tags?post=16631"}],"curies":[{"name":"wp","href":"https:\/\/api.w.org\/{rel}","templated":true}]}}