{"id":16651,"date":"2019-09-17T15:42:46","date_gmt":"2019-09-17T18:42:46","guid":{"rendered":"http:\/\/creapb.org.br\/?p=16651"},"modified":"2019-09-24T15:45:56","modified_gmt":"2019-09-24T18:45:56","slug":"na-soea-mutua-amplia-parceria-com-entidades-de-classe","status":"publish","type":"post","link":"https:\/\/creapb.org.br\/site\/na-soea-mutua-amplia-parceria-com-entidades-de-classe\/","title":{"rendered":"Na Soea, M\u00fatua amplia parceria com entidades de classe"},"content":{"rendered":"<p><i>Reuni\u00e3o do CDEN teve em pauta assuntos ligados \u00e0 M\u00fatua, como orienta\u00e7\u00e3o sobre parceria em projetos de divulga\u00e7\u00e3o e TecnoPrev, o plano de previd\u00eancia da M\u00fatua<\/i><\/p>\n<p><img fetchpriority=\"high\" decoding=\"async\" class=\"wp-image-16652 aligncenter\" src=\"https:\/\/creapb.org.br\/site\/wp-content\/uploads\/2019\/09\/WhatsApp-Image-2019-09-15-at-10.33.39-1024x576.jpeg\" alt=\"\" width=\"707\" height=\"398\" \/><\/p>\n<p>A 76\u00aa Semana Oficial da Engenharia e da Agronomia (Soea) ainda n\u00e3o havia sido iniciada oficialmente mas, desde a manh\u00e3 de domingo (15), j\u00e1 ocorriam atividades envolvendo a integra\u00e7\u00e3o das institui\u00e7\u00f5es e debates sobre propostas para o desenvolvimento nacional. Foi o caso da reuni\u00e3o do Col\u00e9gio de Entidades Nacionais (Cden) \u2013 um f\u00f3rum consultivo do Conselho Federal de Engenharia e Agronomia (Confea), constitu\u00eddo pelas entidades representativas das profiss\u00f5es ligadas ao setor tecnol\u00f3gico. A convite de\u00a0Valmor Pietsch, coordenador do Col\u00e9gio e presidente da\u00a0 Associa\u00e7\u00e3o Brasileira dos Engenheiros Agr\u00edcolas (Abeag), a M\u00fatua fez apresenta\u00e7\u00e3o de temas de interesse das entidades nacionais, participando dos dois dias da reuni\u00e3o, que contou com a presen\u00e7a do presidente da M\u00fatua, Paulo Guimar\u00e3es, e dos diretores de Benef\u00edcios, Jorge Silveira, e de Tecnologia, Cl\u00e1udio Calheiros.<\/p>\n<p>Na participa\u00e7\u00e3o da Caixa de Assist\u00eancia, domingo e segunda-feira, foram apresentadas detalhadamente, para os representantes das 28 entidades de classe que comp\u00f5em o colegiado, as possibilidades de parceria de divulga\u00e7\u00e3o\u00a0e o TecnoPrev, o plano de previd\u00eancia ofertado aos profissionais associados, objetivando, tamb\u00e9m, fortalecer e ampliar a integra\u00e7\u00e3o entre a Institui\u00e7\u00e3o e as entidades que atuam diretamente com os profissionais.<\/p>\n<p>\u201cEntre 2015 e 2018, dobramos o n\u00famero de associados e as a\u00e7\u00f5es realizadas em parceria com as entidades foram fundamentais para esse crescimento. Por isso, acredito que s\u00f3 com a uni\u00e3o de esfor\u00e7os e a integra\u00e7\u00e3o de todas as entidades que comp\u00f5em o Sistema Confea\/Crea e M\u00fatua ser\u00e1 poss\u00edvel defender e promover o desenvolvimento das nossas \u00e1reas profissionais e, com isso, prestar um melhor servi\u00e7o \u00e0 sociedade\u201d, defendeu o presidente Paulo Guimar\u00e3es, no primeiro dia do encontro.<\/p>\n<p>Entre as v\u00e1rias manifesta\u00e7\u00f5es de elogios e agradecimentos dos representantes das entidades nacionais sobre a atua\u00e7\u00e3o e a parceria da M\u00fatua, o\u00a0presidente da Associa\u00e7\u00e3o Brasileira de Engenheiros Civis (Abenc), Francisco Jos\u00e9 Teixeira Coelho Ladaga, destacou a atua\u00e7\u00e3o da M\u00fatua e sua import\u00e2ncia na realiza\u00e7\u00e3o de projetos. \u201cA M\u00fatua \u00e9 uma parceira importante, sua participa\u00e7\u00e3o \u00e9 fundamental para a realiza\u00e7\u00e3o de diversos projetos das entidades, com uma atua\u00e7\u00e3o sempre com qualidade t\u00e9cnica\u201d, afirmou.<\/p>\n<p><img decoding=\"async\" class=\"size-medium wp-image-51316 aligncenter\" src=\"http:\/\/www.mutua.com.br\/wp-content\/uploads\/2016\/04\/WhatsApp-Image-2019-09-15-at-11.17.43-225x300.jpeg\" sizes=\"(max-width: 225px) 100vw, 225px\" srcset=\"http:\/\/www.mutua.com.br\/wp-content\/uploads\/2016\/04\/WhatsApp-Image-2019-09-15-at-11.17.43-225x300.jpeg 225w, http:\/\/www.mutua.com.br\/wp-content\/uploads\/2016\/04\/WhatsApp-Image-2019-09-15-at-11.17.43-768x1024.jpeg 768w, http:\/\/www.mutua.com.br\/wp-content\/uploads\/2016\/04\/WhatsApp-Image-2019-09-15-at-11.17.43.jpeg 960w\" alt=\"\" width=\"225\" height=\"300\" data-id=\"51316\" \/><\/p>\n<p>Cl\u00f3vis Francisco do Nascimento, presidente da Federa\u00e7\u00e3o Interestadual de Sindicatos de Engenheiros (Fisenge), tamb\u00e9m valorizou e agradeceu a parceria com a M\u00fatua, que vem permitindo muitas a\u00e7\u00f5es conjuntas de divulga\u00e7\u00e3o em simp\u00f3sios, eventos em geral e importantes publica\u00e7\u00f5es da entidade.<\/p>\n<p><img decoding=\"async\" class=\" wp-image-51317 aligncenter\" src=\"http:\/\/www.mutua.com.br\/wp-content\/uploads\/2016\/04\/WhatsApp-Image-2019-09-15-at-11.17.46-3-225x300.jpeg\" sizes=\"(max-width: 215px) 100vw, 215px\" srcset=\"http:\/\/www.mutua.com.br\/wp-content\/uploads\/2016\/04\/WhatsApp-Image-2019-09-15-at-11.17.46-3-225x300.jpeg 225w, http:\/\/www.mutua.com.br\/wp-content\/uploads\/2016\/04\/WhatsApp-Image-2019-09-15-at-11.17.46-3-768x1024.jpeg 768w, http:\/\/www.mutua.com.br\/wp-content\/uploads\/2016\/04\/WhatsApp-Image-2019-09-15-at-11.17.46-3.jpeg 960w\" alt=\"\" width=\"215\" height=\"287\" data-id=\"51317\" \/><\/p>\n<p>Falando pela Confaeab, Raul Zucato disse ser grato ao apoio da M\u00fatua para o recente evento da entidade, o Congresso Brasileiro de Agronomia, ocorrido no Rio de Janeiro, que teve, mais uma vez, patrocino da Caixa de Assist\u00eancia. Ele tamb\u00e9m reconheceu a import\u00e2ncia da participa\u00e7\u00e3o da M\u00fatua naquele evento. Marco Aur\u00e9lio Candia Braga, presidente da Federa\u00e7\u00e3o Nacional de Engenharia Mec\u00e2nica e Industrial (Fenemi) tamb\u00e9m fez quest\u00e3o de dar o seu depoimento quanto aos benef\u00edcios da parceria de divulga\u00e7\u00e3o da M\u00fatua com a entidade em eventos realizados no Brasil todo e nas publica\u00e7\u00f5es da Federa\u00e7\u00e3o.<\/p>\n<p><img loading=\"lazy\" decoding=\"async\" class=\"size-medium wp-image-51318 aligncenter\" src=\"http:\/\/www.mutua.com.br\/wp-content\/uploads\/2016\/04\/WhatsApp-Image-2019-09-15-at-11.17.48-225x300.jpeg\" sizes=\"(max-width: 225px) 100vw, 225px\" srcset=\"http:\/\/www.mutua.com.br\/wp-content\/uploads\/2016\/04\/WhatsApp-Image-2019-09-15-at-11.17.48-225x300.jpeg 225w, http:\/\/www.mutua.com.br\/wp-content\/uploads\/2016\/04\/WhatsApp-Image-2019-09-15-at-11.17.48-768x1024.jpeg 768w, http:\/\/www.mutua.com.br\/wp-content\/uploads\/2016\/04\/WhatsApp-Image-2019-09-15-at-11.17.48.jpeg 960w\" alt=\"\" width=\"225\" height=\"300\" data-id=\"51318\" \/><\/p>\n<p>Murilo Pinheiro, presidente da Federa\u00e7\u00e3o Nacional dos Engenheiros (FNE), parabenizou o presidente do Crea-TO, Marcelo Maia, pelo empenho ao sediar a Soea, promovendo o evento com patroc\u00ednio da M\u00fatua e em parceria com o Confea. Pinheiro salientou o trabalho que vem sendo realizado pelo presidente Paulo Guimar\u00e3es \u00e0 frente da M\u00fatua, em apoio aos profissionais e suas entidades: \u201cTem sempre uma postura de quem procura o bem e quer realizar\u201d, disse. Com a M\u00fatua, a FNE tem parcerias, entre as quais, do projeto \u201cCresce Brasil + Engenharia + Desenvolvimento\u201d, cuja edi\u00e7\u00e3o mais recente aborda o tema Engenharia de Manuten\u00e7\u00e3o. Citando a crise econ\u00f4mica e a dificuldade de atua\u00e7\u00e3o das entidades profissionais, o presidente da FNE destacou a necessidade da unidade daqueles que representam a tecnologia no pa\u00eds, como as\u00a0institui\u00e7\u00f5es que comp\u00f5em o Cden.<\/p>\n<p><img loading=\"lazy\" decoding=\"async\" class=\"aligncenter wp-image-51310\" src=\"http:\/\/www.mutua.com.br\/wp-content\/uploads\/2017\/07\/WhatsApp-Image-2019-09-15-at-11.17.09-3-300x146.jpeg\" sizes=\"(max-width: 680px) 100vw, 680px\" srcset=\"http:\/\/www.mutua.com.br\/wp-content\/uploads\/2017\/07\/WhatsApp-Image-2019-09-15-at-11.17.09-3-300x146.jpeg 300w, http:\/\/www.mutua.com.br\/wp-content\/uploads\/2017\/07\/WhatsApp-Image-2019-09-15-at-11.17.09-3-1024x498.jpeg 1024w, http:\/\/www.mutua.com.br\/wp-content\/uploads\/2017\/07\/WhatsApp-Image-2019-09-15-at-11.17.09-3.jpeg 1280w\" alt=\"\" width=\"680\" height=\"331\" data-id=\"51310\" \/><\/p>\n<p><em>Pinheiro: chamado \u00e0 Engenharia unida<\/em><\/p>\n<p><strong>Divulga M\u00fatua e TecnoPrev<\/strong><\/p>\n<p>Nos dois dias de reuni\u00e3o do Cden, foi realizada apresenta\u00e7\u00e3o sobre o Divulga M\u00fatua, ferramenta para as solicita\u00e7\u00f5es das entidades no apoio \u00e0 realiza\u00e7\u00e3o de eventos, publica\u00e7\u00e3o e a divulga\u00e7\u00e3o de entidades de classe, institui\u00e7\u00f5es de ensino e dos Creas. Tamb\u00e9m foram prestadas informa\u00e7\u00f5es sobre benef\u00edcios para profissionais e estudantes da \u00e1rea tecnol\u00f3gica. A exposi\u00e7\u00e3o foi feita pela gerente de Comunica\u00e7\u00e3o e Marketing da M\u00fatua, Margareth Vicente, e pela coordenadora de Eventos, Rosiete Monteiro.<\/p>\n<p><img loading=\"lazy\" decoding=\"async\" class=\" wp-image-51307 aligncenter\" src=\"http:\/\/www.mutua.com.br\/wp-content\/uploads\/2017\/07\/20190916_092529-300x225.jpg\" sizes=\"(max-width: 632px) 100vw, 632px\" srcset=\"http:\/\/www.mutua.com.br\/wp-content\/uploads\/2017\/07\/20190916_092529-300x225.jpg 300w, http:\/\/www.mutua.com.br\/wp-content\/uploads\/2017\/07\/20190916_092529-1024x768.jpg 1024w, http:\/\/www.mutua.com.br\/wp-content\/uploads\/2017\/07\/20190916_092529-335x251.jpg 335w, http:\/\/www.mutua.com.br\/wp-content\/uploads\/2017\/07\/20190916_092529-116x87.jpg 116w, http:\/\/www.mutua.com.br\/wp-content\/uploads\/2017\/07\/20190916_092529-120x90.jpg 120w, http:\/\/www.mutua.com.br\/wp-content\/uploads\/2017\/07\/20190916_092529-377x283.jpg 377w, http:\/\/www.mutua.com.br\/wp-content\/uploads\/2017\/07\/20190916_092529-165x124.jpg 165w, http:\/\/www.mutua.com.br\/wp-content\/uploads\/2017\/07\/20190916_092529-555x416.jpg 555w\" alt=\"\" width=\"632\" height=\"474\" data-id=\"51307\" \/><\/p>\n<p><em>TecnoPrev e as parcerias que podem ser realizadas com as entidades nacionais<\/em><\/p>\n<p>J\u00e1 na segunda-feira, foi a vez de detalhar o TecnoPrev, o plano de previd\u00eancia complementar da M\u00fatua, com o intuito de permitir que o plano possa ser ofertado diretamente pela M\u00fatua aos filiados das entidades de classe. As explica\u00e7\u00f5es foram feitas pelo gerente de Previd\u00eancia da M\u00fatua, Rodrigo Castilho.<\/p>\n<p><img loading=\"lazy\" decoding=\"async\" class=\"alignnone wp-image-51208\" src=\"http:\/\/www.mutua.com.br\/wp-content\/uploads\/2019\/09\/entidades-300x169.jpg\" sizes=\"(max-width: 643px) 100vw, 643px\" srcset=\"http:\/\/www.mutua.com.br\/wp-content\/uploads\/2019\/09\/entidades-300x169.jpg 300w, http:\/\/www.mutua.com.br\/wp-content\/uploads\/2019\/09\/entidades-1024x576.jpg 1024w, http:\/\/www.mutua.com.br\/wp-content\/uploads\/2019\/09\/entidades.jpg 1280w\" alt=\"\" width=\"643\" height=\"362\" data-id=\"51208\" \/><\/p>\n<p><em>Representantes do Cden, como Miguel Fern\u00e1ndez, da Abes, puderam ter esclarecidas d\u00favidas sobre as caracter\u00edsticas do TecnoPrev e fizer sugest\u00f5es e elogios<\/em><\/p>\n<p>\u201c\u00c9 importante ressaltar que a M\u00fatua empreende, hoje, em todas as regionais e com o aux\u00edlio da seguradora Mongeral Aegon, um trabalho consistente para ampliar as associa\u00e7\u00f5es e aproximar a Caixa de Assist\u00eancia das entidades de classe e dos profissionais. N\u00f3s acreditamos que essa parceria \u00e9 importante e pode se tornar mais uma fonte de receita para as entidades\u201d, explicou Paulo Guimar\u00e3es.<\/p>\n<p>Um dos objetivos da parceria foca no fato de a entidade n\u00e3o necessitar de infraestrutura ou realizar qualquer capacita\u00e7\u00e3o para oferecer o TecnoPrev, pois todo o trabalho \u00e9 realizado pela M\u00fatua, em parceria com a Mongeral Aegon.<\/p>\n<p><img loading=\"lazy\" decoding=\"async\" class=\"aligncenter wp-image-51306\" src=\"http:\/\/www.mutua.com.br\/wp-content\/uploads\/2017\/07\/20190916_092516-300x225.jpg\" sizes=\"(max-width: 664px) 100vw, 664px\" srcset=\"http:\/\/www.mutua.com.br\/wp-content\/uploads\/2017\/07\/20190916_092516-300x225.jpg 300w, http:\/\/www.mutua.com.br\/wp-content\/uploads\/2017\/07\/20190916_092516-1024x768.jpg 1024w, http:\/\/www.mutua.com.br\/wp-content\/uploads\/2017\/07\/20190916_092516-335x251.jpg 335w, http:\/\/www.mutua.com.br\/wp-content\/uploads\/2017\/07\/20190916_092516-116x87.jpg 116w, http:\/\/www.mutua.com.br\/wp-content\/uploads\/2017\/07\/20190916_092516-120x90.jpg 120w, http:\/\/www.mutua.com.br\/wp-content\/uploads\/2017\/07\/20190916_092516-377x283.jpg 377w, http:\/\/www.mutua.com.br\/wp-content\/uploads\/2017\/07\/20190916_092516-165x124.jpg 165w, http:\/\/www.mutua.com.br\/wp-content\/uploads\/2017\/07\/20190916_092516-555x416.jpg 555w\" alt=\"\" width=\"664\" height=\"498\" data-id=\"51306\" \/><\/p>\n<p><em>O diretor da Mongeral Aegon com os diretores da M\u00fatua Jorge Silveira e Cl\u00e1udio Calheiros<\/em><\/p>\n<p>O engenheiro civil Miguel Alvarenga Fern\u00e1ndez y Fern\u00e1ndez, da Associa\u00e7\u00e3o Brasileira de Engenharia Sanit\u00e1ria e Ambiental (Abes), elogiou as vantagens do TecnoPrev, como a taxa de carregamento de 0%, e a import\u00e2ncia de o plano garantir a seguran\u00e7a dos investimentos.<\/p>\n<p>No \u00faltimo ano, o TecnoPrev recebeu 14,7 mil novos participantes, passando de 53,3 mil para 68,1 mil \u2013 um aumento de cerca de 28% no per\u00edodo. J\u00e1 a evolu\u00e7\u00e3o dos investimentos, com um crescimento bastante expressivo, registrou um aumento em torno de 37%, passando do montante de R$97 mi para R$132,8 mi.<\/p>\n<p>O TecnoPrev oferece ao participante acesso a extratos, gr\u00e1ficos de rentabilidade, carteira de investimentos e outras informa\u00e7\u00f5es da conta individual, que \u00e9 segregada dos demais participantes, do patrim\u00f4nio da M\u00fatua e do patrim\u00f4nio da administradora do Plano, BB Previd\u00eancia.<\/p>\n<p>Para quem j\u00e1 possui outro plano de previd\u00eancia complementar, \u00e9 poss\u00edvel fazer a portabilidade para o TecnoPrev. O pedido de migra\u00e7\u00e3o de previd\u00eancia \u00e9 bastante simples. Basta que o associado entre em contato com a M\u00fatua e forne\u00e7a seus dados e os do seu plano em vigor.<\/p>\n<p>Mais informa\u00e7\u00f5es, ligue para a Central de Relacionamento M\u00fatua 0800 61 0003 ou pelo portal:\u00a0<a href=\"mailto:tecnoprev@mutua.com.br\">tecnoprev@mutua.com.br<\/a>.<\/p>\n<p><strong>Fonte e fotos:<\/strong>\u00a0Gecom\/M\u00fatua.<\/p>\n","protected":false},"excerpt":{"rendered":"<p>Reuni\u00e3o do CDEN teve em pauta assuntos ligados \u00e0 M\u00fatua, como orienta\u00e7\u00e3o sobre parceria em projetos de divulga\u00e7\u00e3o e TecnoPrev, o plano de previd\u00eancia da M\u00fatua A 76\u00aa Semana Oficial da Engenharia e da Agronomia (Soea) ainda n\u00e3o havia sido iniciada oficialmente mas, desde a manh\u00e3 de domingo (15), j\u00e1 ocorriam atividades envolvendo a integra\u00e7\u00e3o das institui\u00e7\u00f5es e debates sobre propostas para o desenvolvimento nacional. Foi o caso da reuni\u00e3o do Col\u00e9gio de Entidades Nacionais (Cden) \u2013 um f\u00f3rum consultivo do Conselho Federal de Engenharia e Agronomia (Confea), constitu\u00eddo pelas entidades representativas das profiss\u00f5es ligadas ao setor tecnol\u00f3gico. A convite [&hellip;]<\/p>\n","protected":false},"author":2,"featured_media":16652,"comment_status":"open","ping_status":"open","sticky":false,"template":"","format":"standard","meta":{"_acf_changed":false,"footnotes":""},"categories":[9],"tags":[],"class_list":["post-16651","post","type-post","status-publish","format-standard","has-post-thumbnail","hentry","category-noticias"],"acf":[],"_links":{"self":[{"href":"https:\/\/creapb.org.br\/site\/wp-json\/wp\/v2\/posts\/16651","targetHints":{"allow":["GET"]}}],"collection":[{"href":"https:\/\/creapb.org.br\/site\/wp-json\/wp\/v2\/posts"}],"about":[{"href":"https:\/\/creapb.org.br\/site\/wp-json\/wp\/v2\/types\/post"}],"author":[{"embeddable":true,"href":"https:\/\/creapb.org.br\/site\/wp-json\/wp\/v2\/users\/2"}],"replies":[{"embeddable":true,"href":"https:\/\/creapb.org.br\/site\/wp-json\/wp\/v2\/comments?post=16651"}],"version-history":[{"count":1,"href":"https:\/\/creapb.org.br\/site\/wp-json\/wp\/v2\/posts\/16651\/revisions"}],"predecessor-version":[{"id":16653,"href":"https:\/\/creapb.org.br\/site\/wp-json\/wp\/v2\/posts\/16651\/revisions\/16653"}],"wp:featuredmedia":[{"embeddable":true,"href":"https:\/\/creapb.org.br\/site\/wp-json\/wp\/v2\/media\/16652"}],"wp:attachment":[{"href":"https:\/\/creapb.org.br\/site\/wp-json\/wp\/v2\/media?parent=16651"}],"wp:term":[{"taxonomy":"category","embeddable":true,"href":"https:\/\/creapb.org.br\/site\/wp-json\/wp\/v2\/categories?post=16651"},{"taxonomy":"post_tag","embeddable":true,"href":"https:\/\/creapb.org.br\/site\/wp-json\/wp\/v2\/tags?post=16651"}],"curies":[{"name":"wp","href":"https:\/\/api.w.org\/{rel}","templated":true}]}}