{"id":16667,"date":"2019-09-19T14:50:04","date_gmt":"2019-09-19T17:50:04","guid":{"rendered":"http:\/\/creapb.org.br\/?p=16667"},"modified":"2019-09-25T14:56:15","modified_gmt":"2019-09-25T17:56:15","slug":"diretora-da-mutua-integra-programa-mulher-lancado-na-soea","status":"publish","type":"post","link":"https:\/\/creapb.org.br\/site\/diretora-da-mutua-integra-programa-mulher-lancado-na-soea\/","title":{"rendered":"Diretora da M\u00fatua integra Programa Mulher, lan\u00e7ado na Soea"},"content":{"rendered":"<p>Giucelia Figueiredo, que atua nas a\u00e7\u00f5es de g\u00eanero no Sistema, participou do evento<\/p>\n<p><img fetchpriority=\"high\" decoding=\"async\" class=\"wp-image-16668 aligncenter\" src=\"https:\/\/creapb.org.br\/site\/wp-content\/uploads\/2019\/09\/IMG_0304.jpg\" alt=\"\" width=\"642\" height=\"428\" \/><\/p>\n<p>Foi lan\u00e7ado, na tarde de quarta-feira (18), o Programa Mulher, que pretende elaborar pol\u00edticas direcionadas \u00e0s mulheres das \u00e1reas tecnol\u00f3gicas nas diversas entidades de classe e Conselhos Regionais do Sistema Confea\/Crea e M\u00fatua. A iniciativa foi apresentada na 76\u00aa Semana Oficial da Engenharia e da Agronomia, em Palmas (TO).<\/p>\n<p>A cerim\u00f4nia foi prestigiada pela prefeita de Palmas, C\u00edntia Ribeiro, que considerou o Programa um trabalho fundamental para trazer consci\u00eancia em rela\u00e7\u00e3o ao tema igualdade de g\u00eanero. \u201cHomens e mulheres se complementam. N\u00e3o h\u00e1 raz\u00f5es para temer os avan\u00e7os\u201d, defendeu a prefeita.<\/p>\n<p>A diretora administrativa da M\u00fatua, Giucelia Figueiredo, afirmou que o Programa Mulher proporciona um importante di\u00e1logo interno e externo sobre o empoderamento feminino. \u201c\u00c9 importante integrarmos o Sistema com o mundo real das mulheres, trazendo \u00e0 tona os grandes temas que afligem as mulheres, sejam engenheiras, pesquisadoras, professoras ou trabalhadoras rurais\u201d, constatou.<\/p>\n<p>Giucelia defendeu que temas como viol\u00eancia, feminic\u00eddio, pol\u00edticas de g\u00eanero e a\u00e7\u00f5es afirmativas devem estar em pauta nos f\u00f3runs de debates e espa\u00e7os de decis\u00e3o. \u201cLutarmos contra a viol\u00eancia nas suas diversas manifesta\u00e7\u00f5es, denunciar os altos \u00edndices e impedir a morte de mulheres \u00e9 imperativo e deve fazer parte de nossa responsabilidade coletiva\u201d, convocou.<\/p>\n<p>Ela lembrou que, em 2019, a Lei Maria da penha completou 13 anos. \u201cEntendo que o Programa Mulher \u00e9 importante e representa um marco no debate. A legitimidade, por\u00e9m, s\u00f3 se dar\u00e1 se os atores sociais que atuam no Sistema Confea\/Crea e M\u00fatua incorporarem um grande sentimento de solidariedade e responsabilidade social\u201d, advertiu.<\/p>\n<p>A apresenta\u00e7\u00e3o contou com a participa\u00e7\u00e3o de presidentes dos Creas ( na foto, a presidente do Crea-DF, F\u00e1tima C\u00f3) e da vice-presidente da Ordem dos Engenheiros de Portugal, L\u00eddia Santiago.\u00a0Presidentes mulheres dos Creas acompanharam atentas as discuss\u00f5es: Carminda Silva Pinheiro (Crea-AC), F\u00e1tima C\u00f3 (Crea-DF), L\u00facia Vilarinho (Crea-ES), Ana Adalgisa Dias (Crea-RN) e Alice Helena Scholl (Crea-RS). Tamb\u00e9m participou a vice-presidente da Ordem dos Engenheiros de Portugal, L\u00eddia Santiago, que fez apresenta\u00e7\u00e3o. Todas destacaram a relev\u00e2ncia do Programa.\u00a0\u201c\u00c9 uma grande responsabilidade. Temos muito que trabalhar e contribuir\u201d, afirmou L\u00facia Vilarinho, que integra o Comit\u00ea Gestor do Programa. \u201cO empoderamento das mulheres promove uma mudan\u00e7a de mentalidade na sociedade; por isso, \u00e9 importante que o Sistema Confea\/Crea e M\u00fatua esteja alinhado \u00e0s mudan\u00e7as\u201d, destacou Carminda Silva Pinheiro.<\/p>\n<p>Para F\u00e1tima C\u00f3, o lan\u00e7amento \u00e9 um divisor de \u00e1guas por garantir os direitos das mulheres no Sistema. \u201cOs espa\u00e7os existem e a mulher n\u00e3o tem que ter medo de ocup\u00e1-los\u201d, afirmou Ana Adalgisa Dias. J\u00e1 para Alice Helena Scholl, combater o machismo e o preconceito ajuda a construir uma sociedade mais justa e igualit\u00e1ria. \u201cA atual gest\u00e3o do Confea marca um momento importante na luta das mulheres e no processo de concretiza\u00e7\u00e3o da igualdade de g\u00eanero\u201d, ressaltou L\u00eddia Santiago.<\/p>\n<p>Fonte: Gecom M\u00fatua<\/p>\n","protected":false},"excerpt":{"rendered":"<p>Giucelia Figueiredo, que atua nas a\u00e7\u00f5es de g\u00eanero no Sistema, participou do evento Foi lan\u00e7ado, na tarde de quarta-feira (18), o Programa Mulher, que pretende elaborar pol\u00edticas direcionadas \u00e0s mulheres das \u00e1reas tecnol\u00f3gicas nas diversas entidades de classe e Conselhos Regionais do Sistema Confea\/Crea e M\u00fatua. A iniciativa foi apresentada na 76\u00aa Semana Oficial da Engenharia e da Agronomia, em Palmas (TO). A cerim\u00f4nia foi prestigiada pela prefeita de Palmas, C\u00edntia Ribeiro, que considerou o Programa um trabalho fundamental para trazer consci\u00eancia em rela\u00e7\u00e3o ao tema igualdade de g\u00eanero. \u201cHomens e mulheres se complementam. N\u00e3o h\u00e1 raz\u00f5es para temer os [&hellip;]<\/p>\n","protected":false},"author":2,"featured_media":16668,"comment_status":"open","ping_status":"open","sticky":false,"template":"","format":"standard","meta":{"_acf_changed":false,"footnotes":""},"categories":[9],"tags":[],"class_list":["post-16667","post","type-post","status-publish","format-standard","has-post-thumbnail","hentry","category-noticias"],"acf":[],"_links":{"self":[{"href":"https:\/\/creapb.org.br\/site\/wp-json\/wp\/v2\/posts\/16667","targetHints":{"allow":["GET"]}}],"collection":[{"href":"https:\/\/creapb.org.br\/site\/wp-json\/wp\/v2\/posts"}],"about":[{"href":"https:\/\/creapb.org.br\/site\/wp-json\/wp\/v2\/types\/post"}],"author":[{"embeddable":true,"href":"https:\/\/creapb.org.br\/site\/wp-json\/wp\/v2\/users\/2"}],"replies":[{"embeddable":true,"href":"https:\/\/creapb.org.br\/site\/wp-json\/wp\/v2\/comments?post=16667"}],"version-history":[{"count":2,"href":"https:\/\/creapb.org.br\/site\/wp-json\/wp\/v2\/posts\/16667\/revisions"}],"predecessor-version":[{"id":16670,"href":"https:\/\/creapb.org.br\/site\/wp-json\/wp\/v2\/posts\/16667\/revisions\/16670"}],"wp:featuredmedia":[{"embeddable":true,"href":"https:\/\/creapb.org.br\/site\/wp-json\/wp\/v2\/media\/16668"}],"wp:attachment":[{"href":"https:\/\/creapb.org.br\/site\/wp-json\/wp\/v2\/media?parent=16667"}],"wp:term":[{"taxonomy":"category","embeddable":true,"href":"https:\/\/creapb.org.br\/site\/wp-json\/wp\/v2\/categories?post=16667"},{"taxonomy":"post_tag","embeddable":true,"href":"https:\/\/creapb.org.br\/site\/wp-json\/wp\/v2\/tags?post=16667"}],"curies":[{"name":"wp","href":"https:\/\/api.w.org\/{rel}","templated":true}]}}