{"id":16680,"date":"2019-10-09T16:23:37","date_gmt":"2019-10-09T19:23:37","guid":{"rendered":"http:\/\/creapb.org.br\/?p=16680"},"modified":"2019-10-09T16:27:17","modified_gmt":"2019-10-09T19:27:17","slug":"16680","status":"publish","type":"post","link":"https:\/\/creapb.org.br\/site\/16680\/","title":{"rendered":"Crea-PB e Corpo de Bombeiros v\u00e3o fortalecer parceria atrav\u00e9s de Conv\u00eanio"},"content":{"rendered":"<p><img fetchpriority=\"high\" decoding=\"async\" class=\"aligncenter wp-image-16682\" src=\"https:\/\/creapb.org.br\/site\/wp-content\/uploads\/2019\/10\/IMG_0353.jpg\" alt=\"\" width=\"701\" height=\"418\" \/><\/p>\n<p>Nesta quarta-feira (9), o Conselho Regional de Engenharia e Agronomia da Para\u00edba, atrav\u00e9s do seu presidente, Antonio Carlos de Arag\u00e3o, e do assessor institucional, Corjesu Paiva, recebeu o Comando Geral do Corpo de Bombeiros Militar da Para\u00edba. A reuni\u00e3o aconteceu na sede do Conselho, em Jo\u00e3o Pessoa, com o objetivo\u00a0de avan\u00e7ar na parceria entre as duas institui\u00e7\u00f5es.<\/p>\n<p>O comandante geral do CBMPB, Cel. Ara\u00fajo, e os tenente-coron\u00e9is Oliveira e Montezuma, representantes da Diretoria de Atividades T\u00e9cnicas da Corpora\u00e7\u00e3o, debateram o novo Conv\u00eanio de Coopera\u00e7\u00e3o T\u00e9cnica que ser\u00e1 firmado com o Crea-PB, possibilitando atividades conjuntas em diversas \u00e1reas.<\/p>\n<p><img decoding=\"async\" class=\"wp-image-16683 alignleft\" src=\"https:\/\/creapb.org.br\/site\/wp-content\/uploads\/2019\/10\/IMG_0345.jpg\" alt=\"\" width=\"339\" height=\"226\" \/><\/p>\n<p>Para o presidente do Crea, a parceria entre as institui\u00e7\u00f5es tem como objetivo principal a prote\u00e7\u00e3o da sociedade, j\u00e1 que o Conv\u00eanio prev\u00ea a\u00e7\u00f5es preventivas, educativas e fiscalizat\u00f3rias, principalmente em montagem de estruturas met\u00e1licas em parques de dives\u00f5es, circos\u00a0e eventos em geral, assim como em manuten\u00e7\u00e3o de elevadores, projetos el\u00e9tricos e de preven\u00e7\u00e3o e combate a inc\u00eandio do empreendimento.\u00a0Al\u00e9m disso, o Conselho disponibilizar\u00e1 ao Corpo de Bombeiros acesso ao seu sistema corporativo para\u00a0viabilizar a consulta c\u00e9lere ao cadastro de profissionais e empresas registradas no Crea.<\/p>\n<p>O Cel. Ara\u00fajo disse estar satisfeito com a parceria e\u00a0agradeceu a disponibilidade do Crea-PB. As duas institui\u00e7\u00f5es definir\u00e3o a data de assinatura do Conv\u00eanio, que dever\u00e1 ocorrer em evento do CBMPB.<\/p>\n<p>&nbsp;<\/p>\n<p>&nbsp;<\/p>\n<p>&nbsp;<\/p>\n<p><em>Grazielle Uch\u00f4a\/Assessoria de Comunica\u00e7\u00e3o do Crea-PB\u00a0<\/em><\/p>\n","protected":false},"excerpt":{"rendered":"<p>Nesta quarta-feira (9), o Conselho Regional de Engenharia e Agronomia da Para\u00edba, atrav\u00e9s do seu presidente, Antonio Carlos de Arag\u00e3o, e do assessor institucional, Corjesu Paiva, recebeu o Comando Geral do Corpo de Bombeiros Militar da Para\u00edba. A reuni\u00e3o aconteceu na sede do Conselho, em Jo\u00e3o Pessoa, com o objetivo\u00a0de avan\u00e7ar na parceria entre as duas institui\u00e7\u00f5es. O comandante geral do CBMPB, Cel. Ara\u00fajo, e os tenente-coron\u00e9is Oliveira e Montezuma, representantes da Diretoria de Atividades T\u00e9cnicas da Corpora\u00e7\u00e3o, debateram o novo Conv\u00eanio de Coopera\u00e7\u00e3o T\u00e9cnica que ser\u00e1 firmado com o Crea-PB, possibilitando atividades conjuntas em diversas \u00e1reas. Para o presidente [&hellip;]<\/p>\n","protected":false},"author":2,"featured_media":16682,"comment_status":"open","ping_status":"open","sticky":false,"template":"","format":"standard","meta":{"_acf_changed":false,"footnotes":""},"categories":[9],"tags":[],"class_list":["post-16680","post","type-post","status-publish","format-standard","has-post-thumbnail","hentry","category-noticias"],"acf":[],"_links":{"self":[{"href":"https:\/\/creapb.org.br\/site\/wp-json\/wp\/v2\/posts\/16680","targetHints":{"allow":["GET"]}}],"collection":[{"href":"https:\/\/creapb.org.br\/site\/wp-json\/wp\/v2\/posts"}],"about":[{"href":"https:\/\/creapb.org.br\/site\/wp-json\/wp\/v2\/types\/post"}],"author":[{"embeddable":true,"href":"https:\/\/creapb.org.br\/site\/wp-json\/wp\/v2\/users\/2"}],"replies":[{"embeddable":true,"href":"https:\/\/creapb.org.br\/site\/wp-json\/wp\/v2\/comments?post=16680"}],"version-history":[{"count":5,"href":"https:\/\/creapb.org.br\/site\/wp-json\/wp\/v2\/posts\/16680\/revisions"}],"predecessor-version":[{"id":16688,"href":"https:\/\/creapb.org.br\/site\/wp-json\/wp\/v2\/posts\/16680\/revisions\/16688"}],"wp:featuredmedia":[{"embeddable":true,"href":"https:\/\/creapb.org.br\/site\/wp-json\/wp\/v2\/media\/16682"}],"wp:attachment":[{"href":"https:\/\/creapb.org.br\/site\/wp-json\/wp\/v2\/media?parent=16680"}],"wp:term":[{"taxonomy":"category","embeddable":true,"href":"https:\/\/creapb.org.br\/site\/wp-json\/wp\/v2\/categories?post=16680"},{"taxonomy":"post_tag","embeddable":true,"href":"https:\/\/creapb.org.br\/site\/wp-json\/wp\/v2\/tags?post=16680"}],"curies":[{"name":"wp","href":"https:\/\/api.w.org\/{rel}","templated":true}]}}