{"id":16748,"date":"2019-10-26T08:01:06","date_gmt":"2019-10-26T11:01:06","guid":{"rendered":"http:\/\/creapb.org.br\/?p=16748"},"modified":"2019-10-29T16:24:44","modified_gmt":"2019-10-29T19:24:44","slug":"tecnicos-agricolas-poderao-votar-nesta-quarta-feira-30","status":"publish","type":"post","link":"https:\/\/creapb.org.br\/site\/tecnicos-agricolas-poderao-votar-nesta-quarta-feira-30\/","title":{"rendered":"T\u00e9cnicos agr\u00edcolas poder\u00e3o votar nesta quarta-feira (30)"},"content":{"rendered":"<p>Revogando a Delibera\u00e7\u00e3o n\u00ba 36\/2019, a Comiss\u00e3o Eleitoral Federal decidiu, nesta sexta-feira (25), que os t\u00e9cnicos agr\u00edcolas registrados no sistema Confea\/Crea e em dia com suas obriga\u00e7\u00f5es perante o Conselho at\u00e9 30\/09\u00a0 poder\u00e3o votar nesta quarta-feira (30), nas elei\u00e7\u00f5es para Conselheiro Federal que acontecem, este ano, nos estados da Para\u00edba, Amazonas, Cear\u00e1, Minas Gerais, Par\u00e1 e Distrito Federal. A decis\u00e3o foi publicada atrav\u00e9s da Delibera\u00e7\u00e3o n\u00ba 58\/2019 <span style=\"color: #0000ff;\">(<a style=\"color: #0000ff;\" href=\"file:\/\/\/C:\/Users\/Grazi\/Downloads\/Delib.%20CEF%2058-2019.pdf\">VEJA AQUI<\/a>)<\/span>.<\/p>\n<p>Como, de acordo com o calend\u00e1rio eleitoral, o \u00a0fechamento de listagens de eleitores utilizadas para o carregamento pr\u00e9vio das urnas eletr\u00f4nicas foi realizada em 30 de setembro,\u00a0a colheita de votos desses profissionais ser\u00e1 realizada mediante urna e caderno de vota\u00e7\u00e3o pr\u00f3prios,\u00a0sendo realizada\u00a0a apura\u00e7\u00e3o desses votos em Mapas de Apura\u00e7\u00e3o distintos.<\/p>\n<p>A categoria n\u00e3o fazia parte do eleitorado, pois passa por um processo de sa\u00edda do sistema Confea\/Crea para cria\u00e7\u00e3o de Conselho pr\u00f3prio. No entanto, em setembro, a elei\u00e7\u00e3o para a diretoria do Conselho Federal dos T\u00e9cnicos Agr\u00edcolas\u00a0 foi suspensa por ordem judicial e n\u00e3o h\u00e1 previs\u00e3o de conclus\u00e3o do processo eleitoral e posse dos eleitos. At\u00e9 l\u00e1, os profissionais continuam tendo suas atividades regulamentadas pelo Crea e gozam dos mesmos direitos e obriga\u00e7\u00f5es das demais modalidades registradas no sistema.<\/p>\n<p><strong>As elei\u00e7\u00f5es<\/strong><\/p>\n<p>O Plen\u00e1rio do Confea \u00e9 composto por 18 Conselheiros Federais, eleitos nas Unidades Federativas, em forma de rod\u00edzio, e se renova anualmente pelo ter\u00e7o de seus membros. Em 2019, a Para\u00edba poder\u00e1 eleger um representante da Modalidade Industrial\u00a0 (Mec\u00e2nica e Metal\u00fargica, Qu\u00edmica e Geologia e Minas) no Estado da Para\u00edba. O engenheiro mec\u00e2nico Maur\u00edcio Timotheo de Souza e o engenheiro de Minas Renan Guimar\u00e3es de Azevedo pleiteiam a titularidade da vaga.<\/p>\n<p>No dia 30 de outubro, das 9h \u00e0s 19h, os profissionais em dia com o Crea-PB escolher\u00e3o quem ser\u00e1 o profissional representante da Para\u00edba no Conselho Federal, que vai assumir durante o tri\u00eanio 2020\/2022.<\/p>\n<p><strong>Locais de vota\u00e7\u00e3o\u00a0<\/strong><\/p>\n<p>Jo\u00e3o Pessoa, Campina Grande, Guarabira, Pombal, Sousa, Itaporanga, Patos e Cajazeiras s\u00e3o domic\u00edlios eleitorais. Na capital, haver\u00e1 dois locais de vota\u00e7\u00e3o. Confira abaixo os endere\u00e7os.<\/p>\n<p>Em Jo\u00e3o Pessoa, os t\u00e9cnicos agr\u00edcolas poder\u00e3o votar exclusivamente na sede do Crea, no centro da capital.<\/p>\n<p>&nbsp;<\/p>\n<p><strong>JO\u00c3O PESSOA<\/strong><\/p>\n<p>Inspetoria do CREA-PB<\/p>\n<p>Av. Pedro I, 809 \u2013 Centro<\/p>\n<p>&nbsp;<\/p>\n<p><strong>GUARABIRA<\/strong><\/p>\n<p>Avenida \u00a0Juscelino Kubitschek de Oliveira, s\/n\u00ba, bairro do Ju\u00e1<\/p>\n<p><strong>CAMPINA GRANDE<\/strong><\/p>\n<p>Rua Telegrafista Jos\u00e9 T\u00e1vora, 462, Centen\u00e1rio<\/p>\n<p><strong>PATOS<\/strong><\/p>\n<p>Pra\u00e7a Edvaldo Mota, 41, Centro<\/p>\n<p><strong>ITAPORANGA<\/strong><\/p>\n<p>Rua Dep. Soares Madruga, 249, Centro<\/p>\n<p><strong>CAJAZEIRAS<\/strong><\/p>\n<p>Rua Maria da Piedade Viana, 163, Por do Sol<\/p>\n<p><strong>SOUSA<\/strong><\/p>\n<p>Rua Haroldo Nazar\u00e9, S\/N \u2013 Q 15 \u2013 LT 09 \/ Lot. Rachel Gadelha<\/p>\n<p><strong>POMBAL\u00a0<\/strong><\/p>\n<p>Rua Coronel Jos\u00e9 Fernandes, 391, Centro<\/p>\n<p><em>Grazielle Uch\u00f4a\/Assessoria de Comunica\u00e7\u00e3o do Crea-PB<\/em><\/p>\n","protected":false},"excerpt":{"rendered":"<p>Revogando a Delibera\u00e7\u00e3o n\u00ba 36\/2019, a Comiss\u00e3o Eleitoral Federal decidiu, nesta sexta-feira (25), que os t\u00e9cnicos agr\u00edcolas registrados no sistema Confea\/Crea e em dia com suas obriga\u00e7\u00f5es perante o Conselho at\u00e9 30\/09\u00a0 poder\u00e3o votar nesta quarta-feira (30), nas elei\u00e7\u00f5es para Conselheiro Federal que acontecem, este ano, nos estados da Para\u00edba, Amazonas, Cear\u00e1, Minas Gerais, Par\u00e1 e Distrito Federal. A decis\u00e3o foi publicada atrav\u00e9s da Delibera\u00e7\u00e3o n\u00ba 58\/2019 (VEJA AQUI). Como, de acordo com o calend\u00e1rio eleitoral, o \u00a0fechamento de listagens de eleitores utilizadas para o carregamento pr\u00e9vio das urnas eletr\u00f4nicas foi realizada em 30 de setembro,\u00a0a colheita de votos desses [&hellip;]<\/p>\n","protected":false},"author":2,"featured_media":16541,"comment_status":"open","ping_status":"open","sticky":false,"template":"","format":"standard","meta":{"_acf_changed":false,"footnotes":""},"categories":[9],"tags":[],"class_list":["post-16748","post","type-post","status-publish","format-standard","has-post-thumbnail","hentry","category-noticias"],"acf":[],"_links":{"self":[{"href":"https:\/\/creapb.org.br\/site\/wp-json\/wp\/v2\/posts\/16748","targetHints":{"allow":["GET"]}}],"collection":[{"href":"https:\/\/creapb.org.br\/site\/wp-json\/wp\/v2\/posts"}],"about":[{"href":"https:\/\/creapb.org.br\/site\/wp-json\/wp\/v2\/types\/post"}],"author":[{"embeddable":true,"href":"https:\/\/creapb.org.br\/site\/wp-json\/wp\/v2\/users\/2"}],"replies":[{"embeddable":true,"href":"https:\/\/creapb.org.br\/site\/wp-json\/wp\/v2\/comments?post=16748"}],"version-history":[{"count":6,"href":"https:\/\/creapb.org.br\/site\/wp-json\/wp\/v2\/posts\/16748\/revisions"}],"predecessor-version":[{"id":16766,"href":"https:\/\/creapb.org.br\/site\/wp-json\/wp\/v2\/posts\/16748\/revisions\/16766"}],"wp:featuredmedia":[{"embeddable":true,"href":"https:\/\/creapb.org.br\/site\/wp-json\/wp\/v2\/media\/16541"}],"wp:attachment":[{"href":"https:\/\/creapb.org.br\/site\/wp-json\/wp\/v2\/media?parent=16748"}],"wp:term":[{"taxonomy":"category","embeddable":true,"href":"https:\/\/creapb.org.br\/site\/wp-json\/wp\/v2\/categories?post=16748"},{"taxonomy":"post_tag","embeddable":true,"href":"https:\/\/creapb.org.br\/site\/wp-json\/wp\/v2\/tags?post=16748"}],"curies":[{"name":"wp","href":"https:\/\/api.w.org\/{rel}","templated":true}]}}