{"id":16752,"date":"2019-10-29T13:02:20","date_gmt":"2019-10-29T16:02:20","guid":{"rendered":"http:\/\/creapb.org.br\/?p=16752"},"modified":"2019-10-29T13:02:55","modified_gmt":"2019-10-29T16:02:55","slug":"olinda-sedia-4o-congresso-brasileiro-de-geracao-distribuida","status":"publish","type":"post","link":"https:\/\/creapb.org.br\/site\/olinda-sedia-4o-congresso-brasileiro-de-geracao-distribuida\/","title":{"rendered":"Olinda sedia 4\u00ba Congresso Brasileiro de Gera\u00e7\u00e3o Distribu\u00edda"},"content":{"rendered":"<p><img fetchpriority=\"high\" decoding=\"async\" class=\"wp-image-16754 alignleft\" src=\"https:\/\/creapb.org.br\/site\/wp-content\/uploads\/2019\/10\/CREAPB1.jpg\" alt=\"\" width=\"448\" height=\"739\" \/><\/p>\n<p>Nos dias 13 e 14 de novembro, o Centro de Conven\u00e7\u00f5es de Pernambuco, em Olinda\/PE recebe o 4\u00ba Congresso Brasileiro de Gera\u00e7\u00e3o Distribu\u00edda. O\u00a0<b>CBGD 2019<\/b>\u00a0\u00e9 o maior encontro do setor de Gera\u00e7\u00e3o Distribu\u00edda com Fontes Renov\u00e1veis da Am\u00e9rica Latina, voltado para o setor de Gera\u00e7\u00e3o Distribu\u00edda, com uma circula\u00e7\u00e3o\u00a0m\u00e9dia\u00a0de\u00a0<b>2500 pessoas<\/b>\u00a0por dia entre congressistas e visitantes, patrocinadores e expositores.<\/p>\n<p>Ser\u00e3o dois dias de evento,\u00a0nos quais ser\u00e3o abordados temas como: Armazenamento de energia, Inova\u00e7\u00e3o e Tecnologia, Fontes Renov\u00e1veis, Lan\u00e7amentos e Tend\u00eancias, al\u00e9m de contar com a 4\u00aa Feira Brasileira de Gera\u00e7\u00e3o Distribu\u00edda \u2013\u00a0<a href=\"https:\/\/www.expogd.com.br\/site\/\" target=\"_blank\" rel=\"noreferrer\">ExpoGD<\/a>\u00a0, que acontece nos mesmos dias e tem como objetivo criar oportunidades de neg\u00f3cios entre congressistas e expositores, movimentando ainda mais o setor e fortalecendo a cadeia produtiva. Simultaneamente, tamb\u00e9m acontecer\u00e1 o evento\u00a0<b>Energy Storage Brasil<\/b>\u00a0\u2013 F\u00f3rum e Feira de Armazenamento de Energia.<\/p>\n<p>O 4\u00ba Congresso Brasileiro de Gera\u00e7\u00e3o Distribu\u00edda \u2013 CBGD \u00e9 um evento oficial, promovido e realizado anualmente pela Grupo FRG, organizado em parceria com a Associa\u00e7\u00e3o Brasileira de Gera\u00e7\u00e3o Distribu\u00edda \u2013 ABGD, associa\u00e7\u00e3o oficial de empresas do setor, que re\u00fane provedores de solu\u00e7\u00f5es, EPCs, integradores, distribuidores, fabricantes, profissionais e acad\u00eamicos do setor, e que tem em comum a atua\u00e7\u00e3o direta ou indireta na gera\u00e7\u00e3o distribu\u00edda oriunda de fontes renov\u00e1veis de energia.<\/p>\n<p>O evento conta ainda com o apoio oficial de entidades e associa\u00e7\u00f5es ligadas ao setor de GD no Brasil e no exterior, como WBA \u2013 Associa\u00e7\u00e3o Mundial de Bioenergia. O Conselho Regional de Engenharia e Agronomia da Para\u00edba apoia o evento. \u00c9 por isso que profissionais registrados no Conselho t\u00eam a sua disposi\u00e7\u00e3o um c\u00f3digo de desconto para inscrever-se no Congresso (confira no banner ao lado).<\/p>\n<p>&nbsp;<\/p>\n<p><em>*Com informa\u00e7\u00f5es da Assessoria<\/em><\/p>\n<p>&nbsp;<\/p>\n<p>&nbsp;<\/p>\n","protected":false},"excerpt":{"rendered":"<p>Nos dias 13 e 14 de novembro, o Centro de Conven\u00e7\u00f5es de Pernambuco, em Olinda\/PE recebe o 4\u00ba Congresso Brasileiro de Gera\u00e7\u00e3o Distribu\u00edda. O\u00a0CBGD 2019\u00a0\u00e9 o maior encontro do setor de Gera\u00e7\u00e3o Distribu\u00edda com Fontes Renov\u00e1veis da Am\u00e9rica Latina, voltado para o setor de Gera\u00e7\u00e3o Distribu\u00edda, com uma circula\u00e7\u00e3o\u00a0m\u00e9dia\u00a0de\u00a02500 pessoas\u00a0por dia entre congressistas e visitantes, patrocinadores e expositores. Ser\u00e3o dois dias de evento,\u00a0nos quais ser\u00e3o abordados temas como: Armazenamento de energia, Inova\u00e7\u00e3o e Tecnologia, Fontes Renov\u00e1veis, Lan\u00e7amentos e Tend\u00eancias, al\u00e9m de contar com a 4\u00aa Feira Brasileira de Gera\u00e7\u00e3o Distribu\u00edda \u2013\u00a0ExpoGD\u00a0, que acontece nos mesmos dias e tem como objetivo [&hellip;]<\/p>\n","protected":false},"author":2,"featured_media":16753,"comment_status":"open","ping_status":"open","sticky":false,"template":"","format":"standard","meta":{"_acf_changed":false,"footnotes":""},"categories":[9],"tags":[],"class_list":["post-16752","post","type-post","status-publish","format-standard","has-post-thumbnail","hentry","category-noticias"],"acf":[],"_links":{"self":[{"href":"https:\/\/creapb.org.br\/site\/wp-json\/wp\/v2\/posts\/16752","targetHints":{"allow":["GET"]}}],"collection":[{"href":"https:\/\/creapb.org.br\/site\/wp-json\/wp\/v2\/posts"}],"about":[{"href":"https:\/\/creapb.org.br\/site\/wp-json\/wp\/v2\/types\/post"}],"author":[{"embeddable":true,"href":"https:\/\/creapb.org.br\/site\/wp-json\/wp\/v2\/users\/2"}],"replies":[{"embeddable":true,"href":"https:\/\/creapb.org.br\/site\/wp-json\/wp\/v2\/comments?post=16752"}],"version-history":[{"count":3,"href":"https:\/\/creapb.org.br\/site\/wp-json\/wp\/v2\/posts\/16752\/revisions"}],"predecessor-version":[{"id":16757,"href":"https:\/\/creapb.org.br\/site\/wp-json\/wp\/v2\/posts\/16752\/revisions\/16757"}],"wp:featuredmedia":[{"embeddable":true,"href":"https:\/\/creapb.org.br\/site\/wp-json\/wp\/v2\/media\/16753"}],"wp:attachment":[{"href":"https:\/\/creapb.org.br\/site\/wp-json\/wp\/v2\/media?parent=16752"}],"wp:term":[{"taxonomy":"category","embeddable":true,"href":"https:\/\/creapb.org.br\/site\/wp-json\/wp\/v2\/categories?post=16752"},{"taxonomy":"post_tag","embeddable":true,"href":"https:\/\/creapb.org.br\/site\/wp-json\/wp\/v2\/tags?post=16752"}],"curies":[{"name":"wp","href":"https:\/\/api.w.org\/{rel}","templated":true}]}}