{"id":16769,"date":"2019-10-31T17:32:26","date_gmt":"2019-10-31T20:32:26","guid":{"rendered":"http:\/\/creapb.org.br\/?p=16769"},"modified":"2019-10-31T17:32:58","modified_gmt":"2019-10-31T20:32:58","slug":"renan-azevedo-e-eleito-conselheiro-federal-pela-paraiba","status":"publish","type":"post","link":"https:\/\/creapb.org.br\/site\/renan-azevedo-e-eleito-conselheiro-federal-pela-paraiba\/","title":{"rendered":"Renan Azevedo \u00e9 eleito conselheiro federal pela Para\u00edba"},"content":{"rendered":"<p>Nesta quarta-feira (30), cerca de\u00a0900 profissionais da \u00e1rea tecnol\u00f3gica escolheram o engenheiro de Minas Renan Azevedo para representar a Para\u00edba como conselheiro no Conselho Federal de Engenharia e Agronomia.\u00a0Ele\u00a0assume a titularidade do cargo para o tri\u00eanio 2020\/2022.\u00a0Renan e seu suplente, Vicente Lucena, disputaram a vaga com os engenheiros Maur\u00edcio Timoteo e Jos\u00e9 Leandro, tendo sido eleitos com 83% dos votos.<\/p>\n<p>A vota\u00e7\u00e3o ocorreu em Jo\u00e3o Pessoa e em todas as inspetorias do Crea no interior e preencheu a vaga da Para\u00edba, direcionada a um representante da Modalidade Industrial\u00a0 (Mec\u00e2nica e Metal\u00fargica, Qu\u00edmica e Geologia e Minas), em conformidade com\u00a0a\u00a0Tabela de Sucessividade de Estados e Modalidades (Rosa dos Ventos),\u00a0 disciplinada pela\u00a0<a href=\"http:\/\/normativos.confea.org.br\/ementas\/visualiza.asp?idEmenta=64415&amp;idTiposEmentas=&amp;Numero=&amp;AnoIni=&amp;AnoFim=&amp;PalavraChave=&amp;buscarem=&amp;vigente=\">Decis\u00e3o Plen\u00e1ria n\u00ba PL-2373\/2017<\/a><\/p>\n<p>O exerc\u00edcio da fun\u00e7\u00e3o de Conselheiro \u00e9 honor\u00edfica, sem remunera\u00e7\u00e3o, reconhecida como servi\u00e7o relevante \u00e0 profiss\u00e3o. Ao t\u00e9rmino do mandato \u00e9 concedido um diploma de relevantes servi\u00e7os prestados \u00e0\u00a0Engenharia e \u00e0 sociedade.\u00a0Os conselheiros federais elaboram e aprovam todas as normas que dizem respeito \u00e0s atribui\u00e7\u00f5es profissionais e ao funcionamento do Sistema. Eles tamb\u00e9m s\u00e3o respons\u00e1veis por julgar os processos que n\u00e3o s\u00e3o decididos na primeira inst\u00e2ncia, ou seja, nos CREAs dos Estado. Junto \u00e0 Assessoria Parlamentar do Confea,\u00a0eles tamb\u00e9m\u00a0acompanham toda a legisla\u00e7\u00e3o que tramita no Congresso Nacional e diz respeito aos profissionais do Sistema.<\/p>\n<p><img fetchpriority=\"high\" decoding=\"async\" class=\"wp-image-16771 alignleft\" src=\"https:\/\/creapb.org.br\/site\/wp-content\/uploads\/2019\/10\/Renan.jpg\" alt=\"\" width=\"236\" height=\"236\" \/><\/p>\n<p>&nbsp;<\/p>\n<p><strong>QUEM \u00c9 RENAN\u00a0<\/strong><\/p>\n<p>Engenheiro de Minas formado pela Universidade Federal de Campina Grande, Renan \u00e9 empres\u00e1rio. Foi vice-presidente e diretor tesoureiro do Conselho Regional de Engenharia e Agronomia da Para\u00edba (CREA-PB), onde tamb\u00e9m coordenou a C\u00e2mara Especializada de Geologia e Minas. Presidiu a Associa\u00e7\u00e3o dos Engenheiros de Minas da Para\u00edba (ASSEMPB) e a Casa do Estudante do Estado da Para\u00edba (FUNECAP), atuou como conselheiro do Conselho de Prote\u00e7\u00e3o Ambiental da Para\u00edba (COPAM) e foi diretor da Associa\u00e7\u00e3o Brasileira dos Engenheiros de Minas (ABREMI).<\/p>\n<p>&nbsp;<\/p>\n<p>&nbsp;<\/p>\n<h3><strong><span style=\"color: #ff0000;\"><a style=\"color: #ff0000;\" href=\"https:\/\/creapb.org.br\/site\/eleicoes\/\">VEJA TUDO SOBRE A ELEI\u00c7\u00c3O 2019 AQUI<\/a>\u00a0<\/span><\/strong><\/h3>\n<p>&nbsp;<\/p>\n<p><em>Grazielle Uch\u00f4a\/Assessoria de Comunica\u00e7\u00e3o Crea-PB<\/em><\/p>\n<p><em>Foto: Ag\u00eancia Seleta\u00a0<\/em><\/p>\n<p>&nbsp;<\/p>\n","protected":false},"excerpt":{"rendered":"<p>Nesta quarta-feira (30), cerca de\u00a0900 profissionais da \u00e1rea tecnol\u00f3gica escolheram o engenheiro de Minas Renan Azevedo para representar a Para\u00edba como conselheiro no Conselho Federal de Engenharia e Agronomia.\u00a0Ele\u00a0assume a titularidade do cargo para o tri\u00eanio 2020\/2022.\u00a0Renan e seu suplente, Vicente Lucena, disputaram a vaga com os engenheiros Maur\u00edcio Timoteo e Jos\u00e9 Leandro, tendo sido eleitos com 83% dos votos. A vota\u00e7\u00e3o ocorreu em Jo\u00e3o Pessoa e em todas as inspetorias do Crea no interior e preencheu a vaga da Para\u00edba, direcionada a um representante da Modalidade Industrial\u00a0 (Mec\u00e2nica e Metal\u00fargica, Qu\u00edmica e Geologia e Minas), em conformidade com\u00a0a\u00a0Tabela de [&hellip;]<\/p>\n","protected":false},"author":2,"featured_media":16771,"comment_status":"open","ping_status":"open","sticky":false,"template":"","format":"standard","meta":{"_acf_changed":false,"footnotes":""},"categories":[9],"tags":[],"class_list":["post-16769","post","type-post","status-publish","format-standard","has-post-thumbnail","hentry","category-noticias"],"acf":[],"_links":{"self":[{"href":"https:\/\/creapb.org.br\/site\/wp-json\/wp\/v2\/posts\/16769","targetHints":{"allow":["GET"]}}],"collection":[{"href":"https:\/\/creapb.org.br\/site\/wp-json\/wp\/v2\/posts"}],"about":[{"href":"https:\/\/creapb.org.br\/site\/wp-json\/wp\/v2\/types\/post"}],"author":[{"embeddable":true,"href":"https:\/\/creapb.org.br\/site\/wp-json\/wp\/v2\/users\/2"}],"replies":[{"embeddable":true,"href":"https:\/\/creapb.org.br\/site\/wp-json\/wp\/v2\/comments?post=16769"}],"version-history":[{"count":16,"href":"https:\/\/creapb.org.br\/site\/wp-json\/wp\/v2\/posts\/16769\/revisions"}],"predecessor-version":[{"id":16788,"href":"https:\/\/creapb.org.br\/site\/wp-json\/wp\/v2\/posts\/16769\/revisions\/16788"}],"wp:featuredmedia":[{"embeddable":true,"href":"https:\/\/creapb.org.br\/site\/wp-json\/wp\/v2\/media\/16771"}],"wp:attachment":[{"href":"https:\/\/creapb.org.br\/site\/wp-json\/wp\/v2\/media?parent=16769"}],"wp:term":[{"taxonomy":"category","embeddable":true,"href":"https:\/\/creapb.org.br\/site\/wp-json\/wp\/v2\/categories?post=16769"},{"taxonomy":"post_tag","embeddable":true,"href":"https:\/\/creapb.org.br\/site\/wp-json\/wp\/v2\/tags?post=16769"}],"curies":[{"name":"wp","href":"https:\/\/api.w.org\/{rel}","templated":true}]}}