{"id":16893,"date":"2019-12-16T15:47:49","date_gmt":"2019-12-16T18:47:49","guid":{"rendered":"http:\/\/creapb.org.br\/?p=16893"},"modified":"2019-12-23T15:54:52","modified_gmt":"2019-12-23T18:54:52","slug":"encontro-de-entidades-encerra-programacao-da-semana-do-engenheiro-e-da-engenheira","status":"publish","type":"post","link":"https:\/\/creapb.org.br\/site\/encontro-de-entidades-encerra-programacao-da-semana-do-engenheiro-e-da-engenheira\/","title":{"rendered":"Encontro de entidades encerra programa\u00e7\u00e3o da Semana do Engenheiro e da Engenheira"},"content":{"rendered":"<p><img fetchpriority=\"high\" decoding=\"async\" class=\"wp-image-16894 alignleft\" src=\"https:\/\/creapb.org.br\/site\/wp-content\/uploads\/2019\/12\/IMG_1666-1024x683.jpg\" width=\"508\" height=\"339\" srcset=\"https:\/\/creapb.org.br\/site\/wp-content\/uploads\/2019\/12\/IMG_1666-1024x683.jpg 1024w, https:\/\/creapb.org.br\/site\/wp-content\/uploads\/2019\/12\/IMG_1666-300x200.jpg 300w, https:\/\/creapb.org.br\/site\/wp-content\/uploads\/2019\/12\/IMG_1666-768x512.jpg 768w\" sizes=\"(max-width: 508px) 100vw, 508px\" \/><\/p>\n<p>O Crea-PB e a M\u00fatua, com o apoio de outras institui\u00e7\u00f5es, realizaram, de 10 a 13 de dezembro, \u00a0a Semana do engenheiro e da engenheira. O evento contou com palestras, que aconteceram em Jo\u00e3o Pessoa e Campina Grande. Na sexta-feira,13, a atividade foi voltada para os representantes de v\u00e1rias entidades das engenharias, que se reuniram para debater uma agenda positiva para 2020, marcando o fim da semana dedicada \u00e0s comemora\u00e7\u00f5es do Dia do Engenheiro.<\/p>\n<p>Em Jo\u00e3o Pessoa, as palestras abordaram tem\u00e1ticas sobre a norma de desempenho, a seguran\u00e7a do trabalhador rural, inova\u00e7\u00f5es tecnol\u00f3gicas nas engenharias e tamb\u00e9m sobre o papel da seguran\u00e7a do trabalho nas engenharias. J\u00e1 em Campina Grande, o palestrante e professor L\u00edvio Silva tratou do tema sobre \u201cAcessibilidade: engenharia com cidadania\u201d, enquanto a professora Herm\u00edlia Feitosa falou sobre as \u201cImplica\u00e7\u00f5es jur\u00eddicas do n\u00e3o cumprimento da Lei Brasileira de Inclus\u00e3o\u201d. Todos os eventos foram gratuitos e abertos ao p\u00fablico.<\/p>\n<figure id=\"attachment_16895\" aria-describedby=\"caption-attachment-16895\" style=\"width: 594px\" class=\"wp-caption alignright\"><img decoding=\"async\" class=\"wp-image-16895\" src=\"https:\/\/creapb.org.br\/site\/wp-content\/uploads\/2019\/12\/IMG_1420-1024x683.jpg\" width=\"594\" height=\"396\" srcset=\"https:\/\/creapb.org.br\/site\/wp-content\/uploads\/2019\/12\/IMG_1420-1024x683.jpg 1024w, https:\/\/creapb.org.br\/site\/wp-content\/uploads\/2019\/12\/IMG_1420-300x200.jpg 300w, https:\/\/creapb.org.br\/site\/wp-content\/uploads\/2019\/12\/IMG_1420-768x512.jpg 768w\" sizes=\"(max-width: 594px) 100vw, 594px\" \/><figcaption id=\"caption-attachment-16895\" class=\"wp-caption-text\">Palestra sobre Norma de Desempenho, realizada no dia 10 de dezembro.<\/figcaption><\/figure>\n<p>Na sede da M\u00fatua, em Jo\u00e3o Pessoa, a reuni\u00e3o das entidades de classe encerrou a programa\u00e7\u00e3o da Semana do Engenheiro e da Engenheira. Na ocasi\u00e3o, os representantes das entidades comentaram sobre os planejamentos conjuntos com o CREA-PB e a M\u00fatua-PB, visando a melhoria dos servi\u00e7os prestados ao profissional da engenharia. Eles tamb\u00e9m fizeram um balan\u00e7o geral sobre o alcance da Semana do engenheiro e da engenheira e afirmaram que o ano de 2020 ser\u00e1 de uni\u00e3o entre as entidades e da garantia de novos projetos de trabalho.<\/p>\n<p>Erle Diniz, presidente do Sindicato dos Engenheiros Servidores do Estado da Para\u00edba (Sindese-pb) foi um dos participantes e disse estar em conversa\u00e7\u00e3o com o presidente do Crea-PB, Antonio Carlos de Arag\u00e3o, para que juntas, as entidades se fortale\u00e7am e desenvolvam novos projetos, que devem ser tra\u00e7ados at\u00e9 o final de janeiro de 2020. \u201c Na minha gest\u00e3o, desde 2014, o Sindese-PB est\u00e1 aberto para conversa\u00e7\u00e3o, e vou fazer quest\u00e3o de participar de todas as reuni\u00f5es\u201d, disse o presidente da entidade.<\/p>\n<p>Participaram do encontro o Senge-PB, AEA-PB, Sindese-PB, Aest-PB, CEP-PB, ABEE-PB, Crea-PB e tamb\u00e9m a M\u00fatua-PB.<\/p>\n<p>&nbsp;<\/p>\n<p>Veja todas as fotos do evento: <a href=\"https:\/\/www.facebook.com\/pg\/creapb\/photos\/?tab=album&amp;album_id=2671945349592953\">https:\/\/www.facebook.com\/pg\/creapb\/photos\/?tab=album&amp;album_id=2671945349592953<\/a><\/p>\n<p>&nbsp;<\/p>\n<p><em>*Raniery Monteiro \u2013 Estagi\u00e1rio Ascom Crea-PB\u00a0<\/em><em>(Sob a supervis\u00e3o da Jornalista Grazielle Uch\u00f4a)<\/em><\/p>\n","protected":false},"excerpt":{"rendered":"<p>O Crea-PB e a M\u00fatua, com o apoio de outras institui\u00e7\u00f5es, realizaram, de 10 a 13 de dezembro, \u00a0a Semana do engenheiro e da engenheira. O evento contou com palestras, que aconteceram em Jo\u00e3o Pessoa e Campina Grande. Na sexta-feira,13, a atividade foi voltada para os representantes de v\u00e1rias entidades das engenharias, que se reuniram para debater uma agenda positiva para 2020, marcando o fim da semana dedicada \u00e0s comemora\u00e7\u00f5es do Dia do Engenheiro. Em Jo\u00e3o Pessoa, as palestras abordaram tem\u00e1ticas sobre a norma de desempenho, a seguran\u00e7a do trabalhador rural, inova\u00e7\u00f5es tecnol\u00f3gicas nas engenharias e tamb\u00e9m sobre o papel [&hellip;]<\/p>\n","protected":false},"author":2,"featured_media":16894,"comment_status":"open","ping_status":"open","sticky":false,"template":"","format":"standard","meta":{"_acf_changed":false,"footnotes":""},"categories":[9],"tags":[],"class_list":["post-16893","post","type-post","status-publish","format-standard","has-post-thumbnail","hentry","category-noticias"],"acf":[],"_links":{"self":[{"href":"https:\/\/creapb.org.br\/site\/wp-json\/wp\/v2\/posts\/16893","targetHints":{"allow":["GET"]}}],"collection":[{"href":"https:\/\/creapb.org.br\/site\/wp-json\/wp\/v2\/posts"}],"about":[{"href":"https:\/\/creapb.org.br\/site\/wp-json\/wp\/v2\/types\/post"}],"author":[{"embeddable":true,"href":"https:\/\/creapb.org.br\/site\/wp-json\/wp\/v2\/users\/2"}],"replies":[{"embeddable":true,"href":"https:\/\/creapb.org.br\/site\/wp-json\/wp\/v2\/comments?post=16893"}],"version-history":[{"count":1,"href":"https:\/\/creapb.org.br\/site\/wp-json\/wp\/v2\/posts\/16893\/revisions"}],"predecessor-version":[{"id":16896,"href":"https:\/\/creapb.org.br\/site\/wp-json\/wp\/v2\/posts\/16893\/revisions\/16896"}],"wp:featuredmedia":[{"embeddable":true,"href":"https:\/\/creapb.org.br\/site\/wp-json\/wp\/v2\/media\/16894"}],"wp:attachment":[{"href":"https:\/\/creapb.org.br\/site\/wp-json\/wp\/v2\/media?parent=16893"}],"wp:term":[{"taxonomy":"category","embeddable":true,"href":"https:\/\/creapb.org.br\/site\/wp-json\/wp\/v2\/categories?post=16893"},{"taxonomy":"post_tag","embeddable":true,"href":"https:\/\/creapb.org.br\/site\/wp-json\/wp\/v2\/tags?post=16893"}],"curies":[{"name":"wp","href":"https:\/\/api.w.org\/{rel}","templated":true}]}}