{"id":16982,"date":"2020-02-11T15:52:22","date_gmt":"2020-02-11T18:52:22","guid":{"rendered":"http:\/\/creapb.org.br\/?p=16982"},"modified":"2020-02-11T15:52:22","modified_gmt":"2020-02-11T18:52:22","slug":"crea-pb-lamenta-veto-a-pl-que-obriga-inspecao-predial-na-capital","status":"publish","type":"post","link":"https:\/\/creapb.org.br\/site\/crea-pb-lamenta-veto-a-pl-que-obriga-inspecao-predial-na-capital\/","title":{"rendered":"Crea-PB lamenta veto a PL que obriga inspe\u00e7\u00e3o predial na capital"},"content":{"rendered":"<p>O Conselho Regional de Engenharia e Agronomia da Para\u00edba (Crea-PB) veio a p\u00fablico, esta semana, demonstrar preocupa\u00e7\u00e3o em rela\u00e7\u00e3o ao veto do prefeito da capital ao\u00a0Projeto de Lei Ordin\u00e1ria N\u00ba 568\/2018, que disp\u00f5e sobre a obrigatoriedade de inspe\u00e7\u00e3o predial, manuten\u00e7\u00e3o preventiva e peri\u00f3dica das edifica\u00e7\u00f5es e equipamentos p\u00fablicos e privados no \u00e2mbito do munic\u00edpio de Jo\u00e3o Pessoa.<\/p>\n<p>A inspe\u00e7\u00e3o predial\u00a0\u00e9 uma\u00a0avalia\u00e7\u00e3o para identificar o estado geral da edifica\u00e7\u00e3o e de seus sistemas construtivos, observando os aspectos de desempenho, funcionalidade, vida \u00fatil, seguran\u00e7a e estado de conserva\u00e7\u00e3o. Segundo o presidente do Crea-PB, Antonio Carlos de Arag\u00e3o, alguns estudos apontam que quase 70% dos acidentes em edifica\u00e7\u00f5es s\u00e3o causados por falta de manuten\u00e7\u00e3o.<\/p>\n<p><img fetchpriority=\"high\" decoding=\"async\" class=\"wp-image-16983 alignleft\" src=\"https:\/\/creapb.org.br\/site\/wp-content\/uploads\/2020\/02\/Crea.-Cr\u00e9dito-Ascom-Crea-1024x709.jpg\" width=\"500\" height=\"346\" srcset=\"https:\/\/creapb.org.br\/site\/wp-content\/uploads\/2020\/02\/Crea.-Cr\u00e9dito-Ascom-Crea.jpg 1024w, https:\/\/creapb.org.br\/site\/wp-content\/uploads\/2020\/02\/Crea.-Cr\u00e9dito-Ascom-Crea-300x208.jpg 300w, https:\/\/creapb.org.br\/site\/wp-content\/uploads\/2020\/02\/Crea.-Cr\u00e9dito-Ascom-Crea-768x532.jpg 768w, https:\/\/creapb.org.br\/site\/wp-content\/uploads\/2020\/02\/Crea.-Cr\u00e9dito-Ascom-Crea-360x250.jpg 360w\" sizes=\"(max-width: 500px) 100vw, 500px\" \/><\/p>\n<p>De acordo com o engenheiro, o Crea recebeu com bastante surpresa e desapontamento a not\u00edcia do veto. &#8220;Consideramos que a aprova\u00e7\u00e3o desse dispositivo legal \u00e9 indispens\u00e1vel para assegurar a seguran\u00e7a da popula\u00e7\u00e3o. O Crea tem alertado h\u00e1 anos sobre os riscos da falta de manuten\u00e7\u00e3o predial e as trag\u00e9dias que t\u00eam acontecido no Brasil deixam clara essa urg\u00eancia. Esperamos que a Para\u00edba n\u00e3o seja obrigada a tomar atitudes emergenciais e retardat\u00e1rias. Temos, atrav\u00e9s desse PL e com a contribui\u00e7\u00e3o de v\u00e1rias entidades, uma oportunidade \u00edmpar de agir preventivamente, resguardando a incolumidade p\u00fablica. Torcemos para que a gest\u00e3o municipal repense o seu entendimento, aprovando esse PL de interesse de todos os cidad\u00e3os da nossa capital&#8221;, ponderou o presidente.<\/p>\n<p>A capital paraibana, que carrega o t\u00edtulo de terceira cidade mais antiga do Brasil, convive com as grandes e modernas edifica\u00e7\u00f5es verticais, por um lado, e com hist\u00f3ricas constru\u00e7\u00f5es seculares, por outro. A manuten\u00e7\u00e3o preventiva desses equipamentos, no entanto, \u00e9 pouco mencionada. O Projeto de Lei, al\u00e9m de tornar obrigat\u00f3rias as inspe\u00e7\u00f5es peri\u00f3dicas, conclu\u00eddas por laudos de Engenharia, em pr\u00e9dios p\u00fablicos e privados de Jo\u00e3o Pessoa, tamb\u00e9m traz uma inova\u00e7\u00e3o. De acordo com Antonio Carlos de Arag\u00e3o, o PL conta com um artigo que obriga a entrega de todos os projetos t\u00e9cnicos de Engenharia atualizados conforme o efetivamente constru\u00eddo aos adquirentes dos im\u00f3veis. Assim, quando um cidad\u00e3o compra um im\u00f3vel e, algum tempo depois, se queixa de problemas na sua constru\u00e7\u00e3o, se houver \u00a0d\u00favida se a patologia detectada foi fruto de algum erro na execu\u00e7\u00e3o da construtora ou da falta de manuten\u00e7\u00e3o preventiva e peri\u00f3dica, ser\u00e1 poss\u00edvel, atrav\u00e9s do laudo feito pelo engenheiro, distinguir e solucionar qualquer um desses problemas. &#8220;Assim, as obras passar\u00e3o a ter mem\u00f3ria t\u00e9cnica de Engenharia, o que pode evitar que mais vidas sejam ceifadas.\u00a0S\u00f3 desta forma\u00a0poderemos criar uma cultura de manuten\u00e7\u00e3o como instrumento de preven\u00e7\u00e3o de acidentes. \u00c9 inquestion\u00e1vel a import\u00e2ncia disso para a seguran\u00e7a da popula\u00e7\u00e3o\u201d,\u00a0aponta o engenheiro.<\/p>\n<p>O PL 568\/2018 foi aprovado pela C\u00e2mara Municipal de Jo\u00e3o Pessoa em outubro de 2019. De autoria do vereador Tib\u00e9rio Limeira, sua formula\u00e7\u00e3o foi desenvolvida com a participa\u00e7\u00e3o de um grupo de trabalho composto por entidades ligadas \u00e0 constru\u00e7\u00e3o civil, como o Conselho de Arquitetura e Urbanismo da Para\u00edba (CAU\/PB),\u00a0 a Academia Paraibana de Engenharia, o Instituto Brasileiro de Avalia\u00e7\u00f5es e Per\u00edcias de Engenharia da Para\u00edba (IBAPE-PB) e o Sindicato da Ind\u00fastria da Constru\u00e7\u00e3o Civil de Jo\u00e3o Pessoa (SINDUSCON-JP).<\/p>\n<p>&nbsp;<\/p>\n<p><em>Grazielle Uch\u00f4a\/Assessoria de Comunica\u00e7\u00e3o do Crea-PB<\/em><\/p>\n","protected":false},"excerpt":{"rendered":"<p>O Conselho Regional de Engenharia e Agronomia da Para\u00edba (Crea-PB) veio a p\u00fablico, esta semana, demonstrar preocupa\u00e7\u00e3o em rela\u00e7\u00e3o ao veto do prefeito da capital ao\u00a0Projeto de Lei Ordin\u00e1ria N\u00ba 568\/2018, que disp\u00f5e sobre a obrigatoriedade de inspe\u00e7\u00e3o predial, manuten\u00e7\u00e3o preventiva e peri\u00f3dica das edifica\u00e7\u00f5es e equipamentos p\u00fablicos e privados no \u00e2mbito do munic\u00edpio de Jo\u00e3o Pessoa. A inspe\u00e7\u00e3o predial\u00a0\u00e9 uma\u00a0avalia\u00e7\u00e3o para identificar o estado geral da edifica\u00e7\u00e3o e de seus sistemas construtivos, observando os aspectos de desempenho, funcionalidade, vida \u00fatil, seguran\u00e7a e estado de conserva\u00e7\u00e3o. Segundo o presidente do Crea-PB, Antonio Carlos de Arag\u00e3o, alguns estudos apontam que quase [&hellip;]<\/p>\n","protected":false},"author":2,"featured_media":16983,"comment_status":"open","ping_status":"open","sticky":false,"template":"","format":"standard","meta":{"_acf_changed":false,"footnotes":""},"categories":[9],"tags":[],"class_list":["post-16982","post","type-post","status-publish","format-standard","has-post-thumbnail","hentry","category-noticias"],"acf":[],"_links":{"self":[{"href":"https:\/\/creapb.org.br\/site\/wp-json\/wp\/v2\/posts\/16982","targetHints":{"allow":["GET"]}}],"collection":[{"href":"https:\/\/creapb.org.br\/site\/wp-json\/wp\/v2\/posts"}],"about":[{"href":"https:\/\/creapb.org.br\/site\/wp-json\/wp\/v2\/types\/post"}],"author":[{"embeddable":true,"href":"https:\/\/creapb.org.br\/site\/wp-json\/wp\/v2\/users\/2"}],"replies":[{"embeddable":true,"href":"https:\/\/creapb.org.br\/site\/wp-json\/wp\/v2\/comments?post=16982"}],"version-history":[{"count":1,"href":"https:\/\/creapb.org.br\/site\/wp-json\/wp\/v2\/posts\/16982\/revisions"}],"predecessor-version":[{"id":16984,"href":"https:\/\/creapb.org.br\/site\/wp-json\/wp\/v2\/posts\/16982\/revisions\/16984"}],"wp:featuredmedia":[{"embeddable":true,"href":"https:\/\/creapb.org.br\/site\/wp-json\/wp\/v2\/media\/16983"}],"wp:attachment":[{"href":"https:\/\/creapb.org.br\/site\/wp-json\/wp\/v2\/media?parent=16982"}],"wp:term":[{"taxonomy":"category","embeddable":true,"href":"https:\/\/creapb.org.br\/site\/wp-json\/wp\/v2\/categories?post=16982"},{"taxonomy":"post_tag","embeddable":true,"href":"https:\/\/creapb.org.br\/site\/wp-json\/wp\/v2\/tags?post=16982"}],"curies":[{"name":"wp","href":"https:\/\/api.w.org\/{rel}","templated":true}]}}