{"id":17192,"date":"2020-04-07T18:04:47","date_gmt":"2020-04-07T21:04:47","guid":{"rendered":"http:\/\/creapb.org.br\/?p=17192"},"modified":"2020-04-07T18:06:14","modified_gmt":"2020-04-07T21:06:14","slug":"semana-santa-nao-havera-expediente-nesta-quinta-9-e-sexta-feira-10","status":"publish","type":"post","link":"https:\/\/creapb.org.br\/site\/semana-santa-nao-havera-expediente-nesta-quinta-9-e-sexta-feira-10\/","title":{"rendered":"Semana Santa: N\u00e3o haver\u00e1 expediente nesta quinta (9) e sexta-feira (10)"},"content":{"rendered":"<p><img fetchpriority=\"high\" decoding=\"async\" class=\"size-medium wp-image-17194 alignleft\" src=\"https:\/\/creapb.org.br\/site\/wp-content\/uploads\/2020\/04\/WhatsApp-Image-2020-04-07-at-17.46.23-1-300x300.jpeg\" alt=\"\" width=\"300\" height=\"300\" srcset=\"https:\/\/creapb.org.br\/site\/wp-content\/uploads\/2020\/04\/WhatsApp-Image-2020-04-07-at-17.46.23-1-300x300.jpeg 300w, https:\/\/creapb.org.br\/site\/wp-content\/uploads\/2020\/04\/WhatsApp-Image-2020-04-07-at-17.46.23-1-150x150.jpeg 150w, https:\/\/creapb.org.br\/site\/wp-content\/uploads\/2020\/04\/WhatsApp-Image-2020-04-07-at-17.46.23-1-768x768.jpeg 768w, https:\/\/creapb.org.br\/site\/wp-content\/uploads\/2020\/04\/WhatsApp-Image-2020-04-07-at-17.46.23-1-1024x1024.jpeg 1024w, https:\/\/creapb.org.br\/site\/wp-content\/uploads\/2020\/04\/WhatsApp-Image-2020-04-07-at-17.46.23-1-115x115.jpeg 115w, https:\/\/creapb.org.br\/site\/wp-content\/uploads\/2020\/04\/WhatsApp-Image-2020-04-07-at-17.46.23-1.jpeg 1280w\" sizes=\"(max-width: 300px) 100vw, 300px\" \/><\/p>\n<p>&nbsp;<\/p>\n<p>&nbsp;<\/p>\n<p>Em virtude do feriado da Semana Santa, o Conselho Regional de Engenharia e Agronomia da Para\u00edba (Crea-PB), n\u00e3o ter\u00e1 expediente nesta\u00a0quinta (9) e sexta-feira (10). As atividades presenciais e via teletrabalho, na sede e inspetorias do Conselho, ser\u00e3o retomadas na pr\u00f3xima segunda-feira (13), com atendimento eletr\u00f4nico das 8h \u00e0s 17h.<\/p>\n<p><a href=\"https:\/\/creapb.org.br\/site\/noticias\/atendimentos\/\">CLIQUE AQUI PARA SABER COMO ENTRAR EM CONTATO COM O CREA-PB DURANTE A SUSPENS\u00c3O DO ATENDIMENTO PRESENCIAL.\u00a0<\/a><\/p>\n","protected":false},"excerpt":{"rendered":"<p>&nbsp; &nbsp; Em virtude do feriado da Semana Santa, o Conselho Regional de Engenharia e Agronomia da Para\u00edba (Crea-PB), n\u00e3o ter\u00e1 expediente nesta\u00a0quinta (9) e sexta-feira (10). As atividades presenciais e via teletrabalho, na sede e inspetorias do Conselho, ser\u00e3o retomadas na pr\u00f3xima segunda-feira (13), com atendimento eletr\u00f4nico das 8h \u00e0s 17h. CLIQUE AQUI PARA SABER COMO ENTRAR EM CONTATO COM O CREA-PB DURANTE A SUSPENS\u00c3O DO ATENDIMENTO PRESENCIAL.\u00a0<\/p>\n","protected":false},"author":2,"featured_media":16736,"comment_status":"open","ping_status":"open","sticky":false,"template":"","format":"standard","meta":{"_acf_changed":false,"footnotes":""},"categories":[9],"tags":[],"class_list":["post-17192","post","type-post","status-publish","format-standard","has-post-thumbnail","hentry","category-noticias"],"acf":[],"_links":{"self":[{"href":"https:\/\/creapb.org.br\/site\/wp-json\/wp\/v2\/posts\/17192","targetHints":{"allow":["GET"]}}],"collection":[{"href":"https:\/\/creapb.org.br\/site\/wp-json\/wp\/v2\/posts"}],"about":[{"href":"https:\/\/creapb.org.br\/site\/wp-json\/wp\/v2\/types\/post"}],"author":[{"embeddable":true,"href":"https:\/\/creapb.org.br\/site\/wp-json\/wp\/v2\/users\/2"}],"replies":[{"embeddable":true,"href":"https:\/\/creapb.org.br\/site\/wp-json\/wp\/v2\/comments?post=17192"}],"version-history":[{"count":2,"href":"https:\/\/creapb.org.br\/site\/wp-json\/wp\/v2\/posts\/17192\/revisions"}],"predecessor-version":[{"id":17196,"href":"https:\/\/creapb.org.br\/site\/wp-json\/wp\/v2\/posts\/17192\/revisions\/17196"}],"wp:featuredmedia":[{"embeddable":true,"href":"https:\/\/creapb.org.br\/site\/wp-json\/wp\/v2\/media\/16736"}],"wp:attachment":[{"href":"https:\/\/creapb.org.br\/site\/wp-json\/wp\/v2\/media?parent=17192"}],"wp:term":[{"taxonomy":"category","embeddable":true,"href":"https:\/\/creapb.org.br\/site\/wp-json\/wp\/v2\/categories?post=17192"},{"taxonomy":"post_tag","embeddable":true,"href":"https:\/\/creapb.org.br\/site\/wp-json\/wp\/v2\/tags?post=17192"}],"curies":[{"name":"wp","href":"https:\/\/api.w.org\/{rel}","templated":true}]}}