{"id":17215,"date":"2020-04-17T16:40:51","date_gmt":"2020-04-17T19:40:51","guid":{"rendered":"http:\/\/creapb.org.br\/?p=17215"},"modified":"2020-04-17T16:41:04","modified_gmt":"2020-04-17T19:41:04","slug":"crea-pb-segue-com-teletrabalho-ate-04-de-maio","status":"publish","type":"post","link":"https:\/\/creapb.org.br\/site\/crea-pb-segue-com-teletrabalho-ate-04-de-maio\/","title":{"rendered":"Crea-PB segue com teletrabalho at\u00e9 04 de maio"},"content":{"rendered":"<p>Nesta sexta-feira (17), o Conselho Regional de Engenharia e Agronomia da Para\u00edba (Crea-PB) publicou portaria que prorroga o regime de teletrabalho dos colaboradores do Conselho para at\u00e9 04 de maio. A suspens\u00e3o do trabalho presencial como medida de preven\u00e7\u00e3o \u00e0 Covid-19 est\u00e1 em vigor desde 23 de mar\u00e7o, conforme orienta\u00e7\u00e3o do Minist\u00e9rio da Sa\u00fade, Organiza\u00e7\u00e3o Mundial da Sa\u00fade e Governo do Estado da Para\u00edba.<\/p>\n<p>A Portaria assinada pelo presidente em exerc\u00edcio Lu\u00eds Eduardo Chaves tamb\u00e9m autoriza a realiza\u00e7\u00e3o de reuni\u00f5es virtuais no \u00e2mbito das C\u00e2maras Especializadas e Comiss\u00f5es do Crea-PB, a crit\u00e9rio de cada coordenador, devendo a viabiliza\u00e7\u00e3o t\u00e9cnica ser providenciada pela Ger\u00eancia de Tecnologia da Informa\u00e7\u00e3o do Conselho.<\/p>\n<p>Todo o corpo funcional do CREA-PB\u00a0continua a executar suas atividades\u00a0dentro do hor\u00e1rio normal de expediente do Conselho, das 8h \u00e0s 17h. O atendimento segue sendo realizado remotamente pelos setores.\u00a0O Conselho disponibilizou telefones fixos, celulares e email para que os usu\u00e1rios possam entrar em contato.<\/p>\n<p><span style=\"color: #0000ff;\"><a style=\"color: #0000ff;\" href=\"https:\/\/creapb.org.br\/site\/noticias\/crea-pb-suspende-atendimento-presencial-na-sede-e-inspetorias\/\">CLIQUE AQUI PARA ACESSAR A RELA\u00c7\u00c3O DE TELEFONES EMAILS<\/a>\u00a0 |\u00a0 \u00a0<\/span><span style=\"color: #0000ff;\"><a style=\"color: #0000ff;\" href=\"https:\/\/creapb.org.br\/site\/wp-content\/uploads\/2020\/04\/PORTARIA-N\u00ba-22-2020.pdf\">CLIQUE AQUI PARA VER A PORTARIA 22\/2020 NA \u00cdNTEGRA.<\/a><\/span><\/p>\n<h4><strong>Suspens\u00e3o de prazos processuais<\/strong><\/h4>\n<p>A Portaria 22\/2020 tamb\u00e9m aborda a suspens\u00e3o dos prazos processuais por 30 dias, que havia sido estabelecida atrav\u00e9s de portaria anterior ( <a href=\"https:\/\/creapb.org.br\/site\/noticias\/portaria-suspende-prazos-processuais-por-30-dias\/\">leia a mat\u00e9ria AQUI<\/a>). De acordo com o Ato administrativo,\u00a0 as regras relativas \u00e0 suspens\u00e3o de prazos processuais previstas na Portaria n\u00ba 18\/2020, de 18 de mar\u00e7o de 2020, ficam superadas pelas regras contidas na Lei Federal n\u00ba 13.979\/2020 (atualizada pela MP 928\/2020, de 23 de mar\u00e7o de 2020), passando o Crea-PB a obedecer \u00e0 seguinte previs\u00e3o legal: \u201cArt. 6\u00ba-C &#8211; N\u00e3o correr\u00e3o os prazos processuais em desfavor dos acusados e entes privados processados em processos administrativos enquanto perdurar o estado de calamidade de que trata o Decreto Legislativo n\u00ba 6, de 2020.\u201d<\/p>\n<p>&nbsp;<\/p>\n<p>&nbsp;<\/p>\n<p><em>Grazielle Uch\u00f4a\/Assessoria de Comunica\u00e7\u00e3o do Crea-PB<\/em><\/p>\n","protected":false},"excerpt":{"rendered":"<p>Nesta sexta-feira (17), o Conselho Regional de Engenharia e Agronomia da Para\u00edba (Crea-PB) publicou portaria que prorroga o regime de teletrabalho dos colaboradores do Conselho para at\u00e9 04 de maio. A suspens\u00e3o do trabalho presencial como medida de preven\u00e7\u00e3o \u00e0 Covid-19 est\u00e1 em vigor desde 23 de mar\u00e7o, conforme orienta\u00e7\u00e3o do Minist\u00e9rio da Sa\u00fade, Organiza\u00e7\u00e3o Mundial da Sa\u00fade e Governo do Estado da Para\u00edba. A Portaria assinada pelo presidente em exerc\u00edcio Lu\u00eds Eduardo Chaves tamb\u00e9m autoriza a realiza\u00e7\u00e3o de reuni\u00f5es virtuais no \u00e2mbito das C\u00e2maras Especializadas e Comiss\u00f5es do Crea-PB, a crit\u00e9rio de cada coordenador, devendo a viabiliza\u00e7\u00e3o t\u00e9cnica ser [&hellip;]<\/p>\n","protected":false},"author":2,"featured_media":17185,"comment_status":"open","ping_status":"open","sticky":false,"template":"","format":"standard","meta":{"_acf_changed":false,"footnotes":""},"categories":[9],"tags":[],"class_list":["post-17215","post","type-post","status-publish","format-standard","has-post-thumbnail","hentry","category-noticias"],"acf":[],"_links":{"self":[{"href":"https:\/\/creapb.org.br\/site\/wp-json\/wp\/v2\/posts\/17215","targetHints":{"allow":["GET"]}}],"collection":[{"href":"https:\/\/creapb.org.br\/site\/wp-json\/wp\/v2\/posts"}],"about":[{"href":"https:\/\/creapb.org.br\/site\/wp-json\/wp\/v2\/types\/post"}],"author":[{"embeddable":true,"href":"https:\/\/creapb.org.br\/site\/wp-json\/wp\/v2\/users\/2"}],"replies":[{"embeddable":true,"href":"https:\/\/creapb.org.br\/site\/wp-json\/wp\/v2\/comments?post=17215"}],"version-history":[{"count":3,"href":"https:\/\/creapb.org.br\/site\/wp-json\/wp\/v2\/posts\/17215\/revisions"}],"predecessor-version":[{"id":17219,"href":"https:\/\/creapb.org.br\/site\/wp-json\/wp\/v2\/posts\/17215\/revisions\/17219"}],"wp:featuredmedia":[{"embeddable":true,"href":"https:\/\/creapb.org.br\/site\/wp-json\/wp\/v2\/media\/17185"}],"wp:attachment":[{"href":"https:\/\/creapb.org.br\/site\/wp-json\/wp\/v2\/media?parent=17215"}],"wp:term":[{"taxonomy":"category","embeddable":true,"href":"https:\/\/creapb.org.br\/site\/wp-json\/wp\/v2\/categories?post=17215"},{"taxonomy":"post_tag","embeddable":true,"href":"https:\/\/creapb.org.br\/site\/wp-json\/wp\/v2\/tags?post=17215"}],"curies":[{"name":"wp","href":"https:\/\/api.w.org\/{rel}","templated":true}]}}