{"id":17224,"date":"2020-04-23T15:43:08","date_gmt":"2020-04-23T18:43:08","guid":{"rendered":"http:\/\/creapb.org.br\/?p=17224"},"modified":"2020-04-22T15:51:32","modified_gmt":"2020-04-22T18:51:32","slug":"eleicoes-profissionais-tem-ate-4-de-maio-para-alterar-local-de-votacao","status":"publish","type":"post","link":"https:\/\/creapb.org.br\/site\/eleicoes-profissionais-tem-ate-4-de-maio-para-alterar-local-de-votacao\/","title":{"rendered":"Elei\u00e7\u00f5es: Profissionais t\u00eam at\u00e9 4 de maio para alterar local de vota\u00e7\u00e3o"},"content":{"rendered":"<p>&nbsp;<\/p>\n<p>&nbsp;<\/p>\n<p><img fetchpriority=\"high\" decoding=\"async\" class=\"wp-image-17225 alignright\" src=\"https:\/\/creapb.org.br\/site\/wp-content\/uploads\/2020\/04\/WhatsApp-Image-2020-03-17-at-09.34.44-e1587581071643-1024x772.jpeg\" alt=\"\" width=\"534\" height=\"403\" srcset=\"https:\/\/creapb.org.br\/site\/wp-content\/uploads\/2020\/04\/WhatsApp-Image-2020-03-17-at-09.34.44-e1587581071643-1024x772.jpeg 1024w, https:\/\/creapb.org.br\/site\/wp-content\/uploads\/2020\/04\/WhatsApp-Image-2020-03-17-at-09.34.44-e1587581071643-300x226.jpeg 300w, https:\/\/creapb.org.br\/site\/wp-content\/uploads\/2020\/04\/WhatsApp-Image-2020-03-17-at-09.34.44-e1587581071643-768x579.jpeg 768w, https:\/\/creapb.org.br\/site\/wp-content\/uploads\/2020\/04\/WhatsApp-Image-2020-03-17-at-09.34.44-e1587581071643.jpeg 1264w\" sizes=\"(max-width: 534px) 100vw, 534px\" \/><\/p>\n<p>No pr\u00f3ximo dia 4 de maio, encerra o prazo dos profissionais que desejam alterar o seu local de vota\u00e7\u00e3o para as elei\u00e7\u00f5es do Sistema Confea\/Crea e M\u00fatua, marcada para 03 de junho, das 8h \u00e0s 19h. Na Para\u00edba, ser\u00e3o eleitos Presidente do Confea, Presidente do Crea, Diretores Geral e Administrativo da M\u00fatua.\u00a0 Os profissionais que n\u00e3o\u00a0optarem pela\u00a0transfer\u00eancia de\u00a0local de vota\u00e7\u00e3o, poder\u00e3o participar do pleito normalmente nos locais correspondentes ao seu endere\u00e7o cadastrado no Crea-PB.<\/p>\n<p>Quem deseja\u00a0fazer a modifica\u00e7\u00e3o do local em que ir\u00e1 votar, deve acessar o Ambiente Profissional no site do Conselho e efetuar o seu\u00a0<i>login<\/i>\u00a0atrav\u00e9s do n\u00famero de CPF e senha cadastrada (<span style=\"color: #0000ff;\"><a style=\"color: #0000ff;\" href=\"https:\/\/servicos-crea-pb.sitac.com.br\/\">Clique Aqui<\/a><\/span>).\u00a0Jo\u00e3o Pessoa, Campina Grande, Guarabira, Pombal, Sousa, Itaporanga, Patos e Cajazeiras s\u00e3o domic\u00edlios eleitorais.<\/p>\n<div class=\"entry\">\n<p>\u00a0Todo profissional registrado e em dia com as obriga\u00e7\u00f5es perante o Sistema Confea\/Crea \u00e9 eleitor, independente da modalidade profissional.\u00a0Considera-se em dia com suas obriga\u00e7\u00f5es, o profissional que n\u00e3o possua d\u00e9bitos perante o Sistema\u00a0 at\u00e9 30 dias antes do pleito.<\/p>\n<p><a href=\"https:\/\/creapb.org.br\/eleicoes\/\"><span style=\"color: #0000ff;\">CLIQUE AQUI PARA ACESSAR TODOS OS EDITAIS, ATAS E DELIBERA\u00c7\u00d5ES DA COMISS\u00c3O ELEITORAL REGIONA<\/span>L.\u00a0<\/a><\/p>\n<\/div>\n<p>&nbsp;<\/p>\n<p>&nbsp;<\/p>\n","protected":false},"excerpt":{"rendered":"<p>&nbsp; &nbsp; No pr\u00f3ximo dia 4 de maio, encerra o prazo dos profissionais que desejam alterar o seu local de vota\u00e7\u00e3o para as elei\u00e7\u00f5es do Sistema Confea\/Crea e M\u00fatua, marcada para 03 de junho, das 8h \u00e0s 19h. Na Para\u00edba, ser\u00e3o eleitos Presidente do Confea, Presidente do Crea, Diretores Geral e Administrativo da M\u00fatua.\u00a0 Os profissionais que n\u00e3o\u00a0optarem pela\u00a0transfer\u00eancia de\u00a0local de vota\u00e7\u00e3o, poder\u00e3o participar do pleito normalmente nos locais correspondentes ao seu endere\u00e7o cadastrado no Crea-PB. Quem deseja\u00a0fazer a modifica\u00e7\u00e3o do local em que ir\u00e1 votar, deve acessar o Ambiente Profissional no site do Conselho e efetuar o seu\u00a0login\u00a0atrav\u00e9s do [&hellip;]<\/p>\n","protected":false},"author":2,"featured_media":17225,"comment_status":"open","ping_status":"open","sticky":false,"template":"","format":"standard","meta":{"_acf_changed":false,"footnotes":""},"categories":[9],"tags":[],"class_list":["post-17224","post","type-post","status-publish","format-standard","has-post-thumbnail","hentry","category-noticias"],"acf":[],"_links":{"self":[{"href":"https:\/\/creapb.org.br\/site\/wp-json\/wp\/v2\/posts\/17224","targetHints":{"allow":["GET"]}}],"collection":[{"href":"https:\/\/creapb.org.br\/site\/wp-json\/wp\/v2\/posts"}],"about":[{"href":"https:\/\/creapb.org.br\/site\/wp-json\/wp\/v2\/types\/post"}],"author":[{"embeddable":true,"href":"https:\/\/creapb.org.br\/site\/wp-json\/wp\/v2\/users\/2"}],"replies":[{"embeddable":true,"href":"https:\/\/creapb.org.br\/site\/wp-json\/wp\/v2\/comments?post=17224"}],"version-history":[{"count":5,"href":"https:\/\/creapb.org.br\/site\/wp-json\/wp\/v2\/posts\/17224\/revisions"}],"predecessor-version":[{"id":17232,"href":"https:\/\/creapb.org.br\/site\/wp-json\/wp\/v2\/posts\/17224\/revisions\/17232"}],"wp:featuredmedia":[{"embeddable":true,"href":"https:\/\/creapb.org.br\/site\/wp-json\/wp\/v2\/media\/17225"}],"wp:attachment":[{"href":"https:\/\/creapb.org.br\/site\/wp-json\/wp\/v2\/media?parent=17224"}],"wp:term":[{"taxonomy":"category","embeddable":true,"href":"https:\/\/creapb.org.br\/site\/wp-json\/wp\/v2\/categories?post=17224"},{"taxonomy":"post_tag","embeddable":true,"href":"https:\/\/creapb.org.br\/site\/wp-json\/wp\/v2\/tags?post=17224"}],"curies":[{"name":"wp","href":"https:\/\/api.w.org\/{rel}","templated":true}]}}