{"id":17262,"date":"2020-04-24T13:37:29","date_gmt":"2020-04-24T16:37:29","guid":{"rendered":"http:\/\/creapb.org.br\/?p=17262"},"modified":"2020-04-24T14:29:48","modified_gmt":"2020-04-24T17:29:48","slug":"crea-pb-usa-redes-sociais-para-destacar-a-importancia-da-engenharia-no-combate-ao-coronavirus","status":"publish","type":"post","link":"https:\/\/creapb.org.br\/site\/crea-pb-usa-redes-sociais-para-destacar-a-importancia-da-engenharia-no-combate-ao-coronavirus\/","title":{"rendered":"Crea-PB usa redes sociais para destacar a import\u00e2ncia da Engenharia no combate ao Coronav\u00edrus"},"content":{"rendered":"<p>Em meio \u00e0 pandemia do Coronav\u00edrus, o Crea-PB resolveu usar suas redes sociais para enaltecer a import\u00e2ncia e necessidade do trabalho de profissionais da Engenharia, Agronomia e Geoci\u00eancias para o combate da COVID-19 e para a continuidade dos servi\u00e7os b\u00e1sicos para a popula\u00e7\u00e3o.<\/p>\n<figure id=\"attachment_17263\" aria-describedby=\"caption-attachment-17263\" style=\"width: 300px\" class=\"wp-caption alignleft\"><img fetchpriority=\"high\" decoding=\"async\" class=\"wp-image-17263\" src=\"https:\/\/creapb.org.br\/site\/wp-content\/uploads\/2020\/04\/scr.png\" width=\"300\" height=\"290\" srcset=\"https:\/\/creapb.org.br\/site\/wp-content\/uploads\/2020\/04\/scr.png 471w, https:\/\/creapb.org.br\/site\/wp-content\/uploads\/2020\/04\/scr-300x290.png 300w\" sizes=\"(max-width: 300px) 100vw, 300px\" \/><figcaption id=\"caption-attachment-17263\" class=\"wp-caption-text\">Post publicado no instagram em 02\/04, evidenciando o trabalho conjunto de universit\u00e1rios e empresas de Engenharia.<\/figcaption><\/figure>\n<p>O projeto visa salientar para a sociedade o esfor\u00e7o desempenhado por esses profissionais na busca por conter o avan\u00e7o da pandemia. Por isso, parte das publica\u00e7\u00f5es faz a divulga\u00e7\u00e3o de boas solu\u00e7\u00f5es e inciativas do setor, de forma confi\u00e1vel. S\u00e3o projetos, estudos e a\u00e7\u00f5es desempenhadas a n\u00edvel regional, nacional e global, para contribuir com o combate \u00e0 COVID-19.<\/p>\n<p>Iniciativas de estudantes das universidades, em parceria com empresas de Engenharia, no processo de cria\u00e7\u00e3o de testes r\u00e1pidos para a COVID-19 e de ventilador pulmonar, a produ\u00e7\u00e3o em grande escala de \u00e1lcool em gel e tamb\u00e9m de EPIs (equipamento de prote\u00e7\u00e3o individual) para serem distribu\u00eddos aos hospitais p\u00fablicos e aos profissionais da sa\u00fade, que lidam diretamente com os infectados, s\u00e3o temas de algumas das mat\u00e9rias reproduzidas pelo Crea-PB.<\/p>\n<figure id=\"attachment_17234\" aria-describedby=\"caption-attachment-17234\" style=\"width: 332px\" class=\"wp-caption alignright\"><img decoding=\"async\" class=\"wp-image-17234\" src=\"https:\/\/creapb.org.br\/site\/wp-content\/uploads\/2020\/04\/ensaio-2.png\" width=\"332\" height=\"187\" srcset=\"https:\/\/creapb.org.br\/site\/wp-content\/uploads\/2020\/04\/ensaio-2.png 743w, https:\/\/creapb.org.br\/site\/wp-content\/uploads\/2020\/04\/ensaio-2-300x169.png 300w\" sizes=\"(max-width: 332px) 100vw, 332px\" \/><figcaption id=\"caption-attachment-17234\" class=\"wp-caption-text\">V\u00eddeo enviado ao Crea-PB, o Eng. Minas Lu\u00eds Eduardo, em uma obra de perfura\u00e7\u00e3o em Brejo do Cruz-PB<\/figcaption><\/figure>\n<p>Outra vertente da s\u00e9rie #EngenhariaContraCoronav\u00edrus enfoca a atua\u00e7\u00e3o dos profissionais Paraibanos que seguem trabalhando nos mais diversos setores, e que n\u00e3o podem parar suas atividades, uma vez que lidam com os servi\u00e7os essenciais para a sociedade, como a manuten\u00e7\u00e3o de obras para o abastecimento h\u00eddrico, servi\u00e7os de distribui\u00e7\u00e3o e repara\u00e7\u00e3o de equipamentos hospitalares. O Conselho convidou profissionais dessas \u00e1reas para gravarem v\u00eddeos contando sobre as suas atividades nesse per\u00edodo e para fazerem um apelo \u00e0 sociedade para que, quem pode ficar em casa, respeite o isolamento social.<\/p>\n<p>&nbsp;<\/p>\n<figure id=\"attachment_17235\" aria-describedby=\"caption-attachment-17235\" style=\"width: 301px\" class=\"wp-caption alignleft\"><img decoding=\"async\" class=\"wp-image-17235\" src=\"https:\/\/creapb.org.br\/site\/wp-content\/uploads\/2020\/04\/ensaio.png\" width=\"301\" height=\"300\" srcset=\"https:\/\/creapb.org.br\/site\/wp-content\/uploads\/2020\/04\/ensaio.png 422w, https:\/\/creapb.org.br\/site\/wp-content\/uploads\/2020\/04\/ensaio-150x150.png 150w, https:\/\/creapb.org.br\/site\/wp-content\/uploads\/2020\/04\/ensaio-300x300.png 300w, https:\/\/creapb.org.br\/site\/wp-content\/uploads\/2020\/04\/ensaio-115x115.png 115w\" sizes=\"(max-width: 301px) 100vw, 301px\" \/><figcaption id=\"caption-attachment-17235\" class=\"wp-caption-text\">Post do v\u00eddeo publicado na data de 17\/05. O coordenador da Defesa Civil de Jo\u00e3o Pessoa e tamb\u00e9m Eng. Ambiental, Francisco No\u00e9 Estrela, comentou da higieniza\u00e7\u00e3o de ambientes p\u00fablicos da cidade.<\/figcaption><\/figure>\n<p>Ciente dos mais de 49 mil casos de pessoas infectadas com o novo Coronav\u00edrus pelo Brasil, onde 386 desses casos est\u00e3o na Para\u00edba, o Crea-PB preocupou-se em informar quais os cuidados que esses profissionais, que seguem com suas atividades laborais, est\u00e3o tendo com rela\u00e7\u00e3o \u00e0s precau\u00e7\u00f5es no ambiente de trabalho para resguardar a pr\u00f3pria vida e a de terceiros. Nos v\u00eddeos publicados, os profissionais destacam a import\u00e2ncia da Engenharia, Agronomia e Geoci\u00eancias nesse per\u00edodo pand\u00eamico, mantendo as supervis\u00f5es, as constru\u00e7\u00f5es, os projetos; tudo de acordo com os par\u00e2metros estabelecidos pela Organiza\u00e7\u00e3o Mundial da Sa\u00fade (OMS), para que os servi\u00e7os b\u00e1sicos n\u00e3o sejam interrompidos, pois esses profissionais mant\u00eam a seguran\u00e7a e o bem estar de todo o pa\u00eds, colocando sempre a vida em primeiro lugar.<\/p>\n<p>&nbsp;<\/p>\n<p>ACOMPANHE A S\u00c9RIE DE POSTS\u00a0#ENGENHARIACONTRACORONAV\u00cdRUS NAS REDES SOCIAIS DO CREA-PB.<\/p>\n<p><span style=\"color: #0000ff;\"><a style=\"color: #0000ff;\" href=\"https:\/\/www.facebook.com\/creapb\/\">Clique aqui para acessar o facebook<\/a><\/span><\/p>\n<p><span style=\"color: #0000ff;\"><a style=\"color: #0000ff;\" href=\"https:\/\/www.instagram.com\/creapb\/?hl=pt-br\">Clique aqui para acessar o nosso instagram<\/a><\/span><\/p>\n<p>&nbsp;<\/p>\n<p>&nbsp;<\/p>\n<p>&nbsp;<\/p>\n<p>&nbsp;<\/p>\n<p><em>*Raniery Monteiro (Estagi\u00e1rio da Assessoria\u00a0de\u00a0Comunica\u00e7\u00e3o do Crea-PB sob a supervis\u00e3o da Jorn. Grazielle Uch\u00f4a)<\/em><\/p>\n<p>&nbsp;<\/p>\n","protected":false},"excerpt":{"rendered":"<p>Em meio \u00e0 pandemia do Coronav\u00edrus, o Crea-PB resolveu usar suas redes sociais para enaltecer a import\u00e2ncia e necessidade do trabalho de profissionais da Engenharia, Agronomia e Geoci\u00eancias para o combate da COVID-19 e para a continuidade dos servi\u00e7os b\u00e1sicos para a popula\u00e7\u00e3o. O projeto visa salientar para a sociedade o esfor\u00e7o desempenhado por esses profissionais na busca por conter o avan\u00e7o da pandemia. Por isso, parte das publica\u00e7\u00f5es faz a divulga\u00e7\u00e3o de boas solu\u00e7\u00f5es e inciativas do setor, de forma confi\u00e1vel. S\u00e3o projetos, estudos e a\u00e7\u00f5es desempenhadas a n\u00edvel regional, nacional e global, para contribuir com o combate \u00e0 [&hellip;]<\/p>\n","protected":false},"author":2,"featured_media":17263,"comment_status":"open","ping_status":"open","sticky":false,"template":"","format":"standard","meta":{"_acf_changed":false,"footnotes":""},"categories":[9],"tags":[],"class_list":["post-17262","post","type-post","status-publish","format-standard","has-post-thumbnail","hentry","category-noticias"],"acf":[],"_links":{"self":[{"href":"https:\/\/creapb.org.br\/site\/wp-json\/wp\/v2\/posts\/17262","targetHints":{"allow":["GET"]}}],"collection":[{"href":"https:\/\/creapb.org.br\/site\/wp-json\/wp\/v2\/posts"}],"about":[{"href":"https:\/\/creapb.org.br\/site\/wp-json\/wp\/v2\/types\/post"}],"author":[{"embeddable":true,"href":"https:\/\/creapb.org.br\/site\/wp-json\/wp\/v2\/users\/2"}],"replies":[{"embeddable":true,"href":"https:\/\/creapb.org.br\/site\/wp-json\/wp\/v2\/comments?post=17262"}],"version-history":[{"count":11,"href":"https:\/\/creapb.org.br\/site\/wp-json\/wp\/v2\/posts\/17262\/revisions"}],"predecessor-version":[{"id":17266,"href":"https:\/\/creapb.org.br\/site\/wp-json\/wp\/v2\/posts\/17262\/revisions\/17266"}],"wp:featuredmedia":[{"embeddable":true,"href":"https:\/\/creapb.org.br\/site\/wp-json\/wp\/v2\/media\/17263"}],"wp:attachment":[{"href":"https:\/\/creapb.org.br\/site\/wp-json\/wp\/v2\/media?parent=17262"}],"wp:term":[{"taxonomy":"category","embeddable":true,"href":"https:\/\/creapb.org.br\/site\/wp-json\/wp\/v2\/categories?post=17262"},{"taxonomy":"post_tag","embeddable":true,"href":"https:\/\/creapb.org.br\/site\/wp-json\/wp\/v2\/tags?post=17262"}],"curies":[{"name":"wp","href":"https:\/\/api.w.org\/{rel}","templated":true}]}}