{"id":17282,"date":"2020-04-29T13:09:54","date_gmt":"2020-04-29T16:09:54","guid":{"rendered":"http:\/\/creapb.org.br\/?p=17282"},"modified":"2020-05-07T12:56:47","modified_gmt":"2020-05-07T15:56:47","slug":"deliberacao-da-cef-estabelece-medidas-preventivas-ao-covid-19-para-as-eleicoes-de-3-de-junho","status":"publish","type":"post","link":"https:\/\/creapb.org.br\/site\/deliberacao-da-cef-estabelece-medidas-preventivas-ao-covid-19-para-as-eleicoes-de-3-de-junho\/","title":{"rendered":"Delibera\u00e7\u00e3o da CEF estabelece medidas preventivas ao COVID-19 para as elei\u00e7\u00f5es de 3 de junho"},"content":{"rendered":"<p>2020 \u00e9 ano de elei\u00e7\u00f5es para o Sistema Confea\/Crea e M\u00fatua. Na Para\u00edba, os profissionais votam para escolher\u00a0 o Presidente do Confea, Presidente do Crea-PB e Diretores Geral e Administrativo da M\u00fatua-PB. O pleito, marcado para o dia 3 de junho, teve a sua data mantida pela Comiss\u00e3o Eleitoral Federal (CEF), mesmo em meio \u00e0 pandemia do Coronav\u00edrus.\u00a0A determina\u00e7\u00e3o de medidas preventivas para mes\u00e1rios, comiss\u00f5es eleitorais regionais e eleitores, no entanto, foi publicada pela CEF nesta segunda-feira (27), atrav\u00e9s da Delibera\u00e7\u00e3o 57\/2020. Confira abaixo as principais medidas estabelecidas pela Comiss\u00e3o Federal.<\/p>\n<p>&nbsp;<\/p>\n<h2>1 &#8211; Medidas\u00a0a serem adotadas pelos mes\u00e1rios em 3 de junho:<\/h2>\n<p>a) <strong>Uso obrigat\u00f3rio de m\u00e1scaras e protetores faciais<\/strong>, pelos mes\u00e1rios durante todo o\u00a0per\u00edodo em que estiverem no local de vota\u00e7\u00e3o, cobrindo totalmente boca e nariz,\u00a0sendo bem ajustadas ao rosto, sem deixar espa\u00e7os nas laterais. Entende-se como\u00a0local de vota\u00e7\u00e3o qualquer espa\u00e7o f\u00edsico onde tenha sido instalada Mesa Eleitoral;<\/p>\n<p>b) <strong>Uso obrigat\u00f3rio de luvas descart\u00e1veis<\/strong> pelos mes\u00e1rios durante todo o per\u00edodo de\u00a0vota\u00e7\u00e3o. Compreendido da organiza\u00e7\u00e3o da sala de vota\u00e7\u00e3o at\u00e9 o t\u00e9rmino da<br \/>\napura\u00e7\u00e3o de votos;<\/p>\n<p>c) Promover a higieniza\u00e7\u00e3o das m\u00e3os dos eleitores, ao <strong>fornecer \u00e1lcool gel 70%<\/strong>\u00a0quando do ingresso na sala de vota\u00e7\u00e3o;<\/p>\n<p>d) Organizar a sala de vota\u00e7\u00e3o de modo a:<\/p>\n<p>i. Manter o<strong> distanciamento de, no m\u00ednimo, 1 (um) metro<\/strong> entre os\u00a0membros da mesa eleitoral;<br \/>\nii. Demarcar no ch\u00e3o o local em que o eleitor aguardar\u00e1, com <strong>dist\u00e2ncia\u00a0m\u00ednima de 2 metros<\/strong>, em caso de fila de espera;<br \/>\niii. Demarcar no ch\u00e3o a <strong>dist\u00e2ncia m\u00ednima de 1 (um) metro<\/strong>, entre o\u00a0membro da mesa eleitoral e o eleitor;<\/p>\n<p>e) Promover a <strong>higieniza\u00e7\u00e3o com \u00e1lcool 70% de todo material<\/strong> utilizado pelo eleitor,\u00a0como por exemplo canetas e urna eletr\u00f4nica, ao t\u00e9rmino de cada voto;<\/p>\n<p>f) Promover a frequente <strong>higieniza\u00e7\u00e3o com \u00e1lcool 70% de locais acess\u00edveis \u00e0s m\u00e3os<\/strong>,\u00a0como por exemplo, ma\u00e7anetas de portas, mesa da cabine de vota\u00e7\u00e3o, mesa dos<br \/>\ntrabalhos dos mes\u00e1rios, incluindo terminais da urna eletr\u00f4nica e teclados de\u00a0computadores, se for o caso, preferencialmente, com toalhas de papel descart\u00e1veis<br \/>\nap\u00f3s a limpeza;<\/p>\n<p>g) Manter o <strong>ambiente de vota\u00e7\u00e3o arejado<\/strong>;<\/p>\n<p>h) Fixar no ambiente de vota\u00e7\u00e3o, o <strong>material orientativo<\/strong>, disponibilizado \u00e0s\u00a0Comiss\u00f5es Eleitorais Regionais, pela Comiss\u00e3o Eleitoral Federal, com atitudes<br \/>\npreventivas ao novo coronav\u00edrus (SARS-CoV-2);<\/p>\n<p>i) Adotar os meios necess\u00e1rios para <strong>evitar aglomera\u00e7\u00f5es<\/strong>;<\/p>\n<h2><\/h2>\n<h2>2 &#8211; Medidas\u00a0a serem adotadas pelas Comiss\u00f5es Eleitorais Regionais para garantir a\u00a0realiza\u00e7\u00e3o das Elei\u00e7\u00f5es Gerais do Sistema Confea\/Crea e M\u00fatua:<\/h2>\n<p>a) Adotar como hor\u00e1rios preferenciais, das 8h \u00e0s 9h e das 13:30h \u00e0s 14:30h, aos\u00a0eleitores pertencentes a grupos de riscos;<\/p>\n<p>b) Garantir que nos locais de vota\u00e7\u00e3o, facultativos ou obrigat\u00f3rios, seja possibilitada\u00a0a higiene necess\u00e1ria aos mes\u00e1rios, fiscais, eleitores e demais envolvidos no processo\u00a0eleitoral, frente ao combate do novo coronav\u00edrus (SARS-CoV-2);<\/p>\n<p>c) Promover junto ao Conselho Regional respectivo, a aquisi\u00e7\u00e3o de \u00e1lcool 70%,\u00a0\u00e1lcool gel 70%, m\u00e1scaras e luvas descart\u00e1veis, papel toalha e protetores faciais, de<br \/>\nmodo a garantir o cumprimento do disposto nesta decis\u00e3o, em quantidade suficiente\u00a0a possibilitar a troca frequente, conforme recomenda\u00e7\u00f5es do Minist\u00e9rio da Sa\u00fade;<\/p>\n<p>d) Disponibilizar aos mes\u00e1rios, com anteced\u00eancia ao dia das elei\u00e7\u00f5es o material de\u00a0vota\u00e7\u00e3o necess\u00e1rio previsto no Regulamento Eleitoral, equipamentos de prote\u00e7\u00e3o\u00a0para o cumprimento desta decis\u00e3o, e material informativo elaborado e\u00a0disponibilizado pela Comunica\u00e7\u00e3o do Confea, a ser afixado nas salas de vota\u00e7\u00e3o,\u00a0contendo orienta\u00e7\u00f5es de medidas preventivas ao novo coronav\u00edrus (SARS-CoV-2);<\/p>\n<p>e) Determinar que todos os membros da Comiss\u00e3o Eleitoral utilizem m\u00e1scaras e\u00a0luvas quando do manuseio de materiais eleitorais, bem como durante todo o per\u00edodo\u00a0de apura\u00e7\u00e3o de votos em separado, caso ocorram.<\/p>\n<p>f) Realizar levantamento de informa\u00e7\u00f5es acerca da composi\u00e7\u00e3o e da localiza\u00e7\u00e3o das\u00a0mesas eleitorais e:<\/p>\n<p>i. Substituir os mes\u00e1rios pertencentes ao grupo de risco das mesas\u00a0facultativas e obrigat\u00f3rias, tais como idosos, gestantes e pessoas com\u00a0doen\u00e7as cr\u00f4nicas;<br \/>\nii. Quando da instala\u00e7\u00e3o em local facultativo, verificar junto ao cedente\u00a0do espa\u00e7o, a garantia pela manuten\u00e7\u00e3o da permiss\u00e3o de instala\u00e7\u00e3o de\u00a0mesa eleitoral no local. Caso a Comiss\u00e3o Eleitoral Regional n\u00e3o\u00a0detenha a confirma\u00e7\u00e3o por escrito de cess\u00e3o de acordo com o\u00a0Regulamento Eleitoral, recomenda-se a n\u00e3o instala\u00e7\u00e3o de mesa\u00a0facultativa, inclusive, quando verificada baixa inscri\u00e7\u00e3o de eleitores\u00a0naquela urna, realocando os eleitores, de acordo com o art. 62 do\u00a0Regulamento Eleitoral;<br \/>\niii. Em caso de altera\u00e7\u00e3o na composi\u00e7\u00e3o e\/ou na localiza\u00e7\u00e3o das mesas\u00a0eleitorais facultativas e obrigat\u00f3rias, no prazo de 10 dias a contar da\u00a0assinatura desta decis\u00e3o, comunicar a esta Comiss\u00e3o Eleitoral Federal,\u00a0sobre as provid\u00eancias tomadas, de acordo com o disposto no art. 57 e\u00a0seguintes, do Regulamento Eleitoral;<br \/>\niv. Disponibilizar aos mes\u00e1rios, em meio digital, c\u00f3pia da lista de\u00a0eleitores fornecida nos termos do art. 65 do Regulamento Eleitoral,\u00a0facilitando a localiza\u00e7\u00e3o do nome do eleitor, agilizando o procedimento\u00a0de assinatura, diminuindo, portanto, o tempo de perman\u00eancia do eleitor,\u00a0no local de vota\u00e7\u00e3o;<br \/>\nv. Disponibilizar aos mes\u00e1rios, em meio digital, a lista completa de\u00a0eleitores do respectivo estado, de modo a facilitar a confer\u00eancia se o\u00a0eleitor compareceu ao local de vota\u00e7\u00e3o correto, possibilitando\u00a0direcion\u00e1-lo ao local devido, se for o caso;<\/p>\n<p><span style=\"color: #0000ff;\"><a style=\"color: #0000ff;\" href=\"https:\/\/creapb.org.br\/site\/wp-content\/uploads\/2020\/04\/Delibera\u00e7\u00e3o-n\u00ba-57.2020-Orienta\u00e7\u00e3o-frente-\u00e0-pandemia-pelo-novo-coronavirus.pdf\">CLIQUE\u00a0AQUI PARA VER A DELIBERA\u00c7\u00c3O 57\/2020 NA \u00cdNTEGRA.\u00a0<\/a><\/span><\/p>\n<p>&nbsp;<\/p>\n","protected":false},"excerpt":{"rendered":"<p>2020 \u00e9 ano de elei\u00e7\u00f5es para o Sistema Confea\/Crea e M\u00fatua. Na Para\u00edba, os profissionais votam para escolher\u00a0 o Presidente do Confea, Presidente do Crea-PB e Diretores Geral e Administrativo da M\u00fatua-PB. O pleito, marcado para o dia 3 de junho, teve a sua data mantida pela Comiss\u00e3o Eleitoral Federal (CEF), mesmo em meio \u00e0 pandemia do Coronav\u00edrus.\u00a0A determina\u00e7\u00e3o de medidas preventivas para mes\u00e1rios, comiss\u00f5es eleitorais regionais e eleitores, no entanto, foi publicada pela CEF nesta segunda-feira (27), atrav\u00e9s da Delibera\u00e7\u00e3o 57\/2020. Confira abaixo as principais medidas estabelecidas pela Comiss\u00e3o Federal. &nbsp; 1 &#8211; Medidas\u00a0a serem adotadas pelos mes\u00e1rios em [&hellip;]<\/p>\n","protected":false},"author":2,"featured_media":16970,"comment_status":"open","ping_status":"open","sticky":false,"template":"","format":"standard","meta":{"_acf_changed":false,"footnotes":""},"categories":[9],"tags":[],"class_list":["post-17282","post","type-post","status-publish","format-standard","has-post-thumbnail","hentry","category-noticias"],"acf":[],"_links":{"self":[{"href":"https:\/\/creapb.org.br\/site\/wp-json\/wp\/v2\/posts\/17282","targetHints":{"allow":["GET"]}}],"collection":[{"href":"https:\/\/creapb.org.br\/site\/wp-json\/wp\/v2\/posts"}],"about":[{"href":"https:\/\/creapb.org.br\/site\/wp-json\/wp\/v2\/types\/post"}],"author":[{"embeddable":true,"href":"https:\/\/creapb.org.br\/site\/wp-json\/wp\/v2\/users\/2"}],"replies":[{"embeddable":true,"href":"https:\/\/creapb.org.br\/site\/wp-json\/wp\/v2\/comments?post=17282"}],"version-history":[{"count":6,"href":"https:\/\/creapb.org.br\/site\/wp-json\/wp\/v2\/posts\/17282\/revisions"}],"predecessor-version":[{"id":17330,"href":"https:\/\/creapb.org.br\/site\/wp-json\/wp\/v2\/posts\/17282\/revisions\/17330"}],"wp:featuredmedia":[{"embeddable":true,"href":"https:\/\/creapb.org.br\/site\/wp-json\/wp\/v2\/media\/16970"}],"wp:attachment":[{"href":"https:\/\/creapb.org.br\/site\/wp-json\/wp\/v2\/media?parent=17282"}],"wp:term":[{"taxonomy":"category","embeddable":true,"href":"https:\/\/creapb.org.br\/site\/wp-json\/wp\/v2\/categories?post=17282"},{"taxonomy":"post_tag","embeddable":true,"href":"https:\/\/creapb.org.br\/site\/wp-json\/wp\/v2\/tags?post=17282"}],"curies":[{"name":"wp","href":"https:\/\/api.w.org\/{rel}","templated":true}]}}