{"id":17292,"date":"2020-05-04T15:23:40","date_gmt":"2020-05-04T18:23:40","guid":{"rendered":"http:\/\/creapb.org.br\/?p=17292"},"modified":"2020-05-04T15:23:40","modified_gmt":"2020-05-04T18:23:40","slug":"teletrabalho-e-estendido-ate-19-de-maio","status":"publish","type":"post","link":"https:\/\/creapb.org.br\/site\/teletrabalho-e-estendido-ate-19-de-maio\/","title":{"rendered":"Teletrabalho \u00e9 estendido at\u00e9 19 de maio"},"content":{"rendered":"<p>Nesta\u00a0segunda-feira (04), o\u00a0 Comit\u00ea de Preven\u00e7\u00e3o \u00e0 Covid-19, composto pela Presid\u00eancia, Superintend\u00eancia e alguns gerentes e assessores, reuniu-se na sede do Conselho Regional de Engenharia e Agronomia da Para\u00edba (Crea-PB) para deliberar a prorroga\u00e7\u00e3o do regime de teletrabalho na institui\u00e7\u00e3o como medida de conten\u00e7\u00e3o do Coronav\u00edrus. Em conformidade com o Decreto Estadual 40.217, de 02 de maio de 2020, que prorrogou o isolamento social na Para\u00edba, o presidente em exerc\u00edcio do Crea-PB, Eng. de Minas Lu\u00eds Eduardo Chaves, assinou a Portaria 23\/2020, que\u00a0estende o teletrabalho (Home Office) dos colaboradores do Conselho para at\u00e9\u00a019 de maio. A suspens\u00e3o do trabalho presencial como medida de preven\u00e7\u00e3o \u00e0 Covid-19 est\u00e1 em vigor desde 23 de mar\u00e7o, conforme orienta\u00e7\u00e3o do Minist\u00e9rio da Sa\u00fade, Organiza\u00e7\u00e3o Mundial da Sa\u00fade e Governo do Estado da Para\u00edba.<\/p>\n<figure id=\"attachment_17293\" aria-describedby=\"caption-attachment-17293\" style=\"width: 514px\" class=\"wp-caption alignleft\"><img fetchpriority=\"high\" decoding=\"async\" class=\"wp-image-17293\" src=\"https:\/\/creapb.org.br\/site\/wp-content\/uploads\/2020\/05\/WhatsApp-Image-2020-05-04-at-14.58.25-1024x768.jpeg\" width=\"514\" height=\"386\" srcset=\"https:\/\/creapb.org.br\/site\/wp-content\/uploads\/2020\/05\/WhatsApp-Image-2020-05-04-at-14.58.25-1024x768.jpeg 1024w, https:\/\/creapb.org.br\/site\/wp-content\/uploads\/2020\/05\/WhatsApp-Image-2020-05-04-at-14.58.25-300x225.jpeg 300w, https:\/\/creapb.org.br\/site\/wp-content\/uploads\/2020\/05\/WhatsApp-Image-2020-05-04-at-14.58.25-768x576.jpeg 768w, https:\/\/creapb.org.br\/site\/wp-content\/uploads\/2020\/05\/WhatsApp-Image-2020-05-04-at-14.58.25.jpeg 1280w\" sizes=\"(max-width: 514px) 100vw, 514px\" \/><figcaption id=\"caption-attachment-17293\" class=\"wp-caption-text\">Reuni\u00e3o do Comit\u00ea de Preven\u00e7\u00e3o \u00e0 COVID-19<\/figcaption><\/figure>\n<p>A Portaria tamb\u00e9m estabelece a obrigatoriedade do uso de m\u00e1scaras de prote\u00e7\u00e3o em todas as depend\u00eancias do Crea-PB, sendo proibido o acesso e a perman\u00eancia no interior da Autarquia de pessoas, inclusive colaboradores, sem o uso das m\u00e1scaras, que poder\u00e3o ser de fabrica\u00e7\u00e3o caseira ou artesanal. Neste momento, a regra se aplica \u00e0queles servidores que realizam revezamento, comparecendo ao Crea em alguns dias da semana pela manh\u00e3.<\/p>\n<p>Na reuni\u00e3o, o Comit\u00ea discutiu ainda o planejamento de a\u00e7\u00f5es a serem tomadas quando da retomada das atividades presenciais, de modo a manter e ampliar medidas preventivas, que visam a preserva\u00e7\u00e3o da sa\u00fade e seguran\u00e7a de todos os servidores, profissionais, conselheiros, fornecedores e parceiros que transitam na institui\u00e7\u00e3o.<\/p>\n<p>O\u00a0corpo funcional do CREA-PB\u00a0continua a executar suas atividades\u00a0dentro do hor\u00e1rio normal de expediente do Conselho, das 8h \u00e0s 17h. O atendimento segue sendo realizado remotamente pelos setores.\u00a0O Conselho disponibilizou telefones fixos, celulares e email para que os usu\u00e1rios possam entrar em contato.<\/p>\n<p><span style=\"color: #0000ff;\"><a style=\"color: #0000ff;\" href=\"https:\/\/creapb.org.br\/site\/noticias\/crea-pb-suspende-atendimento-presencial-na-sede-e-inspetorias\/\">CLIQUE AQUI PARA ACESSAR A RELA\u00c7\u00c3O DE TELEFONES EMAILS<\/a>\u00a0 |\u00a0 \u00a0<a style=\"color: #0000ff;\" href=\"https:\/\/creapb.org.br\/site\/wp-content\/uploads\/2020\/05\/PORTARIA-N\u00ba-22-2020.pdf\">CLIQUE AQUI PARA VER A PORTARIA 22\/2020 NA \u00cdNTEGRA.<\/a><\/span><\/p>\n<h4><\/h4>\n<p>&nbsp;<\/p>\n<p>&nbsp;<\/p>\n<p><em>Grazielle Uch\u00f4a\/Assessoria de Comunica\u00e7\u00e3o do Crea-PB<\/em><\/p>\n","protected":false},"excerpt":{"rendered":"<p>Nesta\u00a0segunda-feira (04), o\u00a0 Comit\u00ea de Preven\u00e7\u00e3o \u00e0 Covid-19, composto pela Presid\u00eancia, Superintend\u00eancia e alguns gerentes e assessores, reuniu-se na sede do Conselho Regional de Engenharia e Agronomia da Para\u00edba (Crea-PB) para deliberar a prorroga\u00e7\u00e3o do regime de teletrabalho na institui\u00e7\u00e3o como medida de conten\u00e7\u00e3o do Coronav\u00edrus. Em conformidade com o Decreto Estadual 40.217, de 02 de maio de 2020, que prorrogou o isolamento social na Para\u00edba, o presidente em exerc\u00edcio do Crea-PB, Eng. de Minas Lu\u00eds Eduardo Chaves, assinou a Portaria 23\/2020, que\u00a0estende o teletrabalho (Home Office) dos colaboradores do Conselho para at\u00e9\u00a019 de maio. A suspens\u00e3o do trabalho presencial [&hellip;]<\/p>\n","protected":false},"author":2,"featured_media":17293,"comment_status":"open","ping_status":"open","sticky":false,"template":"","format":"standard","meta":{"_acf_changed":false,"footnotes":""},"categories":[9],"tags":[],"class_list":["post-17292","post","type-post","status-publish","format-standard","has-post-thumbnail","hentry","category-noticias"],"acf":[],"_links":{"self":[{"href":"https:\/\/creapb.org.br\/site\/wp-json\/wp\/v2\/posts\/17292","targetHints":{"allow":["GET"]}}],"collection":[{"href":"https:\/\/creapb.org.br\/site\/wp-json\/wp\/v2\/posts"}],"about":[{"href":"https:\/\/creapb.org.br\/site\/wp-json\/wp\/v2\/types\/post"}],"author":[{"embeddable":true,"href":"https:\/\/creapb.org.br\/site\/wp-json\/wp\/v2\/users\/2"}],"replies":[{"embeddable":true,"href":"https:\/\/creapb.org.br\/site\/wp-json\/wp\/v2\/comments?post=17292"}],"version-history":[{"count":2,"href":"https:\/\/creapb.org.br\/site\/wp-json\/wp\/v2\/posts\/17292\/revisions"}],"predecessor-version":[{"id":17296,"href":"https:\/\/creapb.org.br\/site\/wp-json\/wp\/v2\/posts\/17292\/revisions\/17296"}],"wp:featuredmedia":[{"embeddable":true,"href":"https:\/\/creapb.org.br\/site\/wp-json\/wp\/v2\/media\/17293"}],"wp:attachment":[{"href":"https:\/\/creapb.org.br\/site\/wp-json\/wp\/v2\/media?parent=17292"}],"wp:term":[{"taxonomy":"category","embeddable":true,"href":"https:\/\/creapb.org.br\/site\/wp-json\/wp\/v2\/categories?post=17292"},{"taxonomy":"post_tag","embeddable":true,"href":"https:\/\/creapb.org.br\/site\/wp-json\/wp\/v2\/tags?post=17292"}],"curies":[{"name":"wp","href":"https:\/\/api.w.org\/{rel}","templated":true}]}}