{"id":17325,"date":"2020-05-12T12:08:22","date_gmt":"2020-05-12T15:08:22","guid":{"rendered":"http:\/\/creapb.org.br\/?p=17325"},"modified":"2020-05-12T15:12:05","modified_gmt":"2020-05-12T18:12:05","slug":"eleicoes-do-sistema-confeacrea-e-mutua-acontecerao-no-dia-15-de-julho","status":"publish","type":"post","link":"https:\/\/creapb.org.br\/site\/eleicoes-do-sistema-confeacrea-e-mutua-acontecerao-no-dia-15-de-julho\/","title":{"rendered":"Elei\u00e7\u00f5es do Sistema Confea\/Crea e M\u00fatua acontecer\u00e3o no dia 15 de julho"},"content":{"rendered":"<p>&nbsp;<\/p>\n<p><img fetchpriority=\"high\" decoding=\"async\" class=\"wp-image-17362 alignleft\" src=\"https:\/\/creapb.org.br\/site\/wp-content\/uploads\/2020\/05\/WhatsApp-Image-2020-05-12-at-15.05.38-1024x1024.jpeg\" width=\"400\" height=\"400\" srcset=\"https:\/\/creapb.org.br\/site\/wp-content\/uploads\/2020\/05\/WhatsApp-Image-2020-05-12-at-15.05.38-1024x1024.jpeg 1024w, https:\/\/creapb.org.br\/site\/wp-content\/uploads\/2020\/05\/WhatsApp-Image-2020-05-12-at-15.05.38-150x150.jpeg 150w, https:\/\/creapb.org.br\/site\/wp-content\/uploads\/2020\/05\/WhatsApp-Image-2020-05-12-at-15.05.38-300x300.jpeg 300w, https:\/\/creapb.org.br\/site\/wp-content\/uploads\/2020\/05\/WhatsApp-Image-2020-05-12-at-15.05.38-768x768.jpeg 768w, https:\/\/creapb.org.br\/site\/wp-content\/uploads\/2020\/05\/WhatsApp-Image-2020-05-12-at-15.05.38-115x115.jpeg 115w, https:\/\/creapb.org.br\/site\/wp-content\/uploads\/2020\/05\/WhatsApp-Image-2020-05-12-at-15.05.38.jpeg 1280w\" sizes=\"(max-width: 400px) 100vw, 400px\" \/><\/p>\n<p>Nesta\u00a0segunda-feira (11), o Plen\u00e1rio do Confea aprovou a Delibera\u00e7\u00e3o 90\/2020 da Comiss\u00e3o Eleitoral Federal, que estabelece a\u00a0prorroga\u00e7\u00e3o das elei\u00e7\u00f5es do Sistema Confea\/Crea e M\u00fatua para o dia 15 de julho. Na Para\u00edba, os profissionais votam para escolher\u00a0 o Presidente do Confea, Presidente do Crea-PB e Diretores Geral e Administrativo da M\u00fatua-PB (<span style=\"color: #0000ff;\"><a style=\"color: #0000ff;\" href=\"https:\/\/creapb.org.br\/site\/eleicoes\/curriculos-e-planos-de-trabalho-dos-candidatos\/\">Clique aqui para ver os candidatos<\/a><\/span>). A medida tem o\u00a0intuito de preservar a seguran\u00e7a e a sa\u00fade da comunidade profissional da Engenharia, Agronomia e Geoci\u00eancias, bem como de todos os colaboradores dos Creas envolvidos no processo eleitoral 2020.\u00a0\u00a0Al\u00e9m disso, a inviabilidade da realiza\u00e7\u00e3o do pleito justifica-se pelas diversas decis\u00f5es que v\u00eam sendo tomadas, em \u00e2mbito estadual e municipal em todo o pa\u00eds, com restri\u00e7\u00f5es \u00e0 locomo\u00e7\u00e3o de pessoas, inclusive com decreta\u00e7\u00e3o de lockdown, para preven\u00e7\u00e3o \u00e0 pandemia do Coronav\u00edrus.<\/p>\n<p>A Delibera\u00e7\u00e3o CEF 90\/2020 fixa, ent\u00e3o, a data de 15 de julho para as elei\u00e7\u00f5es em todo Brasil, mantendo o hor\u00e1rio das 8h \u00e0s 19h. Com a mudan\u00e7a, a\u00a0data-limite para quita\u00e7\u00e3o de eventuais d\u00e9bitos pelos profissionais para fins de ser considerado eleitor, atualmente em 4 de maio, passa a ser em 15 de junho de 2020.\u00a0Todo profissional registrado e em dia com as obriga\u00e7\u00f5es perante o Sistema Confea\/Crea \u00e9 eleitor, independente da modalidade profissional.<\/p>\n<p>No dia 27 de abril, a Comiss\u00e3o Eleitoral Federal havia determinado aos\u00a0Creas a implanta\u00e7\u00e3o de uma s\u00e9rie de medidas preventivas\u00a0para eleitores, mes\u00e1rios\u00a0e comiss\u00f5es eleitorais regionais. O uso de m\u00e1scaras e protetores faciais pelos mes\u00e1rios e a ado\u00e7\u00e3o de hor\u00e1rios preferenciais para eleitores dos grupos de risco s\u00e3o algumas das determina\u00e7\u00f5es (<span style=\"color: #0000ff;\"><a style=\"color: #0000ff;\" href=\"https:\/\/creapb.org.br\/site\/noticias\/deliberacao-da-cef-estabelece-medidas-preventivas-ao-covid-19-para-as-eleicoes-de-3-de-junho\/\">Clique aqui para conferir todas<\/a><\/span>). Essas medidas continuam vigentes para a nova data do pleito.<\/p>\n<p>&nbsp;<\/p>\n<p><span style=\"color: #0000ff;\"><a style=\"color: #0000ff;\" href=\"https:\/\/creapb.org.br\/site\/wp-content\/uploads\/2020\/05\/Deliberac\u0327a\u0303o-CEF-90-2020.pdf\">CLIQUE AQUI PARA CONFERIR A \u00cdNTEGRA DA DELIBERA\u00c7\u00c3O 90\/2020<\/a><\/span><\/p>\n<p><span style=\"color: #0000ff;\"><a style=\"color: #0000ff;\" href=\"https:\/\/creapb.org.br\/site\/wp-content\/uploads\/2020\/05\/decisao-plenaria-eleicoes-15-julho.pdf\">CLIQUE AQUI PARA CONFERIR A \u00cdNTEGRA DA DECIS\u00c3O PLEN\u00c1RIA N\u00ba PL-0535\/2020\u00a0<\/a><\/span><\/p>\n<p><span style=\"color: #0000ff;\"><a style=\"color: #0000ff;\" href=\"http:\/\/www.creapb.org.br\/eleicoes\">CLIQUE AQUI PARA VER TODAS AS ATAS E DELIBERA\u00c7\u00d5ES DAS COMISS\u00d5ES ELEITORAIS E FEDERAL.<\/a><\/span><\/p>\n<p>&nbsp;<\/p>\n<p>&nbsp;<\/p>\n<p><em>*Grazielle Uch\u00f4a (Assessoria de Comunica\u00e7\u00e3o do Crea-PB)<\/em><\/p>\n<p>&nbsp;<\/p>\n","protected":false},"excerpt":{"rendered":"<p>&nbsp; Nesta\u00a0segunda-feira (11), o Plen\u00e1rio do Confea aprovou a Delibera\u00e7\u00e3o 90\/2020 da Comiss\u00e3o Eleitoral Federal, que estabelece a\u00a0prorroga\u00e7\u00e3o das elei\u00e7\u00f5es do Sistema Confea\/Crea e M\u00fatua para o dia 15 de julho. Na Para\u00edba, os profissionais votam para escolher\u00a0 o Presidente do Confea, Presidente do Crea-PB e Diretores Geral e Administrativo da M\u00fatua-PB (Clique aqui para ver os candidatos). A medida tem o\u00a0intuito de preservar a seguran\u00e7a e a sa\u00fade da comunidade profissional da Engenharia, Agronomia e Geoci\u00eancias, bem como de todos os colaboradores dos Creas envolvidos no processo eleitoral 2020.\u00a0\u00a0Al\u00e9m disso, a inviabilidade da realiza\u00e7\u00e3o do pleito justifica-se pelas diversas [&hellip;]<\/p>\n","protected":false},"author":2,"featured_media":17362,"comment_status":"open","ping_status":"open","sticky":false,"template":"","format":"standard","meta":{"_acf_changed":false,"footnotes":""},"categories":[9],"tags":[],"class_list":["post-17325","post","type-post","status-publish","format-standard","has-post-thumbnail","hentry","category-noticias"],"acf":[],"_links":{"self":[{"href":"https:\/\/creapb.org.br\/site\/wp-json\/wp\/v2\/posts\/17325","targetHints":{"allow":["GET"]}}],"collection":[{"href":"https:\/\/creapb.org.br\/site\/wp-json\/wp\/v2\/posts"}],"about":[{"href":"https:\/\/creapb.org.br\/site\/wp-json\/wp\/v2\/types\/post"}],"author":[{"embeddable":true,"href":"https:\/\/creapb.org.br\/site\/wp-json\/wp\/v2\/users\/2"}],"replies":[{"embeddable":true,"href":"https:\/\/creapb.org.br\/site\/wp-json\/wp\/v2\/comments?post=17325"}],"version-history":[{"count":6,"href":"https:\/\/creapb.org.br\/site\/wp-json\/wp\/v2\/posts\/17325\/revisions"}],"predecessor-version":[{"id":17365,"href":"https:\/\/creapb.org.br\/site\/wp-json\/wp\/v2\/posts\/17325\/revisions\/17365"}],"wp:featuredmedia":[{"embeddable":true,"href":"https:\/\/creapb.org.br\/site\/wp-json\/wp\/v2\/media\/17362"}],"wp:attachment":[{"href":"https:\/\/creapb.org.br\/site\/wp-json\/wp\/v2\/media?parent=17325"}],"wp:term":[{"taxonomy":"category","embeddable":true,"href":"https:\/\/creapb.org.br\/site\/wp-json\/wp\/v2\/categories?post=17325"},{"taxonomy":"post_tag","embeddable":true,"href":"https:\/\/creapb.org.br\/site\/wp-json\/wp\/v2\/tags?post=17325"}],"curies":[{"name":"wp","href":"https:\/\/api.w.org\/{rel}","templated":true}]}}