{"id":17331,"date":"2020-05-08T11:36:42","date_gmt":"2020-05-08T14:36:42","guid":{"rendered":"http:\/\/creapb.org.br\/?p=17331"},"modified":"2020-05-08T11:36:42","modified_gmt":"2020-05-08T14:36:42","slug":"presidente-do-crea-pb-visita-barragem-pedra-lisa","status":"publish","type":"post","link":"https:\/\/creapb.org.br\/site\/presidente-do-crea-pb-visita-barragem-pedra-lisa\/","title":{"rendered":"Presidente do Crea-PB visita barragem Pedra Lisa"},"content":{"rendered":"<p>&nbsp;<\/p>\n<h3 style=\"text-align: center;\">Obra passa por reparos para garantir a seguran\u00e7a da popula\u00e7\u00e3o que vive pr\u00f3ximo ao manancial<\/h3>\n<p><img fetchpriority=\"high\" decoding=\"async\" class=\"aligncenter  wp-image-17332\" src=\"https:\/\/creapb.org.br\/site\/wp-content\/uploads\/2020\/05\/WhatsApp-Image-2020-05-07-at-16.23.03-1024x768.jpeg\" alt=\"\" width=\"553\" height=\"415\" srcset=\"https:\/\/creapb.org.br\/site\/wp-content\/uploads\/2020\/05\/WhatsApp-Image-2020-05-07-at-16.23.03-1024x768.jpeg 1024w, https:\/\/creapb.org.br\/site\/wp-content\/uploads\/2020\/05\/WhatsApp-Image-2020-05-07-at-16.23.03-300x225.jpeg 300w, https:\/\/creapb.org.br\/site\/wp-content\/uploads\/2020\/05\/WhatsApp-Image-2020-05-07-at-16.23.03-768x576.jpeg 768w, https:\/\/creapb.org.br\/site\/wp-content\/uploads\/2020\/05\/WhatsApp-Image-2020-05-07-at-16.23.03.jpeg 1152w\" sizes=\"(max-width: 553px) 100vw, 553px\" \/><\/p>\n<p>Nesta quinta-feira (7), o presidente em exerc\u00edcio do Crea-PB, Eng. de Minas Lu\u00eds Eduardo Chaves, fez uma visita \u00e0 barragem Pedra Lisa, em Imaculada, munic\u00edpio do sert\u00e3o paraibano, localizado a 200km de Campina Grande. A barragem atende cerca de 13 mil pessoas e uma inspe\u00e7\u00e3o realizada pela Ag\u00eancia Executiva de Gest\u00e3o das \u00c1guas (Aesa) na \u00faltima semana de abril constatou que, com as fortes chuvas que ca\u00edram na regi\u00e3o desde o in\u00edcio do ano, o reservat\u00f3rio pode romper ap\u00f3s ter ultrapassado sua capacidade h\u00eddrica.<\/p>\n<p><img decoding=\"async\" class=\" wp-image-17334 alignleft\" src=\"https:\/\/creapb.org.br\/site\/wp-content\/uploads\/2020\/05\/WhatsApp-Image-2020-05-07-at-16.23.35-1024x768.jpeg\" alt=\"\" width=\"341\" height=\"256\" srcset=\"https:\/\/creapb.org.br\/site\/wp-content\/uploads\/2020\/05\/WhatsApp-Image-2020-05-07-at-16.23.35-1024x768.jpeg 1024w, https:\/\/creapb.org.br\/site\/wp-content\/uploads\/2020\/05\/WhatsApp-Image-2020-05-07-at-16.23.35-300x225.jpeg 300w, https:\/\/creapb.org.br\/site\/wp-content\/uploads\/2020\/05\/WhatsApp-Image-2020-05-07-at-16.23.35-768x576.jpeg 768w, https:\/\/creapb.org.br\/site\/wp-content\/uploads\/2020\/05\/WhatsApp-Image-2020-05-07-at-16.23.35.jpeg 1152w\" sizes=\"(max-width: 341px) 100vw, 341px\" \/><\/p>\n<p>Um plano emergencial est\u00e1 em andamento para garantir a seguran\u00e7a de moradores de poss\u00edveis \u00e1reas de alagamento. Por isso, o presidente do Crea-PB conferiu de perto o andamento dos servi\u00e7os que est\u00e3o sendo realizados, os quais, segundo Lu\u00eds Eduardo, poder\u00e3o evitar um dano maior, preservando a obra, cuja finalidade \u00e9 o abastecimento humano, dessedenta\u00e7\u00e3o animal e pr\u00e1tica de atividades agr\u00edcolas.<\/p>\n<p>A Barragem Pedra Lisa foi entregue \u00e0 popula\u00e7\u00e3o no ano de 2018, com capacidade de armazenamento de 4.929.420 m\u00b3 de \u00e1gua, e devido \u00e0s fortes chuvas, atingiu sua capacidade m\u00e1xima, chegando a transbordar e causar danos no sangradouro e na parte jusante do maci\u00e7o, causando risco de rompimento, conforme noticiado em v\u00e1rios ve\u00edculos de comunica\u00e7\u00e3o do estado.<\/p>\n<p><img decoding=\"async\" class=\" wp-image-17333 alignright\" src=\"https:\/\/creapb.org.br\/site\/wp-content\/uploads\/2020\/05\/WhatsApp-Image-2020-05-07-at-16.23.06-1024x768.jpeg\" alt=\"\" width=\"411\" height=\"308\" srcset=\"https:\/\/creapb.org.br\/site\/wp-content\/uploads\/2020\/05\/WhatsApp-Image-2020-05-07-at-16.23.06-1024x768.jpeg 1024w, https:\/\/creapb.org.br\/site\/wp-content\/uploads\/2020\/05\/WhatsApp-Image-2020-05-07-at-16.23.06-300x225.jpeg 300w, https:\/\/creapb.org.br\/site\/wp-content\/uploads\/2020\/05\/WhatsApp-Image-2020-05-07-at-16.23.06-768x576.jpeg 768w, https:\/\/creapb.org.br\/site\/wp-content\/uploads\/2020\/05\/WhatsApp-Image-2020-05-07-at-16.23.06.jpeg 1152w\" sizes=\"(max-width: 411px) 100vw, 411px\" \/><\/p>\n<p>Aesa, Corpo de Bombeiros e Defesa Civil est\u00e3o monitorando o manancial para evitar que ele rompa e alague pontos do munic\u00edpio de Olho D\u2019\u00e1gua, tamb\u00e9m no Sert\u00e3o do estado. Enquanto isso, o Governo do Estado realiza os servi\u00e7os de Engenharia para recuperar a barragem, que, de acordo com o presidente do Crea-PB, est\u00e3o conseguindo reduzir os riscos de rompimento. \u201cAl\u00e9m disso, segundo informa\u00e7\u00f5es obtidas no local, ser\u00e1 realizada, posteriormente a recupera\u00e7\u00e3o completa da barragem, tendo, inclusive uma equipe de t\u00e9cnicos especializados em obras h\u00eddricas, realizando o levantamento da situa\u00e7\u00e3o para elabora\u00e7\u00e3o do projeto de recupera\u00e7\u00e3o\u201d, relata o Engenheiro de Minas, que afirma que o Crea continuar\u00e1 acompanhando o andamento das atividades, fiscalizando as empresas respons\u00e1veis pela sua execu\u00e7\u00e3o, de modo a garantir a seguran\u00e7a dos moradores que vivem no entorno da barragem.<\/p>\n<p>&nbsp;<\/p>\n<p>&nbsp;<\/p>\n<p><em>*Grazielle Uch\u00f4a (Assessoria de Comunica\u00e7\u00e3o do Crea-PB)<\/em><\/p>\n","protected":false},"excerpt":{"rendered":"<p>&nbsp; Obra passa por reparos para garantir a seguran\u00e7a da popula\u00e7\u00e3o que vive pr\u00f3ximo ao manancial Nesta quinta-feira (7), o presidente em exerc\u00edcio do Crea-PB, Eng. de Minas Lu\u00eds Eduardo Chaves, fez uma visita \u00e0 barragem Pedra Lisa, em Imaculada, munic\u00edpio do sert\u00e3o paraibano, localizado a 200km de Campina Grande. A barragem atende cerca de 13 mil pessoas e uma inspe\u00e7\u00e3o realizada pela Ag\u00eancia Executiva de Gest\u00e3o das \u00c1guas (Aesa) na \u00faltima semana de abril constatou que, com as fortes chuvas que ca\u00edram na regi\u00e3o desde o in\u00edcio do ano, o reservat\u00f3rio pode romper ap\u00f3s ter ultrapassado sua capacidade h\u00eddrica. [&hellip;]<\/p>\n","protected":false},"author":2,"featured_media":17334,"comment_status":"open","ping_status":"open","sticky":false,"template":"","format":"standard","meta":{"_acf_changed":false,"footnotes":""},"categories":[9],"tags":[],"class_list":["post-17331","post","type-post","status-publish","format-standard","has-post-thumbnail","hentry","category-noticias"],"acf":[],"_links":{"self":[{"href":"https:\/\/creapb.org.br\/site\/wp-json\/wp\/v2\/posts\/17331","targetHints":{"allow":["GET"]}}],"collection":[{"href":"https:\/\/creapb.org.br\/site\/wp-json\/wp\/v2\/posts"}],"about":[{"href":"https:\/\/creapb.org.br\/site\/wp-json\/wp\/v2\/types\/post"}],"author":[{"embeddable":true,"href":"https:\/\/creapb.org.br\/site\/wp-json\/wp\/v2\/users\/2"}],"replies":[{"embeddable":true,"href":"https:\/\/creapb.org.br\/site\/wp-json\/wp\/v2\/comments?post=17331"}],"version-history":[{"count":2,"href":"https:\/\/creapb.org.br\/site\/wp-json\/wp\/v2\/posts\/17331\/revisions"}],"predecessor-version":[{"id":17336,"href":"https:\/\/creapb.org.br\/site\/wp-json\/wp\/v2\/posts\/17331\/revisions\/17336"}],"wp:featuredmedia":[{"embeddable":true,"href":"https:\/\/creapb.org.br\/site\/wp-json\/wp\/v2\/media\/17334"}],"wp:attachment":[{"href":"https:\/\/creapb.org.br\/site\/wp-json\/wp\/v2\/media?parent=17331"}],"wp:term":[{"taxonomy":"category","embeddable":true,"href":"https:\/\/creapb.org.br\/site\/wp-json\/wp\/v2\/categories?post=17331"},{"taxonomy":"post_tag","embeddable":true,"href":"https:\/\/creapb.org.br\/site\/wp-json\/wp\/v2\/tags?post=17331"}],"curies":[{"name":"wp","href":"https:\/\/api.w.org\/{rel}","templated":true}]}}