{"id":17375,"date":"2020-05-18T15:34:03","date_gmt":"2020-05-18T18:34:03","guid":{"rendered":"http:\/\/creapb.org.br\/?p=17375"},"modified":"2020-05-18T15:34:03","modified_gmt":"2020-05-18T18:34:03","slug":"apoio-financeiro-e-covid-19-em-pauta-no-colegio-de-presidentes","status":"publish","type":"post","link":"https:\/\/creapb.org.br\/site\/apoio-financeiro-e-covid-19-em-pauta-no-colegio-de-presidentes\/","title":{"rendered":"Apoio financeiro e Covid-19 em pauta no Col\u00e9gio de Presidentes"},"content":{"rendered":"<p>As dificuldades financeiras enfrentadas pelos Regionais, diante do enfrentamento da pandemia pelo Coronav\u00edrus, e o processo eleitoral deste ano, que teve a data das elei\u00e7\u00f5es\u00a0 alterada para 15 de julho, foram tema da segunda reuni\u00e3o ordin\u00e1ria do Col\u00e9gio de Presidentes, realizada remotamente nestas quinta e sexta (15), com a participa\u00e7\u00e3o do presidente em exerc\u00edcio do Crea-PB, Lu\u00eds Eduardo Chaves. Ao lado da troca de experi\u00eancias dos regionais diante da pandemia, esses foram os principais temas abordados na reuni\u00e3o conduzida pelo presidente em exerc\u00edcio do Confea, eng. civ. Osmar Barros Jr., e pelo coordenador interino do colegiado, eng. agr. Ari Neumann.<\/p>\n<p>A presen\u00e7a de cerca de 50 participantes, entre presidentes de Crea, conselheiros federais e assessores surpreendeu at\u00e9 o mesmo o presidente em exerc\u00edcio do Confea, que j\u00e1 participou de cerca de 60 reuni\u00f5es neste formato, desde o in\u00edcio da pandemia. \u201cTodas as reuni\u00f5es que a gente tem feito demonstram que estamos em um divisor de \u00e1guas, estamos chegando \u00e0 conclus\u00e3o de que podemos fazer muitas coisas de forma remota. Acho que nunca t\u00ednhamos feito esse processo na hist\u00f3ria do Sistema, o que vem sendo uma surpresa agrad\u00e1vel neste cen\u00e1rio de extrema dificuldade para todos\u201d, considera Osmar Barros J\u00fanior.<\/p>\n<p>&nbsp;<\/p>\n<p>Com elogios \u00e0 seguran\u00e7a e \u00e0 tranquilidade com que o presidente Ari conduziu a reuni\u00e3o, ele afirmou que o formato impele os participantes a uma objetividade maior. \u201c\u00d3bvio que em uma reuni\u00e3o dessa, solicitada nesse momento, a pauta tinha que ser voltada a essas quest\u00f5es que est\u00e3o mais nos afligindo, como as solicita\u00e7\u00f5es de apoio do Confea e da M\u00fatua. A CCSS (Comiss\u00e3o de Controle e Sustentabilidade do Sistema) teve um papel muito interessante na reuni\u00e3o, tirando d\u00favidas em rela\u00e7\u00e3o ao equil\u00edbrio financeiro do Sistema. Muito j\u00e1 havia sido solicitado junto ao\u00a0<a href=\"https:\/\/www.confea.org.br\/confea-institui-e-reune-comite-de-gestao-da-crise-do-covid-19\" target=\"_blank\">Comit\u00ea<\/a>\u00a0de Crise da\u00a0Covid. E agora vamos dar o encaminhamento t\u00e9cnico-jur\u00eddico que o assunto requer, dando a maior celeridade poss\u00edvel nesse momento excepcional\u201d, descreve.<\/p>\n<p>J\u00e1 a Comiss\u00e3o Eleitoral Federal estava presente com seu coordenador, o conselheiro federal eng. agr.\u00a0Jo\u00e3o Bosco Andrade, e as elei\u00e7\u00f5es foram amplamente debatidas. \u201cAtenta ao cen\u00e1rio sanit\u00e1rio, a CEF solicitou e o plen\u00e1rio do Confea acatou pelo adiamento das elei\u00e7\u00f5es para 15 de julho e tamb\u00e9m todos os cuidados necess\u00e1rios para que o pleito seja realizado com seguran\u00e7a e tranquilidade&#8221;, informou o presidente em exerc\u00edcio do Confea.<\/p>\n<p><img fetchpriority=\"high\" decoding=\"async\" class=\"aligncenter  wp-image-17376\" src=\"https:\/\/creapb.org.br\/site\/wp-content\/uploads\/2020\/05\/WhatsApp-Image-2020-05-14-at-15.46.18.jpeg\" alt=\"\" width=\"755\" height=\"411\" srcset=\"https:\/\/creapb.org.br\/site\/wp-content\/uploads\/2020\/05\/WhatsApp-Image-2020-05-14-at-15.46.18.jpeg 946w, https:\/\/creapb.org.br\/site\/wp-content\/uploads\/2020\/05\/WhatsApp-Image-2020-05-14-at-15.46.18-300x163.jpeg 300w, https:\/\/creapb.org.br\/site\/wp-content\/uploads\/2020\/05\/WhatsApp-Image-2020-05-14-at-15.46.18-768x418.jpeg 768w\" sizes=\"(max-width: 755px) 100vw, 755px\" \/><\/p>\n<p><strong>Fiscaliza\u00e7\u00e3o mantida<\/strong><br \/>\nPela primeira vez conduzindo a reuni\u00e3o, o presidente decano do Sistema ressaltou que a mesma estava prevista para o per\u00edodo de 15 a 17 de abril, em Bras\u00edlia. \u201cOs assuntos giraram em torno da elei\u00e7\u00e3o e dos reflexos junto aos Creas da pandemia, diante da diminui\u00e7\u00e3o de receita\u201d, afirma o engenheiro agr\u00f4nomo Ari Neumann.<\/p>\n<p>Em rela\u00e7\u00e3o \u00e0 sustentabilidade financeira dos Creas, Ari Neumann explica que est\u00e1 sendo proposto que o Confea e M\u00fatua estabele\u00e7am instrumentos para ajudar os Regionais \u201cque v\u00e3o ter dificuldades para o pagamento de folha\u201d. Segundo ele, a situa\u00e7\u00e3o est\u00e1 gradativamente mais dif\u00edcil, com alguns estados tendo quedas de at\u00e9 50% em abril. \u201cAqui em Santa Catarina, a receita do quadrimestre teve queda de 3,37%, sendo normal em janeiro e fevereiro; um pouco menor em mar\u00e7o e caindo bastante em abril. Em rela\u00e7\u00e3o ao mesmo per\u00edodo do ano passado, tivemos uma queda de 39% com valor atualizado. Vamos ver a repercuss\u00e3o que isso dar\u00e1 no ano com a prorroga\u00e7\u00e3o do prazo de pagamento da anuidade. O presidente Osmar tem sido muito sens\u00edvel desde sempre, constituindo um comit\u00ea gestor da Crise, onde o Col\u00e9gio de Presidentes tem assento\u201d, diz, referindo-se aos presidentes dos Creas-GO e AL, respectivamente, eng. agr. Francisco Almeida e eng. civ. Fernando Dacal.<\/p>\n<p>Com atendimento presencial em sistema de rod\u00edzio em 90% das suas inspetorias, o Crea-SC tem \u201capenas duas inspetorias que n\u00e3o est\u00e3o atuando por causa de funcion\u00e1rios que est\u00e3o em grupos de risco\u201d. Ari Neumann explica que, com o rod\u00edzio, apenas 50% dos profissionais est\u00e3o trabalhando diretamente, \u201ccom todos os cuidados dos EPIs e atendendo os profissionais com o distanciamento e tudo o que as orienta\u00e7\u00f5es determinam\u201d.<\/p>\n<p><strong>Folha e unanimidade<\/strong><br \/>\nNa vis\u00e3o da presidente do Crea-AC, engenheira agr\u00f4noma Carminda Pinheiro, o regional est\u00e1 trabalhando no limite de seus recursos financeiros para manter a folha salarial de seus colaboradores. \u201cFinanceiramente, o Crea-AC tem at\u00e9 o mais tardar no m\u00eas de junho para se sustentar. Hoje, a nossa reuni\u00e3o foi bastante produtiva para ver como o Confea vai ajudar a gente na maior urg\u00eancia poss\u00edvel para que a gente possa respirar em junho e julho\u201d, discorreu, elogiando a condu\u00e7\u00e3o dos trabalhos, inclusive pelos assessores do Confea. \u201cFoi uma reuni\u00e3o bastante produtiva\u201d, garantiu.<\/p>\n<p><strong>Momento \u00edmpar<\/strong><br \/>\nJ\u00e1 o engenheiro civil Fernando Dacal, destaca que sua participa\u00e7\u00e3o no Comit\u00ea Gestor da Crise da Covid-19 facilitou o andamento da discuss\u00e3o com os demais colegas. \u201cJ\u00e1 hav\u00edamos ponderado pela necessidade desses recursos financeiros. Eu e o Francisco passamos o que t\u00ednhamos defendido e avan\u00e7amos para pedir ao Confea uma certa agilidade porque tem Crea que n\u00e3o conseguir\u00e1 pagar a folha de maio. Felizmente, o presidente em exerc\u00edcio tem sido bem sens\u00edvel a essa realidade\u201d, diz o presidente do Crea-AL.<\/p>\n<p>Segundo ele, o regional teve uma queda de arrecada\u00e7\u00e3o de \u201cquase 50 por cento em mar\u00e7o&#8221;. Apesar de, em abril, esse resultado negativo\u00a0ter sido em torno de 30%, tamb\u00e9m em rela\u00e7\u00e3o ao mesmo per\u00edodo do ano passado, ele afirma que ser\u00e1 necess\u00e1rio utilizar as\u00a0reservas do Crea para honrar os pagamentos do regional. \u201cA gente tem uma certa reserva, estamos discutindo o que vamos fazer agora. Vamos ter que reduzir a nossa despesa, definindo os cortes. \u00c9 um momento \u00edmpar. Vamos ter uma grande transforma\u00e7\u00e3o nos pr\u00f3ximos anos\u201d, diz.<\/p>\n<p>Em rela\u00e7\u00e3o ao processo eleitoral, o presidente do Crea-AL, informa que foi \u201cdefinido o uso da urna de papel\u201d e tamb\u00e9m a solicita\u00e7\u00e3o para que o Confea envide esfor\u00e7os para promover a pr\u00f3xima elei\u00e7\u00e3o pela internet.<\/p>\n<p><strong>Resultados surpreendentes<\/strong><br \/>\nPresidente em exerc\u00edcio do Crea-SP, a engenheira civil Lenita Brand\u00e3o destacou que, durante a reuni\u00e3o,\u00a0 os presidentes dos demais Creas solicitaram ao Confea e \u00e0\u00a0 M\u00fatua aux\u00edlio financeiro para a aquisi\u00e7\u00e3o de EPIs para serem usados nas elei\u00e7\u00f5es.\u00a0 \u201cA queda de receita foi abrupta. S\u00f3 um ou dois Creas n\u00e3o sofrer\u00e3o impactos&#8221;, disse, indicando que a primeira reuni\u00e3o on-line do Col\u00e9gio de Presidentes foi bastante produtiva.<\/p>\n<p>Sobre as medidas adotadas contra a Covid-19, apontou\u00a0 que o Crea-SP adotou &#8220;todas as recomenda\u00e7\u00f5es das autoridades de sa\u00fade, mantendo 95% do pessoal em home office&#8221;. Para ela, os n\u00fameros est\u00e3o surpreendendo tanto o Crea, como os profissionais. &#8220;Os profissionais est\u00e3o tendo um contato muito pr\u00f3ximo, estamos tendo um feedback muito positivo. Tivemos tamb\u00e9m solicita\u00e7\u00f5es para atendimento presencial, que est\u00e3o sendo feitas com hor\u00e1rio agendado, com intervalo de 45 em 45 minutos para que n\u00e3o exista nenhum fluxo\u201d, diz, informando que esta \u00e9 a rotina das 36 Unidades de Gest\u00e3o e Inspetoria (cada um envolvendo em torno de 10 a 12 munic\u00edpios).<\/p>\n<p>A presidente em exerc\u00edcio do Crea-SP informa ainda que n\u00e3o houve necessidade de interromper a fiscaliza\u00e7\u00e3o. \u201cConseguimos fazer a fiscaliza\u00e7\u00e3o das empresas, colocando em dia alguns processos. E levantamos empresas cadastradas que n\u00e3o possuiam informa\u00e7\u00e3o atualizada\u00a0 sobre profissional cadastrado. Nesse periodo, j\u00e1 fizemos 26 mil atendimentos a profissionais. Entre Crea-DOC e e-mail, foram mais de 5 mil atendimentos a empresas, al\u00e9m de 19 mil assuntos inerentes \u00e0 fiscaliza\u00e7\u00e3o, com 720 fiscaliza\u00e7\u00f5es in loco por den\u00fancias. Paralelamente, foram feitos 10.200 atendimentos remotos, telef\u00f4nicos e por e-mail\u00a0entre chefes e gerentes, o que n\u00e3o representou uma queda no n\u00famero total de atendimentos&#8221;, diz, acrescentando que as atividades n\u00e3o\u00a0 executadas em home office s\u00e3o feitas com o uso de m\u00e1scara, prote\u00e7\u00e3o acr\u00edlica e \u00e1lcool em gel.<\/p>\n<p>&nbsp;<\/p>\n<p><em><strong>*Henrique Nunes<br \/>\nEquipe de Comunica\u00e7\u00e3o do Confea<\/strong><\/em><\/p>\n","protected":false},"excerpt":{"rendered":"<p>As dificuldades financeiras enfrentadas pelos Regionais, diante do enfrentamento da pandemia pelo Coronav\u00edrus, e o processo eleitoral deste ano, que teve a data das elei\u00e7\u00f5es\u00a0 alterada para 15 de julho, foram tema da segunda reuni\u00e3o ordin\u00e1ria do Col\u00e9gio de Presidentes, realizada remotamente nestas quinta e sexta (15), com a participa\u00e7\u00e3o do presidente em exerc\u00edcio do Crea-PB, Lu\u00eds Eduardo Chaves. Ao lado da troca de experi\u00eancias dos regionais diante da pandemia, esses foram os principais temas abordados na reuni\u00e3o conduzida pelo presidente em exerc\u00edcio do Confea, eng. civ. Osmar Barros Jr., e pelo coordenador interino do colegiado, eng. agr. Ari Neumann. [&hellip;]<\/p>\n","protected":false},"author":2,"featured_media":17376,"comment_status":"open","ping_status":"open","sticky":false,"template":"","format":"standard","meta":{"_acf_changed":false,"footnotes":""},"categories":[9],"tags":[],"class_list":["post-17375","post","type-post","status-publish","format-standard","has-post-thumbnail","hentry","category-noticias"],"acf":[],"_links":{"self":[{"href":"https:\/\/creapb.org.br\/site\/wp-json\/wp\/v2\/posts\/17375","targetHints":{"allow":["GET"]}}],"collection":[{"href":"https:\/\/creapb.org.br\/site\/wp-json\/wp\/v2\/posts"}],"about":[{"href":"https:\/\/creapb.org.br\/site\/wp-json\/wp\/v2\/types\/post"}],"author":[{"embeddable":true,"href":"https:\/\/creapb.org.br\/site\/wp-json\/wp\/v2\/users\/2"}],"replies":[{"embeddable":true,"href":"https:\/\/creapb.org.br\/site\/wp-json\/wp\/v2\/comments?post=17375"}],"version-history":[{"count":2,"href":"https:\/\/creapb.org.br\/site\/wp-json\/wp\/v2\/posts\/17375\/revisions"}],"predecessor-version":[{"id":17378,"href":"https:\/\/creapb.org.br\/site\/wp-json\/wp\/v2\/posts\/17375\/revisions\/17378"}],"wp:featuredmedia":[{"embeddable":true,"href":"https:\/\/creapb.org.br\/site\/wp-json\/wp\/v2\/media\/17376"}],"wp:attachment":[{"href":"https:\/\/creapb.org.br\/site\/wp-json\/wp\/v2\/media?parent=17375"}],"wp:term":[{"taxonomy":"category","embeddable":true,"href":"https:\/\/creapb.org.br\/site\/wp-json\/wp\/v2\/categories?post=17375"},{"taxonomy":"post_tag","embeddable":true,"href":"https:\/\/creapb.org.br\/site\/wp-json\/wp\/v2\/tags?post=17375"}],"curies":[{"name":"wp","href":"https:\/\/api.w.org\/{rel}","templated":true}]}}