{"id":17414,"date":"2020-05-29T12:55:09","date_gmt":"2020-05-29T15:55:09","guid":{"rendered":"http:\/\/creapb.org.br\/?p=17414"},"modified":"2020-05-29T12:59:34","modified_gmt":"2020-05-29T15:59:34","slug":"sede-do-crea-pb-passa-por-sanitizacao","status":"publish","type":"post","link":"https:\/\/creapb.org.br\/site\/sede-do-crea-pb-passa-por-sanitizacao\/","title":{"rendered":"Sede do Crea-PB passa por sanitiza\u00e7\u00e3o"},"content":{"rendered":"<p style=\"text-align: center;\">Servi\u00e7o ser\u00e1 realizado\u00a0tr\u00eas vezes por m\u00eas.<\/p>\n<p><img fetchpriority=\"high\" decoding=\"async\" class=\"aligncenter wp-image-17415\" src=\"https:\/\/creapb.org.br\/site\/wp-content\/uploads\/2020\/05\/WhatsApp-Image-2020-05-29-at-11.11.39-1024x768.jpeg\" alt=\"\" width=\"588\" height=\"441\" srcset=\"https:\/\/creapb.org.br\/site\/wp-content\/uploads\/2020\/05\/WhatsApp-Image-2020-05-29-at-11.11.39-1024x768.jpeg 1024w, https:\/\/creapb.org.br\/site\/wp-content\/uploads\/2020\/05\/WhatsApp-Image-2020-05-29-at-11.11.39-300x225.jpeg 300w, https:\/\/creapb.org.br\/site\/wp-content\/uploads\/2020\/05\/WhatsApp-Image-2020-05-29-at-11.11.39-768x576.jpeg 768w, https:\/\/creapb.org.br\/site\/wp-content\/uploads\/2020\/05\/WhatsApp-Image-2020-05-29-at-11.11.39.jpeg 1280w\" sizes=\"(max-width: 588px) 100vw, 588px\" \/><\/p>\n<p>Na manh\u00e3 desta sexta-feira (29), as instala\u00e7\u00f5es da sede do Crea-PB passaram por uma sanitiza\u00e7\u00e3o completa\u00a0de seus ambientes internos e externos, incluindo m\u00f3veis, paredes, tetos, tubos de ar,etc.\u00a0O servi\u00e7o, que ser\u00e1 realizado a cada dez dias pelos pr\u00f3ximos seis meses, \u00e9 mais um refor\u00e7o nas a\u00e7\u00f5es preventivas do Conselho \u00e0 COVID-19, visando a seguran\u00e7a de todos que frequentam o pr\u00e9dio.<\/p>\n<p>O\u00a0atendimento presencial do Crea est\u00e1 suspenso desde 23 de mar\u00e7o, mas a sede ainda tem circula\u00e7\u00e3o de algumas pessoas, pois h\u00e1 um revezamento de colaboradores para a execu\u00e7\u00e3o de atividades internas indispens\u00e1veis. Para incrementar as medidas de prote\u00e7\u00e3o do corpo funcional no momento atual, e dos profissionais, conselheiros, parceiros\u00a0e fornecedores quando for retomado o atendimento, foi uma preocupa\u00e7\u00e3o do Comit\u00ea de preven\u00e7\u00e3o \u00e0 COVID,\u00a0composto pela Presid\u00eancia, Superintend\u00eancia e alguns gerentes e assessores, a\u00a0aplica\u00e7\u00e3o de\u00a0produtos qu\u00edmicos espec\u00edficos para desinfec\u00e7\u00e3o de todas as superf\u00edcies dos ambientes internos e externos do Edif\u00edcio e anexo da sede.<\/p>\n<p>Na pr\u00f3xima segunda-feira (01), o Comit\u00ea se reunir\u00e1 novamente para deliberar sobre a prorroga\u00e7\u00e3o da suspens\u00e3o do atendimento, baseado nos decretos governamentais. Tamb\u00e9m ser\u00e1 discutido\u00a0o planejamento de a\u00e7\u00f5es a serem tomadas quando\u00a0do retorno das atividades presenciais, de modo a manter e ampliar medidas preventivas, al\u00e9m de realizar campanhas de conscientiza\u00e7\u00e3o, fundamentais para a supera\u00e7\u00e3o da pandemia.<\/p>\n<p>O atendimento\u00a0est\u00e1 sendo realizado remotamente pelos setores.\u00a0O Conselho disponibilizou telefones fixos, celulares e email para que os usu\u00e1rios possam entrar em contato.<\/p>\n<p><span style=\"color: #0000ff;\"><a style=\"color: #0000ff;\" href=\"https:\/\/creapb.org.br\/site\/noticias\/crea-pb-suspende-atendimento-presencial-na-sede-e-inspetorias\/\">CLIQUE AQUI PARA ACESSAR A RELA\u00c7\u00c3O DE TELEFONES EMAILS<\/a>\u00a0\u00a0<\/span><\/p>\n<p>&nbsp;<\/p>\n<p><em>*Grazielle Uch\u00f4a\/ Assessoria de Comunica\u00e7\u00e3o do Crea-PB<\/em><\/p>\n","protected":false},"excerpt":{"rendered":"<p>Servi\u00e7o ser\u00e1 realizado\u00a0tr\u00eas vezes por m\u00eas. Na manh\u00e3 desta sexta-feira (29), as instala\u00e7\u00f5es da sede do Crea-PB passaram por uma sanitiza\u00e7\u00e3o completa\u00a0de seus ambientes internos e externos, incluindo m\u00f3veis, paredes, tetos, tubos de ar,etc.\u00a0O servi\u00e7o, que ser\u00e1 realizado a cada dez dias pelos pr\u00f3ximos seis meses, \u00e9 mais um refor\u00e7o nas a\u00e7\u00f5es preventivas do Conselho \u00e0 COVID-19, visando a seguran\u00e7a de todos que frequentam o pr\u00e9dio. O\u00a0atendimento presencial do Crea est\u00e1 suspenso desde 23 de mar\u00e7o, mas a sede ainda tem circula\u00e7\u00e3o de algumas pessoas, pois h\u00e1 um revezamento de colaboradores para a execu\u00e7\u00e3o de atividades internas indispens\u00e1veis. Para incrementar [&hellip;]<\/p>\n","protected":false},"author":2,"featured_media":17415,"comment_status":"open","ping_status":"open","sticky":false,"template":"","format":"standard","meta":{"_acf_changed":false,"footnotes":""},"categories":[9],"tags":[],"class_list":["post-17414","post","type-post","status-publish","format-standard","has-post-thumbnail","hentry","category-noticias"],"acf":[],"_links":{"self":[{"href":"https:\/\/creapb.org.br\/site\/wp-json\/wp\/v2\/posts\/17414","targetHints":{"allow":["GET"]}}],"collection":[{"href":"https:\/\/creapb.org.br\/site\/wp-json\/wp\/v2\/posts"}],"about":[{"href":"https:\/\/creapb.org.br\/site\/wp-json\/wp\/v2\/types\/post"}],"author":[{"embeddable":true,"href":"https:\/\/creapb.org.br\/site\/wp-json\/wp\/v2\/users\/2"}],"replies":[{"embeddable":true,"href":"https:\/\/creapb.org.br\/site\/wp-json\/wp\/v2\/comments?post=17414"}],"version-history":[{"count":3,"href":"https:\/\/creapb.org.br\/site\/wp-json\/wp\/v2\/posts\/17414\/revisions"}],"predecessor-version":[{"id":17418,"href":"https:\/\/creapb.org.br\/site\/wp-json\/wp\/v2\/posts\/17414\/revisions\/17418"}],"wp:featuredmedia":[{"embeddable":true,"href":"https:\/\/creapb.org.br\/site\/wp-json\/wp\/v2\/media\/17415"}],"wp:attachment":[{"href":"https:\/\/creapb.org.br\/site\/wp-json\/wp\/v2\/media?parent=17414"}],"wp:term":[{"taxonomy":"category","embeddable":true,"href":"https:\/\/creapb.org.br\/site\/wp-json\/wp\/v2\/categories?post=17414"},{"taxonomy":"post_tag","embeddable":true,"href":"https:\/\/creapb.org.br\/site\/wp-json\/wp\/v2\/tags?post=17414"}],"curies":[{"name":"wp","href":"https:\/\/api.w.org\/{rel}","templated":true}]}}