{"id":17479,"date":"2020-06-22T13:03:52","date_gmt":"2020-06-22T16:03:52","guid":{"rendered":"http:\/\/creapb.org.br\/?p=17479"},"modified":"2020-10-22T12:31:17","modified_gmt":"2020-10-22T15:31:17","slug":"fiscalizacao-se-une-a-entidades-para-intensificar-fiscalizacao-e-conscientizacao-em-condominios","status":"publish","type":"post","link":"https:\/\/creapb.org.br\/site\/fiscalizacao-se-une-a-entidades-para-intensificar-fiscalizacao-e-conscientizacao-em-condominios\/","title":{"rendered":"Fiscaliza\u00e7\u00e3o se une a entidades para intensificar fiscaliza\u00e7\u00e3o e conscientiza\u00e7\u00e3o em condom\u00ednios"},"content":{"rendered":"<p>Nos \u00faltimos dias 17 e 18 de junho,\u00a0o setor de\u00a0fiscaliza\u00e7\u00e3o do Crea-PB reuniu-se com representantes de entidades condominiais,\u00a0esclarecendo algumas d\u00favidas\u00a0e trocando\u00a0experi\u00eancias sobre a realidade dos condom\u00ednios e a fiscaliza\u00e7\u00e3o do exerc\u00edcio profissional da Engenharia nesses locais. Em uma reuni\u00e3o virtual, os agentes fiscais uniram-se aos presidentes da Associa\u00e7\u00e3o de Condom\u00ednios do Estado da Para\u00edba (Ascon-PB), Edivaldo Teixeira de Carvalho, e do Sindicato das Empresas de Compra, Venda, Loca\u00e7\u00e3o e Administra\u00e7\u00e3o de Im\u00f3veis e dos Condom\u00ednios Residenciais e Comerciais do Estado da Para\u00edba (Secovi-PB), \u00c9rico Feitosa.<\/p>\n<p>De acordo com o gerente de fiscaliza\u00e7\u00e3o do Crea, Ant\u00f4nio C\u00e9sar, diante do cen\u00e1rio vivido no pa\u00eds, causado pela pandemia do COVID-19, a Ger\u00eancia de Fiscaliza\u00e7\u00e3o do\u00a0Conselho vem recebendo v\u00e1rias den\u00fancias relacionadas \u00e0s obras\u00a0e servi\u00e7os em condom\u00ednios residenciais multifamiliares. Por isso, o setor pretende intensificar a atua\u00e7\u00e3o na \u00e1rea e investir na conscientiza\u00e7\u00e3o de s\u00edndicos e cond\u00f4minos sobre o tema.<\/p>\n<p><img fetchpriority=\"high\" decoding=\"async\" class=\"aligncenter wp-image-17480\" src=\"https:\/\/creapb.org.br\/site\/wp-content\/uploads\/2020\/06\/2-1024x512.jpg\" alt=\"\" width=\"901\" height=\"451\" srcset=\"https:\/\/creapb.org.br\/site\/wp-content\/uploads\/2020\/06\/2-1024x512.jpg 1024w, https:\/\/creapb.org.br\/site\/wp-content\/uploads\/2020\/06\/2-300x150.jpg 300w, https:\/\/creapb.org.br\/site\/wp-content\/uploads\/2020\/06\/2-768x384.jpg 768w, https:\/\/creapb.org.br\/site\/wp-content\/uploads\/2020\/06\/2.jpg 1907w\" sizes=\"(max-width: 901px) 100vw, 901px\" \/><\/p>\n<p>O que as entidades e o Crea objetivam \u00e9 trazer \u00e0 tona a import\u00e2ncia da contrata\u00e7\u00e3o de empresas legalmente habilitadas para a manuten\u00e7\u00e3o especializada de equipamentos, como elevadores, geradores e cercas el\u00e9tricas. Para o presidente do Secovi-PB, \u00e9 preciso que a sociedade tenha a compreens\u00e3o de como esta quest\u00e3o \u00e9 relevante. &#8220;A popula\u00e7\u00e3o tem que entender que \u00e9 para a sua pr\u00f3pria seguran\u00e7a. N\u00e3o d\u00e1 pra esperar cair, como aconteceu em Fortaleza. Al\u00e9m disso, \u00e9 muito mais barato fazer a preven\u00e7\u00e3o&#8221;, comentou \u00c9rico Feitosa.<\/p>\n<p>Se o condom\u00ednio contrata uma empresa que est\u00e1 prestando um servi\u00e7o ilegalmente ou n\u00e3o est\u00e1 realizando a manuten\u00e7\u00e3o dos equipamentos, seus moradores ficam vulner\u00e1veis e, se houver qualquer problema, n\u00e3o ter\u00e3o nenhuma garantia t\u00e9cnica para solu\u00e7\u00e3o do mesmo. Al\u00e9m disso, segundo Ant\u00f4nio C\u00e9sar e \u00c9rico Feitosa, trata-se de uma seguran\u00e7a para o s\u00edndico ou gestor do condom\u00ednio, uma vez que eles podem\u00a0responder civil e criminalmente no caso de ocorr\u00eancia de sinistros.\u00a0Por exemplo, se foi contratada uma empresa legalmente habilitada e uma pane no elevador ocasionar um dano f\u00edsico a algum dos moradores, quem ser\u00e1 responsabilizada \u00e9 a empresa contratada, n\u00e3o o s\u00edndico.<\/p>\n<p>Nas reuni\u00f5es, Crea, Secovi e Ascon debateram medidas conjuntas; entre elas, campanhas educativas e a cria\u00e7\u00e3o de um selo para empresas certificadas, al\u00e9m da assinatura de um termo de coopera\u00e7\u00e3o, que formalizar\u00e1 a parceria, cujo principal objetivo \u00e9 salvaguardar a seguran\u00e7a da popula\u00e7\u00e3o a partir da manuten\u00e7\u00e3o especializada atrav\u00e9s de empresas e profissionais legalmente habilitados.<\/p>\n<p>&nbsp;<\/p>\n<p><em>Jorn. Grazielle Uch\u00f4a ( Assessoria de Comunica\u00e7\u00e3o do CREA-PB)<\/em><\/p>\n","protected":false},"excerpt":{"rendered":"<p>Nos \u00faltimos dias 17 e 18 de junho,\u00a0o setor de\u00a0fiscaliza\u00e7\u00e3o do Crea-PB reuniu-se com representantes de entidades condominiais,\u00a0esclarecendo algumas d\u00favidas\u00a0e trocando\u00a0experi\u00eancias sobre a realidade dos condom\u00ednios e a fiscaliza\u00e7\u00e3o do exerc\u00edcio profissional da Engenharia nesses locais. Em uma reuni\u00e3o virtual, os agentes fiscais uniram-se aos presidentes da Associa\u00e7\u00e3o de Condom\u00ednios do Estado da Para\u00edba (Ascon-PB), Edivaldo Teixeira de Carvalho, e do Sindicato das Empresas de Compra, Venda, Loca\u00e7\u00e3o e Administra\u00e7\u00e3o de Im\u00f3veis e dos Condom\u00ednios Residenciais e Comerciais do Estado da Para\u00edba (Secovi-PB), \u00c9rico Feitosa. De acordo com o gerente de fiscaliza\u00e7\u00e3o do Crea, Ant\u00f4nio C\u00e9sar, diante do cen\u00e1rio vivido [&hellip;]<\/p>\n","protected":false},"author":2,"featured_media":17480,"comment_status":"open","ping_status":"open","sticky":false,"template":"","format":"standard","meta":{"_acf_changed":false,"footnotes":""},"categories":[9],"tags":[],"class_list":["post-17479","post","type-post","status-publish","format-standard","has-post-thumbnail","hentry","category-noticias"],"acf":[],"_links":{"self":[{"href":"https:\/\/creapb.org.br\/site\/wp-json\/wp\/v2\/posts\/17479","targetHints":{"allow":["GET"]}}],"collection":[{"href":"https:\/\/creapb.org.br\/site\/wp-json\/wp\/v2\/posts"}],"about":[{"href":"https:\/\/creapb.org.br\/site\/wp-json\/wp\/v2\/types\/post"}],"author":[{"embeddable":true,"href":"https:\/\/creapb.org.br\/site\/wp-json\/wp\/v2\/users\/2"}],"replies":[{"embeddable":true,"href":"https:\/\/creapb.org.br\/site\/wp-json\/wp\/v2\/comments?post=17479"}],"version-history":[{"count":5,"href":"https:\/\/creapb.org.br\/site\/wp-json\/wp\/v2\/posts\/17479\/revisions"}],"predecessor-version":[{"id":17725,"href":"https:\/\/creapb.org.br\/site\/wp-json\/wp\/v2\/posts\/17479\/revisions\/17725"}],"wp:featuredmedia":[{"embeddable":true,"href":"https:\/\/creapb.org.br\/site\/wp-json\/wp\/v2\/media\/17480"}],"wp:attachment":[{"href":"https:\/\/creapb.org.br\/site\/wp-json\/wp\/v2\/media?parent=17479"}],"wp:term":[{"taxonomy":"category","embeddable":true,"href":"https:\/\/creapb.org.br\/site\/wp-json\/wp\/v2\/categories?post=17479"},{"taxonomy":"post_tag","embeddable":true,"href":"https:\/\/creapb.org.br\/site\/wp-json\/wp\/v2\/tags?post=17479"}],"curies":[{"name":"wp","href":"https:\/\/api.w.org\/{rel}","templated":true}]}}