{"id":17509,"date":"2020-07-08T10:44:55","date_gmt":"2020-07-08T13:44:55","guid":{"rendered":"http:\/\/creapb.org.br\/?p=17509"},"modified":"2020-07-08T12:15:45","modified_gmt":"2020-07-08T15:15:45","slug":"eleicoes-crea-pb-adotara-medidas-preventivas-a-covid-19","status":"publish","type":"post","link":"https:\/\/creapb.org.br\/site\/eleicoes-crea-pb-adotara-medidas-preventivas-a-covid-19\/","title":{"rendered":"Elei\u00e7\u00f5es: CREA-PB adotar\u00e1 medidas preventivas \u00e0 COVID-19"},"content":{"rendered":"<p>&nbsp;<\/p>\n<p style=\"text-align: center;\">Al\u00e9m do protocolo da CEF, Conselho elaborou um pr\u00f3prio em parceria com a AEST-PB\u00a0 para refor\u00e7ar as a\u00e7\u00f5es preventivas.<\/p>\n<p><img fetchpriority=\"high\" decoding=\"async\" class=\"aligncenter wp-image-17517\" src=\"https:\/\/creapb.org.br\/site\/wp-content\/uploads\/2020\/07\/IMG_1903-1024x683.jpg\" alt=\"\" width=\"645\" height=\"430\" srcset=\"https:\/\/creapb.org.br\/site\/wp-content\/uploads\/2020\/07\/IMG_1903-1024x683.jpg 1024w, https:\/\/creapb.org.br\/site\/wp-content\/uploads\/2020\/07\/IMG_1903-300x200.jpg 300w, https:\/\/creapb.org.br\/site\/wp-content\/uploads\/2020\/07\/IMG_1903-768x512.jpg 768w\" sizes=\"(max-width: 645px) 100vw, 645px\" \/><\/p>\n<p>No pr\u00f3ximo dia 15 de julho, ocorrer\u00e3o as elei\u00e7\u00f5es do Sistema Confea\/Crea e M\u00fatua.\u00a0Na Para\u00edba, os profissionais votam para escolher\u00a0 o Presidente do Confea, Presidente do Crea-PB e Diretores Geral e Administrativo da M\u00fatua-PB (<a href=\"https:\/\/creapb.org.br\/site\/eleicoes\/curriculos-e-planos-de-trabalho-dos-candidatos\/\">Clique aqui para ver os candidatos<\/a>).Com o objetivo de preservar a seguran\u00e7a e a sa\u00fade da comunidade profissional da Engenharia, Agronomia e Geoci\u00eancias, bem como de todos os colaboradores dos Creas envolvidos no processo eleitoral 2020, foram estabelecidas,\u00a0 pela Comiss\u00e3o Eleital Federal (CEF), medidas preventivas \u00e0 COVID-19.<\/p>\n<p>Al\u00e9m de cumprir todo o protocolo determinado pela CEF (<a href=\"https:\/\/creapb.org.br\/site\/wp-content\/uploads\/2020\/04\/Delibera%C3%A7%C3%A3o-n%C2%BA-57.2020-Orienta%C3%A7%C3%A3o-frente-%C3%A0-pandemia-pelo-novo-coronavirus.pdf\">veja aqui a delibera\u00e7\u00e3o 57\/2020<\/a>), o Crea-PB tamb\u00e9m resolveu realizar algumas a\u00e7\u00f5es aut\u00f4nomas e, em parceria com a Associa\u00e7\u00e3o de Engenharia de Seguran\u00e7a do Trabalho da Para\u00edba (Aest-PB), elaborou um protocolo pr\u00f3prio, que detalha\u00a0e amplia as medidas preventivas a serem implantadas em cada etapa do processo eleitoral.<\/p>\n<figure id=\"attachment_17519\" aria-describedby=\"caption-attachment-17519\" style=\"width: 404px\" class=\"wp-caption alignright\"><img decoding=\"async\" class=\"wp-image-17519\" src=\"https:\/\/creapb.org.br\/site\/wp-content\/uploads\/2020\/07\/IMG_1887-1024x683.jpg\" width=\"404\" height=\"269\" srcset=\"https:\/\/creapb.org.br\/site\/wp-content\/uploads\/2020\/07\/IMG_1887-1024x683.jpg 1024w, https:\/\/creapb.org.br\/site\/wp-content\/uploads\/2020\/07\/IMG_1887-300x200.jpg 300w, https:\/\/creapb.org.br\/site\/wp-content\/uploads\/2020\/07\/IMG_1887-768x512.jpg 768w\" sizes=\"(max-width: 404px) 100vw, 404px\" \/><figcaption id=\"caption-attachment-17519\" class=\"wp-caption-text\">Representantes do CREA-PB e AEST-PB durante a vistoria desta ter\u00e7a-feira (7)<\/figcaption><\/figure>\n<p>&nbsp;<\/p>\n<p>Para elaborar o documento, nesta ter\u00e7a-feira (7), o presidente em exerc\u00edcio do Crea-PB, Lu\u00eds Eduardo Chaves, se uniu ao presidente da Aest-PB, Edvaldo Nunes, e ao diretor da Associa\u00e7\u00e3o, Ricardo Daniel, para uma vistoria preliminar no ambiente de vota\u00e7\u00e3o da sede, em Jo\u00e3o Pessoa. Engenheiros de Seguran\u00e7a do Trabalho tamb\u00e9m ser\u00e3o convocados para realizar a mesma vistoria nas inspetorias do Regional. O protocolo produzido em parceria pelo Crea e a entidade baseia-se na legisla\u00e7\u00e3o vigente, priorizando as medidas de engenharia, de organiza\u00e7\u00e3o do trabalho, administrativas, EPI e em observ\u00e2ncia com Delibera\u00e7\u00f5es CEF\/CONFEA n\u00b0. 57\/2020 e n\u00b0. 130\/2020. Ele cont\u00e9m recomenda\u00e7\u00f5es sobre o layout dos locais de vota\u00e7\u00e3o, procedimentos de mes\u00e1rios e eleitores, equipamentos de prote\u00e7\u00e3o e higiene pessoal e coletiva.<\/p>\n<p>De acordo com o presidente em exerc\u00edcio, toda a equipe que trabalhar\u00e1 no processo eleitoral receber\u00e1 um treinamento espec\u00edfico baseado nos protocolos de seguran\u00e7a relacionados \u00e0 COVID-19. &#8220;N\u00f3s estamos ofertando as profissionais todas as medidas que s\u00e3o conhecidas mundialmente para preven\u00e7\u00e3o ao Coronav\u00edrus. Nossa prioridade absoluta \u00e9 assegurar a todos o exerc\u00edcio da cidadania profissional de maneira segura e leg\u00edtima&#8221;, afirma Lu\u00eds Eduardo.<\/p>\n<p><strong>A VOTA\u00c7\u00c3O<\/strong><\/p>\n<p>As elei\u00e7\u00f5es acontecer\u00e3o na pr\u00f3xima quarta-feira (15 de julho), das 8h \u00e0s 19h, na sede e inspetorias do Crea-PB. Eleitores do grupo de risco ter\u00e3o o hor\u00e1rio preferencial das\u00a08h \u00e0s 9h e das 13:30h \u00e0s 14:30h.\u00a0 O profissional dever\u00e1 apresentar documento oficial com foto e estar em dia com o Sistema Confea\/Crea e M\u00fatua at\u00e9 30 dias antes da data da vota\u00e7\u00e3o.<\/p>\n<p><strong>CABE AO ELEITOR<\/strong><\/p>\n<p>\u00c9 de responsabilidade do eleitor o uso de m\u00e1scara para que possa ter acesso ao local de vota\u00e7\u00e3o, o respeito a todas as orienta\u00e7\u00f5es fornecidas pela equipe do Crea-PB em rela\u00e7\u00e3o ao protocolo de seguran\u00e7a e preven\u00e7\u00e3o \u00e0 COVID-19. N\u00e3o ser\u00e1 permitido nenhum tipo de aglomera\u00e7\u00e3o de pessoas, nem no ambiente interno, nem no ambiente externo do local de vota\u00e7\u00e3o durante todo o processo eleitoral.<\/p>\n<p><span style=\"color: #0000ff;\"><a style=\"color: #0000ff;\" href=\"https:\/\/creapb.org.br\/site\/wp-content\/uploads\/2020\/07\/Protocolo-Elei\u00e7\u00e3o-CREAPB-e-AEST-2020-ok.pdf\">CLIQUE AQUI PARA ACESSAR O PROTOCOLADO ELABORADO PELO CREA E AEST.<\/a><\/span><\/p>\n<p>&nbsp;<\/p>\n<p>&nbsp;<\/p>\n<p><em>*Jorn. Grazielle Uch\u00f4a\/Assessoria de Comunica\u00e7\u00e3o do CREA-PB<\/em><\/p>\n","protected":false},"excerpt":{"rendered":"<p>&nbsp; Al\u00e9m do protocolo da CEF, Conselho elaborou um pr\u00f3prio em parceria com a AEST-PB\u00a0 para refor\u00e7ar as a\u00e7\u00f5es preventivas. No pr\u00f3ximo dia 15 de julho, ocorrer\u00e3o as elei\u00e7\u00f5es do Sistema Confea\/Crea e M\u00fatua.\u00a0Na Para\u00edba, os profissionais votam para escolher\u00a0 o Presidente do Confea, Presidente do Crea-PB e Diretores Geral e Administrativo da M\u00fatua-PB (Clique aqui para ver os candidatos).Com o objetivo de preservar a seguran\u00e7a e a sa\u00fade da comunidade profissional da Engenharia, Agronomia e Geoci\u00eancias, bem como de todos os colaboradores dos Creas envolvidos no processo eleitoral 2020, foram estabelecidas,\u00a0 pela Comiss\u00e3o Eleital Federal (CEF), medidas preventivas \u00e0 [&hellip;]<\/p>\n","protected":false},"author":2,"featured_media":17517,"comment_status":"open","ping_status":"open","sticky":false,"template":"","format":"standard","meta":{"_acf_changed":false,"footnotes":""},"categories":[9],"tags":[],"class_list":["post-17509","post","type-post","status-publish","format-standard","has-post-thumbnail","hentry","category-noticias"],"acf":[],"_links":{"self":[{"href":"https:\/\/creapb.org.br\/site\/wp-json\/wp\/v2\/posts\/17509","targetHints":{"allow":["GET"]}}],"collection":[{"href":"https:\/\/creapb.org.br\/site\/wp-json\/wp\/v2\/posts"}],"about":[{"href":"https:\/\/creapb.org.br\/site\/wp-json\/wp\/v2\/types\/post"}],"author":[{"embeddable":true,"href":"https:\/\/creapb.org.br\/site\/wp-json\/wp\/v2\/users\/2"}],"replies":[{"embeddable":true,"href":"https:\/\/creapb.org.br\/site\/wp-json\/wp\/v2\/comments?post=17509"}],"version-history":[{"count":13,"href":"https:\/\/creapb.org.br\/site\/wp-json\/wp\/v2\/posts\/17509\/revisions"}],"predecessor-version":[{"id":17531,"href":"https:\/\/creapb.org.br\/site\/wp-json\/wp\/v2\/posts\/17509\/revisions\/17531"}],"wp:featuredmedia":[{"embeddable":true,"href":"https:\/\/creapb.org.br\/site\/wp-json\/wp\/v2\/media\/17517"}],"wp:attachment":[{"href":"https:\/\/creapb.org.br\/site\/wp-json\/wp\/v2\/media?parent=17509"}],"wp:term":[{"taxonomy":"category","embeddable":true,"href":"https:\/\/creapb.org.br\/site\/wp-json\/wp\/v2\/categories?post=17509"},{"taxonomy":"post_tag","embeddable":true,"href":"https:\/\/creapb.org.br\/site\/wp-json\/wp\/v2\/tags?post=17509"}],"curies":[{"name":"wp","href":"https:\/\/api.w.org\/{rel}","templated":true}]}}