{"id":17533,"date":"2020-07-13T17:29:47","date_gmt":"2020-07-13T20:29:47","guid":{"rendered":"http:\/\/creapb.org.br\/?p=17533"},"modified":"2020-07-13T17:29:47","modified_gmt":"2020-07-13T20:29:47","slug":"eleicoes-do-sistema-confeacrea-e-mutua-sao-adiadas","status":"publish","type":"post","link":"https:\/\/creapb.org.br\/site\/eleicoes-do-sistema-confeacrea-e-mutua-sao-adiadas\/","title":{"rendered":"Elei\u00e7\u00f5es do Sistema Confea\/Crea e M\u00fatua s\u00e3o adiadas"},"content":{"rendered":"<p>Na tarde desta segunda-feira, 13 de julho, a Comiss\u00e3o Eleitoral Federal publicou nota oficial em que comunica a suspens\u00e3o da data de vota\u00e7\u00e3o (prevista para 15 de julho) do processo eleitoral do Sistema Confea\/Crea e M\u00fatua. A decis\u00e3o ocorreu por for\u00e7a de ordem liminar da justi\u00e7a. A CEF apresentar\u00e1 nova data e ajustes no calend\u00e1rio eleitoral em momento oportuno.<\/p>\n<p><a href=\"https:\/\/www.confea.org.br\/midias\/uploads-imce\/NotaOficialCEF13.7.2020.pdf\" target=\"_blank\">Leia a nota oficial na \u00edntegra.<\/a><\/p>\n<p>&nbsp;<\/p>\n<p><em>*Assessoria de Comunica\u00e7\u00e3o do CONFEA<\/em><\/p>\n","protected":false},"excerpt":{"rendered":"<p>Na tarde desta segunda-feira, 13 de julho, a Comiss\u00e3o Eleitoral Federal publicou nota oficial em que comunica a suspens\u00e3o da data de vota\u00e7\u00e3o (prevista para 15 de julho) do processo eleitoral do Sistema Confea\/Crea e M\u00fatua. A decis\u00e3o ocorreu por for\u00e7a de ordem liminar da justi\u00e7a. A CEF apresentar\u00e1 nova data e ajustes no calend\u00e1rio eleitoral em momento oportuno. Leia a nota oficial na \u00edntegra. &nbsp; *Assessoria de Comunica\u00e7\u00e3o do CONFEA<\/p>\n","protected":false},"author":2,"featured_media":16970,"comment_status":"open","ping_status":"open","sticky":false,"template":"","format":"standard","meta":{"_acf_changed":false,"footnotes":""},"categories":[9],"tags":[],"class_list":["post-17533","post","type-post","status-publish","format-standard","has-post-thumbnail","hentry","category-noticias"],"acf":[],"_links":{"self":[{"href":"https:\/\/creapb.org.br\/site\/wp-json\/wp\/v2\/posts\/17533","targetHints":{"allow":["GET"]}}],"collection":[{"href":"https:\/\/creapb.org.br\/site\/wp-json\/wp\/v2\/posts"}],"about":[{"href":"https:\/\/creapb.org.br\/site\/wp-json\/wp\/v2\/types\/post"}],"author":[{"embeddable":true,"href":"https:\/\/creapb.org.br\/site\/wp-json\/wp\/v2\/users\/2"}],"replies":[{"embeddable":true,"href":"https:\/\/creapb.org.br\/site\/wp-json\/wp\/v2\/comments?post=17533"}],"version-history":[{"count":1,"href":"https:\/\/creapb.org.br\/site\/wp-json\/wp\/v2\/posts\/17533\/revisions"}],"predecessor-version":[{"id":17534,"href":"https:\/\/creapb.org.br\/site\/wp-json\/wp\/v2\/posts\/17533\/revisions\/17534"}],"wp:featuredmedia":[{"embeddable":true,"href":"https:\/\/creapb.org.br\/site\/wp-json\/wp\/v2\/media\/16970"}],"wp:attachment":[{"href":"https:\/\/creapb.org.br\/site\/wp-json\/wp\/v2\/media?parent=17533"}],"wp:term":[{"taxonomy":"category","embeddable":true,"href":"https:\/\/creapb.org.br\/site\/wp-json\/wp\/v2\/categories?post=17533"},{"taxonomy":"post_tag","embeddable":true,"href":"https:\/\/creapb.org.br\/site\/wp-json\/wp\/v2\/tags?post=17533"}],"curies":[{"name":"wp","href":"https:\/\/api.w.org\/{rel}","templated":true}]}}