{"id":17541,"date":"2020-07-28T08:53:21","date_gmt":"2020-07-28T11:53:21","guid":{"rendered":"http:\/\/creapb.org.br\/?p=17541"},"modified":"2020-07-28T08:53:45","modified_gmt":"2020-07-28T11:53:45","slug":"eleicoes-do-sistema-confeacrea-e-mutua-serao-em-1o-de-outubro","status":"publish","type":"post","link":"https:\/\/creapb.org.br\/site\/eleicoes-do-sistema-confeacrea-e-mutua-serao-em-1o-de-outubro\/","title":{"rendered":"Elei\u00e7\u00f5es do Sistema Confea\/Crea e M\u00fatua ser\u00e3o em 1\u00ba de outubro"},"content":{"rendered":"<p>Reunidos virtualmente em\u00a0<a href=\"https:\/\/www.youtube.com\/watch?v=m2JklVCJqNI\" target=\"_blank\">Sess\u00e3o Plen\u00e1ria\u00a0n\u00ba 1538<\/a>, os conselheiros federais de Engenharia e Agronomia aprovaram, na\u00a0sexta-feira (24\/7), delibera\u00e7\u00e3o da Comiss\u00e3o Eleitoral Federal (CEF) que propunha o dia\u00a0<strong>1\u00ba de outubro de 2020<\/strong>\u00a0para a realiza\u00e7\u00e3o das elei\u00e7\u00f5es gerais do Sistema Confea\/Crea e M\u00fatua. Originalmente prevista para 3 de junho e posteriormente adiada para 15 de julho,\u00a0<a href=\"https:\/\/www.confea.org.br\/eleicoes-do-sistema-confeacrea-e-mutua-sao-adiadas\" target=\"_blank\">a vota\u00e7\u00e3o havia sido suspensa<\/a>\u00a0por ordem liminar da justi\u00e7a.<\/p>\n<p>Conforme a decis\u00e3o plen\u00e1ria, a campanha eleitoral continua permitida a todos, desde 7 de mar\u00e7o at\u00e9 a data do processo de vota\u00e7\u00e3o, com a recomenda\u00e7\u00e3o de que sejam observadas as orienta\u00e7\u00f5es das autoridades competentes quanto \u00e0s medidas de prote\u00e7\u00e3o para enfrentamento da emerg\u00eancia de sa\u00fade p\u00fablica de import\u00e2ncia internacional decorrente do coronav\u00edrus (SARS-COV-2), em especial evitando-se aglomera\u00e7\u00f5es. As desincompatibiliza\u00e7\u00f5es j\u00e1 efetivadas ser\u00e3o automaticamente prorrogadas, independente de solicita\u00e7\u00e3o do(a) interessado(a).<\/p>\n<p><strong>Confira como fica o novo calend\u00e1rio eleitoral:<\/strong><\/p>\n<table border=\"1\" cellspacing=\"1\" cellpadding=\"1\">\n<tbody>\n<tr>\n<td>A\u00e7\u00e3o<\/td>\n<td>Data prevista anteriormente<\/td>\n<td>Nova data aprovada<\/td>\n<\/tr>\n<tr>\n<td>Data-limite para quita\u00e7\u00e3o de eventuais d\u00e9bitos pelos profissionais para que possam votar<\/td>\n<td>15\/6\/2020<\/td>\n<td>1\/9\/2020<\/td>\n<\/tr>\n<tr>\n<td>Vota\u00e7\u00e3o<\/td>\n<td>15\/7\/2020<\/td>\n<td>1\/10\/2020<\/td>\n<\/tr>\n<tr>\n<td>Data-limite para as Comiss\u00f5es Eleitorais Regionais encaminharem \u00e0 CEF, por meio eletr\u00f4nico, o mapa geral de apura\u00e7\u00e3o e a ata final da elei\u00e7\u00e3o<\/td>\n<td>20\/7\/2020<\/td>\n<td>5\/10\/2020<\/td>\n<\/tr>\n<tr>\n<td>Data-limite para a Comiss\u00e3o Eleitoral Federal consolidar os dados e informa\u00e7\u00f5es<\/td>\n<td>7\/8\/2020<\/td>\n<td>23\/10\/2020<\/td>\n<\/tr>\n<tr>\n<td>Data-limite para o Plen\u00e1rio do Confea homologar os resultados das Elei\u00e7\u00f5es 2020<\/td>\n<td>14\/8\/2020<\/td>\n<td>30\/10\/2020<\/td>\n<\/tr>\n<tr>\n<td>Divulga\u00e7\u00e3o do edital contendo os resultados homologados pelo Plen\u00e1rio do Confea<\/td>\n<td>17\/8\/2020<\/td>\n<td>3\/11\/2020<\/td>\n<\/tr>\n<\/tbody>\n<\/table>\n<p>&nbsp;<\/p>\n<p>No processo eleitoral de 2020, os profissionais eleger\u00e3o lideran\u00e7as para os cargos de presidentes do Confea e dos Creas e diretores gerais e administrativos das M\u00fatuas regionais. Os profissionais da Bahia, Maranh\u00e3o, Paran\u00e1, Rio Grande do Sul e Tocantins elegem, ainda, conselheiros federais representantes das modalidades de Industrial (BA), Engenharia El\u00e9trica (MA), Agronomia (PR e RS) e Engenharia Civil (TO).<\/p>\n<p><strong>Estande no Conest<\/strong><\/p>\n<p>Tamb\u00e9m foi aprovada a participa\u00e7\u00e3o do Confea no 22\u00ba Congresso Nacional de Engenharia de Seguran\u00e7a do Trabalho (Conest), que ser\u00e1 realizado de 04 a 06 de novembro de 2020, no Centro de Eventos do Pantanal, em Cuiab\u00e1 (MT). O Confea ter\u00e1 um estande para divulgar o trabalho realizado pelo Sistema, considerando a abrang\u00eancia internacional com participa\u00e7\u00e3o de congressistas e palestrantes da Espanha, Portugal, Cabo Verde, Angola e outros. Ficou acertado ainda que caso n\u00e3o haja condi\u00e7\u00f5es sanit\u00e1rias para realiza\u00e7\u00e3o do evento, por conta da pandemia, a organiza\u00e7\u00e3o dever\u00e1 avisar ao Federal. A loca\u00e7\u00e3o de\u00a0<a href=\"https:\/\/www.confea.org.br\/comunicacao\/divulgacao-da-marca\/apoio\" target=\"_blank\">estande<\/a>\u00a0est\u00e1 regulamentada\u00a0pela\u00a0<a href=\"http:\/\/normativos.confea.org.br\/ementas\/visualiza.asp?idEmenta=68310&amp;idTiposEmentas=6&amp;Numero=1502&amp;AnoIni=&amp;AnoFim=&amp;PalavraChave=&amp;buscarem=conteudo&amp;vigente=\" target=\"_blank\">Decis\u00e3o\u00a0Plen\u00e1ria\u00a0n\u00ba 1502\/2019<\/a>.<\/p>\n<p>&nbsp;<\/p>\n<p><strong>Beatriz Craveiro e Fernanda Pimentel<br \/>\nEquipe de Comunica\u00e7\u00e3o do Confea<\/strong><\/p>\n","protected":false},"excerpt":{"rendered":"<p>Reunidos virtualmente em\u00a0Sess\u00e3o Plen\u00e1ria\u00a0n\u00ba 1538, os conselheiros federais de Engenharia e Agronomia aprovaram, na\u00a0sexta-feira (24\/7), delibera\u00e7\u00e3o da Comiss\u00e3o Eleitoral Federal (CEF) que propunha o dia\u00a01\u00ba de outubro de 2020\u00a0para a realiza\u00e7\u00e3o das elei\u00e7\u00f5es gerais do Sistema Confea\/Crea e M\u00fatua. Originalmente prevista para 3 de junho e posteriormente adiada para 15 de julho,\u00a0a vota\u00e7\u00e3o havia sido suspensa\u00a0por ordem liminar da justi\u00e7a. Conforme a decis\u00e3o plen\u00e1ria, a campanha eleitoral continua permitida a todos, desde 7 de mar\u00e7o at\u00e9 a data do processo de vota\u00e7\u00e3o, com a recomenda\u00e7\u00e3o de que sejam observadas as orienta\u00e7\u00f5es das autoridades competentes quanto \u00e0s medidas de prote\u00e7\u00e3o para [&hellip;]<\/p>\n","protected":false},"author":2,"featured_media":16983,"comment_status":"open","ping_status":"open","sticky":false,"template":"","format":"standard","meta":{"_acf_changed":false,"footnotes":""},"categories":[9],"tags":[],"class_list":["post-17541","post","type-post","status-publish","format-standard","has-post-thumbnail","hentry","category-noticias"],"acf":[],"_links":{"self":[{"href":"https:\/\/creapb.org.br\/site\/wp-json\/wp\/v2\/posts\/17541","targetHints":{"allow":["GET"]}}],"collection":[{"href":"https:\/\/creapb.org.br\/site\/wp-json\/wp\/v2\/posts"}],"about":[{"href":"https:\/\/creapb.org.br\/site\/wp-json\/wp\/v2\/types\/post"}],"author":[{"embeddable":true,"href":"https:\/\/creapb.org.br\/site\/wp-json\/wp\/v2\/users\/2"}],"replies":[{"embeddable":true,"href":"https:\/\/creapb.org.br\/site\/wp-json\/wp\/v2\/comments?post=17541"}],"version-history":[{"count":4,"href":"https:\/\/creapb.org.br\/site\/wp-json\/wp\/v2\/posts\/17541\/revisions"}],"predecessor-version":[{"id":17545,"href":"https:\/\/creapb.org.br\/site\/wp-json\/wp\/v2\/posts\/17541\/revisions\/17545"}],"wp:featuredmedia":[{"embeddable":true,"href":"https:\/\/creapb.org.br\/site\/wp-json\/wp\/v2\/media\/16983"}],"wp:attachment":[{"href":"https:\/\/creapb.org.br\/site\/wp-json\/wp\/v2\/media?parent=17541"}],"wp:term":[{"taxonomy":"category","embeddable":true,"href":"https:\/\/creapb.org.br\/site\/wp-json\/wp\/v2\/categories?post=17541"},{"taxonomy":"post_tag","embeddable":true,"href":"https:\/\/creapb.org.br\/site\/wp-json\/wp\/v2\/tags?post=17541"}],"curies":[{"name":"wp","href":"https:\/\/api.w.org\/{rel}","templated":true}]}}