{"id":17591,"date":"2020-08-14T10:48:32","date_gmt":"2020-08-14T13:48:32","guid":{"rendered":"http:\/\/creapb.org.br\/?p=17591"},"modified":"2020-08-14T10:58:17","modified_gmt":"2020-08-14T13:58:17","slug":"definido-o-periodo-da-eleicao-para-diretores-financeiros-das-regionais-da-mutua","status":"publish","type":"post","link":"https:\/\/creapb.org.br\/site\/definido-o-periodo-da-eleicao-para-diretores-financeiros-das-regionais-da-mutua\/","title":{"rendered":"Definido o per\u00edodo da elei\u00e7\u00e3o para diretores financeiros das Regionais da M\u00fatua"},"content":{"rendered":"<p data-wahfont=\"18\">Plen\u00e1rio do Confea esteve reunido na \u00faltima sexta-feira, quando aprovou o calend\u00e1rio<\/p>\n<p data-wahfont=\"18\">A escolha dos diretores financeiros das 27 Regionais da M\u00fatua ser\u00e1 entre 19 de novembro e 18 de dezembro. O per\u00edodo foi proposto pela Comiss\u00e3o Eleitoral Federal e aprovado pelos conselheiros federais durante Sess\u00e3o Plen\u00e1ria Extraordin\u00e1ria realizada na \u00faltima sexta-feira (31).<\/p>\n<p data-wahfont=\"18\">S\u00e3o os conselheiros regionais dos Creas que elegem o ocupante do cargo de diretor financeiro da M\u00fatua em cada estado, durante Sess\u00e3o Plen\u00e1ria do Conselho Regional de Engenharia e Agronomia.<\/p>\n<p data-wahfont=\"18\"><strong>Confira o calend\u00e1rio:<\/strong><\/p>\n<div class=\"table-wrapper\">\n<table width=\"0\">\n<tbody>\n<tr>\n<td><strong>3\/agosto<\/strong><\/td>\n<td>Divulga\u00e7\u00e3o do Edital de Convoca\u00e7\u00e3o das Elei\u00e7\u00f5es<\/td>\n<\/tr>\n<tr>\n<td><strong>19\/agosto<\/strong><\/p>\n<p>&nbsp;<\/td>\n<td>\u00daltimo dia para desincompatibiliza\u00e7\u00e3o dos pretensos candidatos detentores de cargo, emprego ou fun\u00e7\u00e3o, remunerada ou n\u00e3o,\u00a0 \u00a0no Confea, no Crea ou na M\u00fatua e dirigentes, administradores, superintendentes, presidentes ou membros de diretoria de\u00a0 \u00a0entidades de classe registradas e homologadas no Sistema Confea\/Crea<\/td>\n<\/tr>\n<tr>\n<td><strong>21\/agosto<\/strong><\/td>\n<td>\u00daltimo dia para apresenta\u00e7\u00e3o do requerimento de registro de candidatura<\/td>\n<\/tr>\n<tr>\n<td><strong>22\/agosto<\/strong><\/td>\n<td>In\u00edcio da campanha eleitoral<\/p>\n<p>&nbsp;<\/td>\n<\/tr>\n<\/tbody>\n<\/table>\n<\/div>\n<div class=\"table-wrapper\">\n<table width=\"0\">\n<tbody>\n<tr>\n<td><strong>24\/agosto<\/strong><\/td>\n<td>&nbsp;<\/p>\n<p>Data em que as Comiss\u00f5es Eleitorais verificar\u00e3o junto ao banco de dados a situa\u00e7\u00e3o de cada candidato com rela\u00e7\u00e3o a eventuais d\u00e9bitos perante o Sistema Confea\/Crea e infra\u00e7\u00f5es ao C\u00f3digo de \u00c9tica Profissional com decis\u00e3o definitiva nos \u00faltimos cinco anos<\/p>\n<p>&nbsp;<\/td>\n<\/tr>\n<tr>\n<td><strong>24\/agosto<\/strong><\/td>\n<td>&nbsp;<\/p>\n<p>Data em que as Comiss\u00f5es Eleitorais consultar\u00e3o a M\u00fatua acerca da situa\u00e7\u00e3o do candidato com rela\u00e7\u00e3o a eventuais d\u00e9bitos perante a M\u00fatua e tempo de inscri\u00e7\u00e3o como s\u00f3cio contribuinte<\/p>\n<p>&nbsp;<\/td>\n<\/tr>\n<tr>\n<td><strong>25\/agosto<\/strong><\/td>\n<td>&nbsp;<\/p>\n<p>Data em que as Comiss\u00f5es Eleitorais comunicar\u00e3o aos candidatos acerca de eventuais documentos faltantes que devem instruir o requerimento de registro de candidatura<\/p>\n<p>&nbsp;<\/td>\n<\/tr>\n<tr>\n<td><strong>28\/agosto<\/strong><\/td>\n<td>&nbsp;<\/p>\n<p>\u00daltimo dia para os candidatos apresentarem, em complementa\u00e7\u00e3o, eventuais documentos faltantes que devem instruir o requerimento de registro de candidatura<\/p>\n<p>&nbsp;<\/td>\n<\/tr>\n<tr>\n<td><strong>31\/agosto<\/strong><\/td>\n<td>Publica\u00e7\u00e3o de edital contendo a rela\u00e7\u00e3o de todos os requerimentos de registro de candidatura apresentados<\/p>\n<p>&nbsp;<\/td>\n<\/tr>\n<tr>\n<td><strong>8\/setembro<\/strong><\/td>\n<td>&nbsp;<\/p>\n<p>\u00daltimo dia para impugna\u00e7\u00e3o contra requerimento de registro de candidatura, por qualquer profissional com registro ativo no Sistema Confea\/Crea<\/p>\n<p>&nbsp;<\/td>\n<\/tr>\n<\/tbody>\n<\/table>\n<\/div>\n<div class=\"table-wrapper\">\n<table width=\"0\">\n<tbody>\n<tr>\n<td><strong>9\/setembro<\/strong><\/td>\n<td>Publica\u00e7\u00e3o de edital contendo a rela\u00e7\u00e3o de todas as impugna\u00e7\u00f5es apresentadas<\/p>\n<p>&nbsp;<\/td>\n<\/tr>\n<tr>\n<td><strong>14\/setembro<\/strong><\/td>\n<td>&nbsp;<\/p>\n<p>\u00daltimo dia para que os candidatos impugnados apresentem contesta\u00e7\u00e3o \u00e0 impugna\u00e7\u00e3o contra seu requerimento de registro de candidatura<\/p>\n<p>&nbsp;<\/td>\n<\/tr>\n<tr>\n<td><strong>18\/setembro<\/strong><\/td>\n<td>&nbsp;<\/p>\n<p>Data-limite para as Comiss\u00f5es Eleitorais julgarem os requerimentos de registro de candidatura<\/p>\n<p>&nbsp;<\/td>\n<\/tr>\n<tr>\n<td><strong>21\/setembro<\/strong><\/td>\n<td>&nbsp;<\/p>\n<p>Publica\u00e7\u00e3o de edital contendo os extratos das decis\u00f5es acerca dos registros de candidatura deferidos ou indeferidos<\/p>\n<p>&nbsp;<\/td>\n<\/tr>\n<tr>\n<td><strong>28\/setembro<\/strong><\/td>\n<td>&nbsp;<\/p>\n<p>\u00daltimo dia para interposi\u00e7\u00e3o de recurso pelo interessado<\/p>\n<p>&nbsp;<\/td>\n<\/tr>\n<tr>\n<td><strong>29\/setembro<\/strong><\/td>\n<td>&nbsp;<\/p>\n<p>Data de publica\u00e7\u00e3o de edital contendo a rela\u00e7\u00e3o de todos os recursos interpostos<\/p>\n<p>&nbsp;<\/td>\n<\/tr>\n<tr>\n<td><strong>5\/outubro<\/strong><\/td>\n<td>&nbsp;<\/p>\n<p>\u00daltimo dia para os recorridos apresentarem contrarraz\u00f5es aos recursos interpostos<\/p>\n<p>&nbsp;<\/td>\n<\/tr>\n<\/tbody>\n<\/table>\n<\/div>\n<div class=\"table-wrapper\">\n<table width=\"0\">\n<tbody>\n<tr>\n<td><strong>6\/outubro<\/strong><\/td>\n<td>&nbsp;<\/p>\n<p>Data-limite para a Comiss\u00e3o Eleitoral Regional encaminhar \u00e0 CEF, em meio digital, o recurso e as contrarraz\u00f5es<\/p>\n<p>&nbsp;<\/td>\n<\/tr>\n<tr>\n<td><strong>16\/outubro<\/strong><\/td>\n<td>&nbsp;<\/p>\n<p>&nbsp;<\/p>\n<p>Data-limite para a Comiss\u00e3o Eleitoral Federal julgar os recursos interpostos contra as decis\u00f5es das Comiss\u00f5es Eleitorais Regionais<\/p>\n<p>&nbsp;<\/td>\n<\/tr>\n<tr>\n<td><strong>19\/outubro<\/strong><\/td>\n<td>&nbsp;<\/p>\n<p>Publica\u00e7\u00e3o de edital contendo os extratos das decis\u00f5es da Comiss\u00e3o Eleitoral Federal<\/p>\n<p>&nbsp;<\/td>\n<\/tr>\n<tr>\n<td><strong>26\/outubro<\/strong><\/td>\n<td>&nbsp;<\/p>\n<p>\u00daltimo dia para interposi\u00e7\u00e3o de recurso pelo interessado<\/p>\n<p>&nbsp;<\/td>\n<\/tr>\n<tr>\n<td><strong>27\/outubro<\/strong><\/td>\n<td>&nbsp;<\/p>\n<p>Publica\u00e7\u00e3o de edital contendo a rela\u00e7\u00e3o de todos os recursos interpostos<\/p>\n<p>&nbsp;<\/td>\n<\/tr>\n<tr>\n<td><strong>3\/novembro<\/strong><\/td>\n<td>\u00daltimo dia para os recorridos apresentarem contrarraz\u00f5es aos recursos interpostos<\/p>\n<p>&nbsp;<\/td>\n<\/tr>\n<tr>\n<td><strong>4\/novembro<\/strong><\/td>\n<td>&nbsp;<\/p>\n<p>Publica\u00e7\u00e3o de edital contendo a rela\u00e7\u00e3o de todos os recursos que ser\u00e3o apreciados pelo Plen\u00e1rio do Confea em \u00faltima inst\u00e2ncia administrativa<\/p>\n<p>&nbsp;<\/td>\n<\/tr>\n<\/tbody>\n<\/table>\n<\/div>\n<div class=\"table-wrapper\">\n<table width=\"0\">\n<tbody>\n<tr>\n<td><strong>11\/novembro<\/strong><\/td>\n<td>Data-limite para julgamento dos recursos pelo Plen\u00e1rio do Confea em \u00faltima inst\u00e2ncia administrativa<\/p>\n<p>&nbsp;<\/td>\n<\/tr>\n<tr>\n<td><strong>12\/novembro<\/strong><\/td>\n<td>&nbsp;<\/p>\n<p>Data de publica\u00e7\u00e3o de edital contendo os extratos das decis\u00f5es proferidas e a rela\u00e7\u00e3o completa dos registros de candidatura deferidos e indeferidos<\/p>\n<p>&nbsp;<\/td>\n<\/tr>\n<tr>\n<td><strong>13\/novembro<\/strong><\/td>\n<td>Data-limite para as Comiss\u00f5es Eleitorais Regionais definirem a data das Elei\u00e7\u00f5es<\/p>\n<p>&nbsp;<\/td>\n<\/tr>\n<tr>\n<td><strong>19 de novembro a 18 de dezembro<\/strong><\/td>\n<td>Per\u00edodo para realiza\u00e7\u00e3o da elei\u00e7\u00e3o<\/p>\n<p>&nbsp;<\/td>\n<\/tr>\n<tr>\n<td><strong>21\/dezembro<\/strong><\/td>\n<td>&nbsp;<\/p>\n<p>Data-limite para as Comiss\u00f5es Eleitorais Regionais encaminharem \u00e0 CEF, por meio eletr\u00f4nico, o mapa geral de apura\u00e7\u00e3o e a ata final da elei\u00e7\u00e3o<\/p>\n<p>&nbsp;<\/td>\n<\/tr>\n<tr>\n<td><strong>22\/dezembro<\/strong><\/td>\n<td>Data-limite para a Comiss\u00e3o Eleitoral Federal consolidar os dados e informa\u00e7\u00f5es<\/p>\n<p>&nbsp;<\/td>\n<\/tr>\n<tr>\n<td><strong>24\/dezembro<\/strong><\/td>\n<td>Data-limite para o Plen\u00e1rio do Confea homologar os resultados das Elei\u00e7\u00f5es 2020<\/p>\n<p>&nbsp;<\/td>\n<\/tr>\n<\/tbody>\n<\/table>\n<\/div>\n<div class=\"table-wrapper\">\n<table width=\"0\">\n<tbody>\n<tr>\n<td><strong>28\/dezembro<\/strong><\/td>\n<td>&nbsp;<\/p>\n<p>Divulga\u00e7\u00e3o do edital contendo os resultados homologados<\/p>\n<p>&nbsp;<\/td>\n<\/tr>\n<\/tbody>\n<\/table>\n<\/div>\n<p>&nbsp;<\/p>\n<p><em>*Assessoria de Comunica\u00e7\u00e3o do CONFEA<\/em><\/p>\n","protected":false},"excerpt":{"rendered":"<p>Plen\u00e1rio do Confea esteve reunido na \u00faltima sexta-feira, quando aprovou o calend\u00e1rio A escolha dos diretores financeiros das 27 Regionais da M\u00fatua ser\u00e1 entre 19 de novembro e 18 de dezembro. O per\u00edodo foi proposto pela Comiss\u00e3o Eleitoral Federal e aprovado pelos conselheiros federais durante Sess\u00e3o Plen\u00e1ria Extraordin\u00e1ria realizada na \u00faltima sexta-feira (31). S\u00e3o os conselheiros regionais dos Creas que elegem o ocupante do cargo de diretor financeiro da M\u00fatua em cada estado, durante Sess\u00e3o Plen\u00e1ria do Conselho Regional de Engenharia e Agronomia. Confira o calend\u00e1rio: 3\/agosto Divulga\u00e7\u00e3o do Edital de Convoca\u00e7\u00e3o das Elei\u00e7\u00f5es 19\/agosto &nbsp; \u00daltimo dia para desincompatibiliza\u00e7\u00e3o [&hellip;]<\/p>\n","protected":false},"author":2,"featured_media":16970,"comment_status":"open","ping_status":"open","sticky":false,"template":"","format":"standard","meta":{"_acf_changed":false,"footnotes":""},"categories":[9],"tags":[],"class_list":["post-17591","post","type-post","status-publish","format-standard","has-post-thumbnail","hentry","category-noticias"],"acf":[],"_links":{"self":[{"href":"https:\/\/creapb.org.br\/site\/wp-json\/wp\/v2\/posts\/17591","targetHints":{"allow":["GET"]}}],"collection":[{"href":"https:\/\/creapb.org.br\/site\/wp-json\/wp\/v2\/posts"}],"about":[{"href":"https:\/\/creapb.org.br\/site\/wp-json\/wp\/v2\/types\/post"}],"author":[{"embeddable":true,"href":"https:\/\/creapb.org.br\/site\/wp-json\/wp\/v2\/users\/2"}],"replies":[{"embeddable":true,"href":"https:\/\/creapb.org.br\/site\/wp-json\/wp\/v2\/comments?post=17591"}],"version-history":[{"count":1,"href":"https:\/\/creapb.org.br\/site\/wp-json\/wp\/v2\/posts\/17591\/revisions"}],"predecessor-version":[{"id":17592,"href":"https:\/\/creapb.org.br\/site\/wp-json\/wp\/v2\/posts\/17591\/revisions\/17592"}],"wp:featuredmedia":[{"embeddable":true,"href":"https:\/\/creapb.org.br\/site\/wp-json\/wp\/v2\/media\/16970"}],"wp:attachment":[{"href":"https:\/\/creapb.org.br\/site\/wp-json\/wp\/v2\/media?parent=17591"}],"wp:term":[{"taxonomy":"category","embeddable":true,"href":"https:\/\/creapb.org.br\/site\/wp-json\/wp\/v2\/categories?post=17591"},{"taxonomy":"post_tag","embeddable":true,"href":"https:\/\/creapb.org.br\/site\/wp-json\/wp\/v2\/tags?post=17591"}],"curies":[{"name":"wp","href":"https:\/\/api.w.org\/{rel}","templated":true}]}}