{"id":17688,"date":"2020-10-05T13:13:22","date_gmt":"2020-10-05T16:13:22","guid":{"rendered":"http:\/\/creapb.org.br\/?p=17688"},"modified":"2020-10-14T11:14:17","modified_gmt":"2020-10-14T14:14:17","slug":"crea-pb-lanca-campanha-sobre-seus-canais-de-atendimento","status":"publish","type":"post","link":"https:\/\/creapb.org.br\/site\/crea-pb-lanca-campanha-sobre-seus-canais-de-atendimento\/","title":{"rendered":"Crea-PB lan\u00e7a campanha sobre seus canais de atendimento"},"content":{"rendered":"<p>&nbsp;<\/p>\n<p><img fetchpriority=\"high\" decoding=\"async\" class=\"aligncenter size-full wp-image-17701\" src=\"https:\/\/creapb.org.br\/site\/wp-content\/uploads\/2020\/10\/2.png\" alt=\"\" width=\"728\" height=\"90\" srcset=\"https:\/\/creapb.org.br\/site\/wp-content\/uploads\/2020\/10\/2.png 728w, https:\/\/creapb.org.br\/site\/wp-content\/uploads\/2020\/10\/2-300x37.png 300w\" sizes=\"(max-width: 728px) 100vw, 728px\" \/><\/p>\n<p>A partir desta segunda-feira (5), o Crea-PB inicia a veicula\u00e7\u00e3o de nova campanha sobre seus canais de atendimento.\u00a0O objetivo \u00e9 propagar para os profissionais e empresas registradas, al\u00e9m de toda a sociedade, a possibilidade de ter acesso a todos os servi\u00e7os do Conselho de maneira online, em qualquer hora ou dia e partir de qualquer localidade. Isso atrav\u00e9s dos seus canais de atendimento via site, redes sociais, telefonia eletr\u00f4nica e aplicativo para smartphone.\u00a0\u00a0A campanha est\u00e1 sendo veiculada na televis\u00e3o, portais de not\u00edcias e em r\u00e1dios de abrang\u00eancia estadual, al\u00e9m das redes sociais do Crea-PB.<\/p>\n<p>De acordo com o presidente do Conselho, Antonio Carlos de Arag\u00e3o a multiplicidade de canais de atendimento atende \u00e0 necessidade de uma servi\u00e7o p\u00fablico cada vez mais c\u00e9lere e eficiente. Arag\u00e3o lembra que o Crea-PB foi o primeiro do Brasil a informatizar todos os seus servi\u00e7os, atrav\u00e9s da implanta\u00e7\u00e3o do SITAC-Sistema corporativo do Crea-PB. &#8220;Come\u00e7amos, de forma pioneira, fazendo com que os profissionais e as empresas pudessem acessar os servi\u00e7os remotamente atrav\u00e9s do SITAC. Implantamos uma telefonia eletr\u00f4nica para aprimorar o atendimento atrav\u00e9s desse canal, que ainda\u00a0passar\u00e1 por um processo maior de moderniza\u00e7\u00e3o, atrav\u00e9s da intelig\u00eancia artificial&#8221;, explica o presidente, que tamb\u00e9m destaca o uso do aplicativo, n\u00e3o s\u00f3 para empresas e profissionais, mas toda a sociedade.<\/p>\n<p><strong>App Crea-PB\u00a0 para smartphone<\/strong><\/p>\n<p>&#8220;O aplicativo\u00a0possibilita que o cidad\u00e3o que queira fazer a den\u00fancia de uma obra ou servi\u00e7o de Engenharia, o fa\u00e7a com toda praticidade e transpar\u00eancia&#8221;, comenta. Dispon\u00edvel para iOS e Android, o App do Crea-PB possui geolocaliza\u00e7\u00e3o para que a den\u00fancia seja feita mais rapida e precisamente. Tamb\u00e9m est\u00e1 dispon\u00edvel atrav\u00e9s dele o acesso \u00e0 Ouvidoria do Conselho, que recebe todo tipo de manifesta\u00e7\u00e3o, como cr\u00edticas, sugest\u00f5es e demandas referentes \u00e0 Lei de Acesso \u00e0 Informa\u00e7\u00e3o. &#8220;Nosso objetivo \u00e9 ampliar ainda mais todas essas ferramentas para que o Crea-PB esteja cada vez mais acess\u00edvel, cumprindo o seu papel efetivo diante dos profissionais e empresas da \u00e1rea tecnol\u00f3gica e diante de toda a sociedade, que conta conosco na salvaguarda da incolumidade p\u00fablica&#8221;, afirma Antonio Carlos de Arag\u00e3o.<\/p>\n<p>Confira o VT da campanha:<\/p>\n<figure class=\"wp-block-embed wp-block-embed-youtube is-type-video is-provider-youtube epyt-figure\"><div class=\"wp-block-embed__wrapper\"><div class=\"epyt-video-wrapper\"><iframe  id=\"_ytid_99714\"  width=\"800\" height=\"450\"  data-origwidth=\"800\" data-origheight=\"450\" src=\"https:\/\/www.youtube.com\/embed\/TqQ_37vrKx8?enablejsapi=1&autoplay=0&cc_load_policy=0&cc_lang_pref=&iv_load_policy=1&loop=0&rel=0&fs=1&playsinline=0&autohide=2&theme=dark&color=red&controls=1&disablekb=0&\" class=\"__youtube_prefs__  no-lazyload\" title=\"YouTube player\"  allow=\"fullscreen; accelerometer; autoplay; clipboard-write; encrypted-media; gyroscope; picture-in-picture; web-share\" referrerpolicy=\"strict-origin-when-cross-origin\" allowfullscreen data-no-lazy=\"1\" data-skipgform_ajax_framebjll=\"\"><\/iframe><\/div><\/div><\/figure>\n<p>&nbsp;<\/p>\n<p>&nbsp;<\/p>\n<p><em>Jorn. Grazielle Uch\u00f4a\/Assessoria de Comunica\u00e7\u00e3o do Crea-PB.\u00a0<\/em><\/p>\n<p>&nbsp;<\/p>\n","protected":false},"excerpt":{"rendered":"<p>&nbsp; A partir desta segunda-feira (5), o Crea-PB inicia a veicula\u00e7\u00e3o de nova campanha sobre seus canais de atendimento.\u00a0O objetivo \u00e9 propagar para os profissionais e empresas registradas, al\u00e9m de toda a sociedade, a possibilidade de ter acesso a todos os servi\u00e7os do Conselho de maneira online, em qualquer hora ou dia e partir de qualquer localidade. Isso atrav\u00e9s dos seus canais de atendimento via site, redes sociais, telefonia eletr\u00f4nica e aplicativo para smartphone.\u00a0\u00a0A campanha est\u00e1 sendo veiculada na televis\u00e3o, portais de not\u00edcias e em r\u00e1dios de abrang\u00eancia estadual, al\u00e9m das redes sociais do Crea-PB. De acordo com o presidente [&hellip;]<\/p>\n","protected":false},"author":2,"featured_media":17690,"comment_status":"open","ping_status":"open","sticky":false,"template":"","format":"standard","meta":{"_acf_changed":false,"footnotes":""},"categories":[9],"tags":[],"class_list":["post-17688","post","type-post","status-publish","format-standard","has-post-thumbnail","hentry","category-noticias"],"acf":[],"_links":{"self":[{"href":"https:\/\/creapb.org.br\/site\/wp-json\/wp\/v2\/posts\/17688","targetHints":{"allow":["GET"]}}],"collection":[{"href":"https:\/\/creapb.org.br\/site\/wp-json\/wp\/v2\/posts"}],"about":[{"href":"https:\/\/creapb.org.br\/site\/wp-json\/wp\/v2\/types\/post"}],"author":[{"embeddable":true,"href":"https:\/\/creapb.org.br\/site\/wp-json\/wp\/v2\/users\/2"}],"replies":[{"embeddable":true,"href":"https:\/\/creapb.org.br\/site\/wp-json\/wp\/v2\/comments?post=17688"}],"version-history":[{"count":6,"href":"https:\/\/creapb.org.br\/site\/wp-json\/wp\/v2\/posts\/17688\/revisions"}],"predecessor-version":[{"id":17702,"href":"https:\/\/creapb.org.br\/site\/wp-json\/wp\/v2\/posts\/17688\/revisions\/17702"}],"wp:featuredmedia":[{"embeddable":true,"href":"https:\/\/creapb.org.br\/site\/wp-json\/wp\/v2\/media\/17690"}],"wp:attachment":[{"href":"https:\/\/creapb.org.br\/site\/wp-json\/wp\/v2\/media?parent=17688"}],"wp:term":[{"taxonomy":"category","embeddable":true,"href":"https:\/\/creapb.org.br\/site\/wp-json\/wp\/v2\/categories?post=17688"},{"taxonomy":"post_tag","embeddable":true,"href":"https:\/\/creapb.org.br\/site\/wp-json\/wp\/v2\/tags?post=17688"}],"curies":[{"name":"wp","href":"https:\/\/api.w.org\/{rel}","templated":true}]}}