{"id":17713,"date":"2020-10-20T12:02:01","date_gmt":"2020-10-20T15:02:01","guid":{"rendered":"http:\/\/creapb.org.br\/?p=17713"},"modified":"2020-10-20T12:02:50","modified_gmt":"2020-10-20T15:02:50","slug":"conselheiros-do-copam-se-reunem-para-debater-sobre-a-norma-administrativa-101","status":"publish","type":"post","link":"https:\/\/creapb.org.br\/site\/conselheiros-do-copam-se-reunem-para-debater-sobre-a-norma-administrativa-101\/","title":{"rendered":"Conselheiros do COPAM se re\u00fanem para debater sobre a Norma Administrativa 101"},"content":{"rendered":"<p>Em reuni\u00e3o na manh\u00e3 dessa segunda-feira(19), no plen\u00e1rio do Crea-PB, em Jo\u00e3o Pessoa, o Conselho de Prote\u00e7\u00e3o Ambiental &#8211; COPAM fez uma revis\u00e3o da Norma Administrativa 101, que trata dos crit\u00e9rios de cobran\u00e7as das atividades licenciadas. O assessor institucional do Crea, Corjesu Paiva, representou o Conselho.<\/p>\n<p>Tamb\u00e9m estiveram presentes na reuni\u00e3o Maria do Carmo &#8211; Conselheira do Crea-PB, JulioTorres &#8211; Conselheiro FIEP, Emanuel Gon\u00e7alves &#8211; Conselheiro do CIEP, Madalena Germaqno &#8211; Conselheira da SEDAP e Artur Medeiros &#8211; Conselheiro do IPHAEP.<\/p>\n<p><img fetchpriority=\"high\" decoding=\"async\" class=\"aligncenter wp-image-17714\" src=\"https:\/\/creapb.org.br\/site\/wp-content\/uploads\/2020\/10\/787ba1dd-8d1d-409a-bc0e-fcde5e6099e3-1024x682.jpg\" alt=\"\" width=\"372\" height=\"248\" srcset=\"https:\/\/creapb.org.br\/site\/wp-content\/uploads\/2020\/10\/787ba1dd-8d1d-409a-bc0e-fcde5e6099e3-1024x682.jpg 1024w, https:\/\/creapb.org.br\/site\/wp-content\/uploads\/2020\/10\/787ba1dd-8d1d-409a-bc0e-fcde5e6099e3-300x200.jpg 300w, https:\/\/creapb.org.br\/site\/wp-content\/uploads\/2020\/10\/787ba1dd-8d1d-409a-bc0e-fcde5e6099e3-768x512.jpg 768w, https:\/\/creapb.org.br\/site\/wp-content\/uploads\/2020\/10\/787ba1dd-8d1d-409a-bc0e-fcde5e6099e3.jpg 1280w\" sizes=\"(max-width: 372px) 100vw, 372px\" \/><\/p>\n<p>Na ocasi\u00e3o, os conselheiros da COPAM debateram sobre as novas licen\u00e7as apresentadas no documento enviado pela SUDEMA. &#8220;Estamos fazendo uma revis\u00e3o geral dessa Norma, com a proposta que a SUDEMA levou para o Conselho. Essa equipe que est\u00e1 na revis\u00e3o desse documento constatou que a proposta precisa de algumas altera\u00e7\u00f5es, e n\u00f3s vamos apresentar \u00e0 SUDEMA aquelas sugest\u00f5es que n\u00f3s conclu\u00edmos que s\u00e3o necess\u00e1rias para melhorar a proposta apresentada&#8221;, disse a representante da SEDAP, Madalena Germano.<\/p>\n<p>Os conselheiros debateram, ainda, sobre as normas e crit\u00e9rios de cobran\u00e7as das taxas, a partir das propostas da nova Norma, de maneira que ocorra uma desburocratiza\u00e7\u00e3o sobre as pequenas empresas, favorecendo o desenvolvimento econ\u00f4mico e sustent\u00e1vel do estado da Para\u00edba.<\/p>\n<p>O conselheiro Cojesu Paiva, representante do Crea-PB, atestou que a propositura cont\u00e9m uma s\u00e9rie de procedimentos a serem adotados, inclusive com propostas de altera\u00e7\u00f5es nas cobran\u00e7as de taxas. &#8220;Uma vez que se lida com dinheiro, \u00e9 necess\u00e1rio ter bastante cuidado, visto que estamos discutindo uma norma para atribuir valores. Como o Crea-PB possui cinco conselheiros representantes no COPAM, agendamos essa reuni\u00e3o para ter uma preliminar sobre o assunto abordado&#8221;, afirmou.<\/p>\n<p>Mais uma reuni\u00e3o foi agendada entre os Conselheiros do COPAM para acontecer no dia 29 de outubro.<\/p>\n<p>&nbsp;<\/p>\n<p><em>*Raniery Monteiro (Estagi\u00e1rio da Assessoria\u00a0de\u00a0Comunica\u00e7\u00e3o do Crea-PB sob a supervis\u00e3o da Jorn. Grazielle Uch\u00f4a)<\/em><\/p>\n","protected":false},"excerpt":{"rendered":"<p>Em reuni\u00e3o na manh\u00e3 dessa segunda-feira(19), no plen\u00e1rio do Crea-PB, em Jo\u00e3o Pessoa, o Conselho de Prote\u00e7\u00e3o Ambiental &#8211; COPAM fez uma revis\u00e3o da Norma Administrativa 101, que trata dos crit\u00e9rios de cobran\u00e7as das atividades licenciadas. O assessor institucional do Crea, Corjesu Paiva, representou o Conselho. Tamb\u00e9m estiveram presentes na reuni\u00e3o Maria do Carmo &#8211; Conselheira do Crea-PB, JulioTorres &#8211; Conselheiro FIEP, Emanuel Gon\u00e7alves &#8211; Conselheiro do CIEP, Madalena Germaqno &#8211; Conselheira da SEDAP e Artur Medeiros &#8211; Conselheiro do IPHAEP. Na ocasi\u00e3o, os conselheiros da COPAM debateram sobre as novas licen\u00e7as apresentadas no documento enviado pela SUDEMA. &#8220;Estamos fazendo [&hellip;]<\/p>\n","protected":false},"author":2,"featured_media":17714,"comment_status":"open","ping_status":"open","sticky":false,"template":"","format":"standard","meta":{"_acf_changed":false,"footnotes":""},"categories":[9],"tags":[],"class_list":["post-17713","post","type-post","status-publish","format-standard","has-post-thumbnail","hentry","category-noticias"],"acf":[],"_links":{"self":[{"href":"https:\/\/creapb.org.br\/site\/wp-json\/wp\/v2\/posts\/17713","targetHints":{"allow":["GET"]}}],"collection":[{"href":"https:\/\/creapb.org.br\/site\/wp-json\/wp\/v2\/posts"}],"about":[{"href":"https:\/\/creapb.org.br\/site\/wp-json\/wp\/v2\/types\/post"}],"author":[{"embeddable":true,"href":"https:\/\/creapb.org.br\/site\/wp-json\/wp\/v2\/users\/2"}],"replies":[{"embeddable":true,"href":"https:\/\/creapb.org.br\/site\/wp-json\/wp\/v2\/comments?post=17713"}],"version-history":[{"count":1,"href":"https:\/\/creapb.org.br\/site\/wp-json\/wp\/v2\/posts\/17713\/revisions"}],"predecessor-version":[{"id":17715,"href":"https:\/\/creapb.org.br\/site\/wp-json\/wp\/v2\/posts\/17713\/revisions\/17715"}],"wp:featuredmedia":[{"embeddable":true,"href":"https:\/\/creapb.org.br\/site\/wp-json\/wp\/v2\/media\/17714"}],"wp:attachment":[{"href":"https:\/\/creapb.org.br\/site\/wp-json\/wp\/v2\/media?parent=17713"}],"wp:term":[{"taxonomy":"category","embeddable":true,"href":"https:\/\/creapb.org.br\/site\/wp-json\/wp\/v2\/categories?post=17713"},{"taxonomy":"post_tag","embeddable":true,"href":"https:\/\/creapb.org.br\/site\/wp-json\/wp\/v2\/tags?post=17713"}],"curies":[{"name":"wp","href":"https:\/\/api.w.org\/{rel}","templated":true}]}}